{"id":26812,"date":"2025-04-23T11:43:32","date_gmt":"2025-04-23T14:43:32","guid":{"rendered":"https:\/\/imais.online\/portal\/?p=26812"},"modified":"2025-04-23T11:43:33","modified_gmt":"2025-04-23T14:43:33","slug":"eua-proibira-corantes-alimenticios-artificiais-antes-do-fim-de-2026","status":"publish","type":"post","link":"https:\/\/imais.online\/portal\/eua-proibira-corantes-alimenticios-artificiais-antes-do-fim-de-2026\/","title":{"rendered":"EUA proibir\u00e1 corantes aliment\u00edcios artificiais antes do fim de 2026"},"content":{"rendered":"<div class=\"imais-before-content-placement\" id=\"imais-1898793409\"><script async src=\"\/\/pagead2.googlesyndication.com\/pagead\/js\/adsbygoogle.js?client=ca-pub-8787528412751566\" crossorigin=\"anonymous\"><\/script><ins class=\"adsbygoogle\" style=\"display:block;\" data-ad-client=\"ca-pub-8787528412751566\" \ndata-ad-slot=\"\" \ndata-ad-format=\"auto\"><\/ins>\n<script> \n(adsbygoogle = window.adsbygoogle || []).push({}); \n<\/script>\n<\/div>\n<h2 class=\"wp-block-heading\">S\u00e3o utilizados em milhares de produtos aliment\u00edcios como doces, cereais, molhos e bebidas<\/h2>\n\n\n\n<p>O governo do presidente Donald Trump anunciou nesta ter\u00e7a-feira (22) sua inten\u00e7\u00e3o de proibir todos os corantes artificiais dos alimentos nos Estados Unidos daqui at\u00e9 o fim de 2026, uma medida apoiada por especialistas em sa\u00fade.<\/p>\n\n\n\n<p>A Administra\u00e7\u00e3o de Alimentos e Medicamentos (FDA, na sigla em ingl\u00eas) americana &#8220;suprime de fato todos os corantes aliment\u00edcios derivados do petr\u00f3leo nos Estados Unidos&#8221;, anunciou seu novo chefe, Marty Makary, em entrevista coletiva.<\/p>\n\n\n\n<p>No total, s\u00e3o oito corantes sint\u00e9ticos, todos eles derivados do petr\u00f3leo e que se suspeita que t\u00eam efeitos nocivos para a sa\u00fade. Ser\u00e3o proibidos progressivamente at\u00e9 o fim de 2026.<\/p>\n\n\n\n<blockquote class=\"wp-block-quote is-layout-flow wp-block-quote-is-layout-flow\">\n<p>&#8220;Nos \u00faltimos 50 anos, as crian\u00e7as americanas t\u00eam vivido cada vez mais em uma sopa t\u00f3xica de subst\u00e2ncias qu\u00edmicas artificiais&#8221;, declarou Makary um pouco antes, e citou estudos que vinculam esses aditivos com a hiperatividade, a diabetes e o c\u00e2ncer.<\/p>\n<\/blockquote>\n\n\n\n<p>O antecessor de Trump, o democrata Joe Biden, proibiu outro corante aliment\u00edcio artificial conhecido como vermelho &#8220;Red 3&#8221; na Am\u00e9rica do Norte e E127 na Europa. Sabe-se h\u00e1 mais de 30 anos que esse aditivo causa c\u00e2ncer nos animais.<\/p>\n\n\n\n<p>Entre os corantes afetados agora figuram o vermelho &#8220;Red 40&#8221; (E129 na Europa), e os amarelos &#8220;Yellow 5&#8221; (E102) e &#8220;Yellow 6&#8221; (E110), muito utilizados pela ind\u00fastria aliment\u00edcia, explicou \u00e0 AFP Peter Lurie, presidente da associa\u00e7\u00e3o de prote\u00e7\u00e3o do consumidor Center for Science in the Public Interest (CSPI).<\/p>\n\n\n\n<p>S\u00e3o utilizados em milhares de produtos aliment\u00edcios como doces, cereais, molhos e bebidas.<\/p>\n\n\n\n<blockquote class=\"wp-block-quote is-layout-flow wp-block-quote-is-layout-flow\">\n<p>&#8220;Nenhum deles t\u00eam valor nutricional&#8221;, explica Lurie. &#8220;Na realidade, s\u00f3 servem para enganar, para fazer com que os alimentos pare\u00e7am mais vermelhos, mais azuis, mais frutados ou mais atrativos que realmente s\u00e3o&#8221;. E isso com fins comerciais.<\/p>\n<\/blockquote>\n\n\n\n<p>Fonte: Folha de Pernambuco <\/p>\n","protected":false},"excerpt":{"rendered":"<p>S\u00e3o utilizados em milhares de produtos aliment\u00edcios como doces, cereais, molhos e bebidas O governo do presidente Donald Trump anunciou nesta ter\u00e7a-feira (22) sua inten\u00e7\u00e3o de proibir todos os corantes artificiais dos alimentos nos Estados Unidos daqui at\u00e9 o fim de 2026, uma medida apoiada por especialistas em sa\u00fade. A Administra\u00e7\u00e3o de Alimentos e Medicamentos [&hellip;]<\/p>\n","protected":false},"author":8,"featured_media":26813,"comment_status":"closed","ping_status":"open","sticky":false,"template":"","format":"standard","meta":{"rop_custom_images_group":[],"rop_custom_messages_group":[],"rop_publish_now":"initial","rop_publish_now_accounts":[],"rop_publish_now_history":[],"rop_publish_now_status":"pending","footnotes":""},"categories":[212],"tags":[],"class_list":["post-26812","post","type-post","status-publish","format-standard","has-post-thumbnail","hentry","category-internacional"],"amp_enabled":true,"_links":{"self":[{"href":"https:\/\/imais.online\/portal\/wp-json\/wp\/v2\/posts\/26812","targetHints":{"allow":["GET"]}}],"collection":[{"href":"https:\/\/imais.online\/portal\/wp-json\/wp\/v2\/posts"}],"about":[{"href":"https:\/\/imais.online\/portal\/wp-json\/wp\/v2\/types\/post"}],"author":[{"embeddable":true,"href":"https:\/\/imais.online\/portal\/wp-json\/wp\/v2\/users\/8"}],"replies":[{"embeddable":true,"href":"https:\/\/imais.online\/portal\/wp-json\/wp\/v2\/comments?post=26812"}],"version-history":[{"count":1,"href":"https:\/\/imais.online\/portal\/wp-json\/wp\/v2\/posts\/26812\/revisions"}],"predecessor-version":[{"id":26814,"href":"https:\/\/imais.online\/portal\/wp-json\/wp\/v2\/posts\/26812\/revisions\/26814"}],"wp:featuredmedia":[{"embeddable":true,"href":"https:\/\/imais.online\/portal\/wp-json\/wp\/v2\/media\/26813"}],"wp:attachment":[{"href":"https:\/\/imais.online\/portal\/wp-json\/wp\/v2\/media?parent=26812"}],"wp:term":[{"taxonomy":"category","embeddable":true,"href":"https:\/\/imais.online\/portal\/wp-json\/wp\/v2\/categories?post=26812"},{"taxonomy":"post_tag","embeddable":true,"href":"https:\/\/imais.online\/portal\/wp-json\/wp\/v2\/tags?post=26812"}],"curies":[{"name":"wp","href":"https:\/\/api.w.org\/{rel}","templated":true}]}}