{"id":26818,"date":"2025-04-23T11:50:35","date_gmt":"2025-04-23T14:50:35","guid":{"rendered":"https:\/\/imais.online\/portal\/?p=26818"},"modified":"2025-04-23T11:50:36","modified_gmt":"2025-04-23T14:50:36","slug":"funeral-publico-do-papa-tem-inicio-e-fila-de-espera-chega-a-8-horas","status":"publish","type":"post","link":"https:\/\/imais.online\/portal\/funeral-publico-do-papa-tem-inicio-e-fila-de-espera-chega-a-8-horas\/","title":{"rendered":"Funeral p\u00fablico do Papa tem in\u00edcio e fila de espera chega a 8 horas"},"content":{"rendered":"<div class=\"imais-before-content-placement\" id=\"imais-2107028116\"><script async src=\"\/\/pagead2.googlesyndication.com\/pagead\/js\/adsbygoogle.js?client=ca-pub-8787528412751566\" crossorigin=\"anonymous\"><\/script><ins class=\"adsbygoogle\" style=\"display:block;\" data-ad-client=\"ca-pub-8787528412751566\" \ndata-ad-slot=\"\" \ndata-ad-format=\"auto\"><\/ins>\n<script> \n(adsbygoogle = window.adsbygoogle || []).push({}); \n<\/script>\n<\/div>\n<p>Corpo foi transferido na manh\u00e3 da quarta-feira (23) do Vaticano at\u00e9 a Bas\u00edlica de S\u00e3o Pedro<\/p>\n\n\n\n<p>Centenas de fi\u00e9is fazem fila para participar do primeiro dia do vel\u00f3rio p\u00fablico do Papa Francisco, na manh\u00e3 desta quarta-feira (23). O corpo do pont\u00edfice foi levado nesta manh\u00e3 de quarta-feira (23) de sua resid\u00eancia no Vaticano para ser velado na Bas\u00edlica de S\u00e3o Pedro.<\/p>\n\n\n\n<p>O caix\u00e3o com o corpo do Papa atravessou a Via della Sacrestia, passando pela Pra\u00e7a dos Protom\u00e1rtires Romanos, e saiu via a Pra\u00e7a S\u00e3o Pedro pelo Arco dos Sinos. Aproximadamente 20 mil pessoas reverenciaram a passagem do corpo do Papa Francisco com fortes palmas.<\/p>\n\n\n\n<p>As autoridades de seguran\u00e7a do Vaticano estimam-se que os fi\u00e9is possam ficar at\u00e9 oito horas na fila para entrar no local e fazer suas homenagens.<\/p>\n\n\n\n<p>A prociss\u00e3o, dirigida pelo cardeal camerlengo Kevin Farrell, chegou ao interior da Bas\u00edlica e, em frente ao Altar da Confiss\u00e3o, o caix\u00e3o foi colocado no ch\u00e3o. \u00c0s 11h, no hor\u00e1rio de Roma, iniciou-se a homenagem dos fi\u00e9is. A Bas\u00edlica permanecer\u00e1 aberta at\u00e9 a meia-noite. Na quinta (24), a abertura est\u00e1 programada para \u00e0s 7h e o fechamento \u00e0 meia-noite. Na sexta-feira (25), v\u00e9spera do funeral, ela ficar\u00e1 aberta das 7h \u00e0s 19h.<\/p>\n\n\n\n<p><\/p>\n","protected":false},"excerpt":{"rendered":"<p>Corpo foi transferido na manh\u00e3 da quarta-feira (23) do Vaticano at\u00e9 a Bas\u00edlica de S\u00e3o Pedro Centenas de fi\u00e9is fazem fila para participar do primeiro dia do vel\u00f3rio p\u00fablico do Papa Francisco, na manh\u00e3 desta quarta-feira (23). O corpo do pont\u00edfice foi levado nesta manh\u00e3 de quarta-feira (23) de sua resid\u00eancia no Vaticano para ser [&hellip;]<\/p>\n","protected":false},"author":8,"featured_media":26819,"comment_status":"closed","ping_status":"open","sticky":false,"template":"","format":"standard","meta":{"rop_custom_images_group":[],"rop_custom_messages_group":[],"rop_publish_now":"initial","rop_publish_now_accounts":[],"rop_publish_now_history":[],"rop_publish_now_status":"pending","footnotes":""},"categories":[237],"tags":[],"class_list":["post-26818","post","type-post","status-publish","format-standard","has-post-thumbnail","hentry","category-luto"],"amp_enabled":true,"_links":{"self":[{"href":"https:\/\/imais.online\/portal\/wp-json\/wp\/v2\/posts\/26818","targetHints":{"allow":["GET"]}}],"collection":[{"href":"https:\/\/imais.online\/portal\/wp-json\/wp\/v2\/posts"}],"about":[{"href":"https:\/\/imais.online\/portal\/wp-json\/wp\/v2\/types\/post"}],"author":[{"embeddable":true,"href":"https:\/\/imais.online\/portal\/wp-json\/wp\/v2\/users\/8"}],"replies":[{"embeddable":true,"href":"https:\/\/imais.online\/portal\/wp-json\/wp\/v2\/comments?post=26818"}],"version-history":[{"count":1,"href":"https:\/\/imais.online\/portal\/wp-json\/wp\/v2\/posts\/26818\/revisions"}],"predecessor-version":[{"id":26820,"href":"https:\/\/imais.online\/portal\/wp-json\/wp\/v2\/posts\/26818\/revisions\/26820"}],"wp:featuredmedia":[{"embeddable":true,"href":"https:\/\/imais.online\/portal\/wp-json\/wp\/v2\/media\/26819"}],"wp:attachment":[{"href":"https:\/\/imais.online\/portal\/wp-json\/wp\/v2\/media?parent=26818"}],"wp:term":[{"taxonomy":"category","embeddable":true,"href":"https:\/\/imais.online\/portal\/wp-json\/wp\/v2\/categories?post=26818"},{"taxonomy":"post_tag","embeddable":true,"href":"https:\/\/imais.online\/portal\/wp-json\/wp\/v2\/tags?post=26818"}],"curies":[{"name":"wp","href":"https:\/\/api.w.org\/{rel}","templated":true}]}}