{"id":26821,"date":"2025-04-23T11:56:37","date_gmt":"2025-04-23T14:56:37","guid":{"rendered":"https:\/\/imais.online\/portal\/?p=26821"},"modified":"2025-04-23T11:56:39","modified_gmt":"2025-04-23T14:56:39","slug":"funeral-so-no-sabado-corpo-do-papa-francisco-passou-por-embalsamento-moderno-para-velorio-entenda-tecnica","status":"publish","type":"post","link":"https:\/\/imais.online\/portal\/funeral-so-no-sabado-corpo-do-papa-francisco-passou-por-embalsamento-moderno-para-velorio-entenda-tecnica\/","title":{"rendered":"Funeral s\u00f3 no s\u00e1bado? Corpo do Papa Francisco passou por &#8216;embalsamento moderno&#8217; para vel\u00f3rio; entenda t\u00e9cnica"},"content":{"rendered":"<div class=\"imais-before-content-placement\" id=\"imais-2973884797\"><script async src=\"\/\/pagead2.googlesyndication.com\/pagead\/js\/adsbygoogle.js?client=ca-pub-8787528412751566\" crossorigin=\"anonymous\"><\/script><ins class=\"adsbygoogle\" style=\"display:block;\" data-ad-client=\"ca-pub-8787528412751566\" \ndata-ad-slot=\"\" \ndata-ad-format=\"auto\"><\/ins>\n<script> \n(adsbygoogle = window.adsbygoogle || []).push({}); \n<\/script>\n<\/div>\n<h2 class=\"wp-block-heading\">Procedimento garante que restos mortais do Pont\u00edfice possam ser expostos por dias sem sinais vis\u00edveis de deteriora\u00e7\u00e3o<\/h2>\n\n\n\n<p>Morto na madrugada de segunda-feira, aos 88 anos,\u00a0<a class=\"\" href=\"https:\/\/oglobo.globo.com\/tudo-sobre\/personalidade\/papa-francisco\/\">Papa Francisco<\/a>\u00a0ser\u00e1 sepultado apenas dias depois, ao fim de\u00a0<a class=\"\" href=\"https:\/\/oglobo.globo.com\/mundo\/especial\/da-visitacao-publica-na-basilica-de-sao-pedro-ao-sepultamento-saiba-o-passo-a-passo-do-funeral-do-papa-francisco.ghtml\">um funeral, no pr\u00f3ximo s\u00e1bado<\/a>, que vai reunir chefes de Estado do mundo todo e milhares de fi\u00e9is no Vaticano. Os cat\u00f3licos poder\u00e3o dar seu \u00faltimo adeus ao primeiro Pont\u00edfice das Am\u00e9ricas a partir desta quarta-feira, na Bas\u00edlica de S\u00e3o Pedro, onde o caix\u00e3o do l\u00edder religioso ficar\u00e1 exposto por tr\u00eas dias.<\/p>\n\n\n\n<p>Logo ap\u00f3s a confirma\u00e7\u00e3o da morte de Francisco, as autoridades do Vaticano se apressaram para seguir os rituais de despedida do Santo Padre ao mesmo tempo em que colocavam em marcha os procedimentos para preservar o corpo. A preocupa\u00e7\u00e3o era que o clima \u00famido de Roma acelerasse a decomposi\u00e7\u00e3o. Para que pudesse ser velado por dias, o corpo do argentino passou por um moderno embalsamento.<\/p>\n\n\n\n<figure class=\"wp-block-image is-resized\"><img decoding=\"async\" src=\"https:\/\/s2-oglobo.glbimg.com\/xCP7MKgPx1qrEHMXjvaXkpM-Eqw=\/0x0:1200x800\/648x248\/smart\/filters:strip_icc()\/i.s3.glbimg.com\/v1\/AUTH_da025474c0c44edd99332dddb09cabe8\/internal_photos\/bs\/2025\/Z\/B\/3CWyx6TUifb0VCPoja6w\/afp-20250422-432k9t2-v1-preview-vaticanreligionpopeobit.jpg\" alt=\"Vaticano divulga primeiras imagens do corpo de Papa Francisco no caix\u00e3o \u2014 Foto: AFP\" style=\"aspect-ratio:2.6129032258064515;width:740px;height:auto\"\/><\/figure>\n\n\n\n<p>Antes de ser exposto ao p\u00fablico, o caix\u00e3o com o corpo de Jorge Mario Bergoglio ficou na capela da resid\u00eancia de Santa Marta, onde ele faleceu v\u00edtima de um AVC quase um m\u00eas depois de uma longa hospitaliza\u00e7\u00e3o por problemas respirat\u00f3rios.<\/p>\n\n\n\n<p>O Vaticano publicou, nesta ter\u00e7a, as primeiras imagens oficiais do corpo, vestido com uma casula vermelha e mitra branca, com um ros\u00e1rio entre as m\u00e3os, escoltado por dois soldados da Guarda Su\u00ed\u00e7a. As fotos foram tiradas na segunda-feira.<\/p>\n\n\n\n<p>Ao jornal DailyMail, o anatomista da Universidade de Berna Nikola Tomov contou que o Vaticano passou a usar a t\u00e9cnica moderna de preserva\u00e7\u00e3o do corpo a partir de 1914. O objetivo \u00e9 garantir que o cad\u00e1ver possa ser exposto ao p\u00fablico sem vis\u00edveis sinais de deteriora\u00e7\u00e3o. Segundo o di\u00e1rio, o primeiro Papa a passar pelo procedimento foi Pio X, falecido naquele ano.<\/p>\n\n\n\n<p>O processo consiste em abrir as veias do pesco\u00e7o e\/ou da virilha do Pont\u00edfice, drenar o seu sangue e aplicar uma mistura de formal, \u00e1lcool, \u00e1gua e corantes em seu sistema circulat\u00f3rio. De acordo com o jornal, as subst\u00e2ncias ent\u00e3o barram bact\u00e9rias e evitam que o corpo inicie a decomposi\u00e7\u00e3o.<\/p>\n\n\n\n<p>O Vaticano adotou em definitivo a t\u00e9cnica moderna depois de um contratempo na preserva\u00e7\u00e3o do corpo do Papa Pio XII, em 1958. Na ocasi\u00e3o, o m\u00e9dico papal Riccardo Galeazzi-Lisi afirmou ter aplicado ao cad\u00e1ver um m\u00e9todo, segundo ele, utilizado para preservar o corpo de Jesus.<\/p>\n\n\n\n<p>A ado\u00e7\u00e3o de um saco pl\u00e1stico com ervas e \u00f3leos, por\u00e9m, acelerou a decomposi\u00e7\u00e3o. Gerou odores t\u00e3o fortes que os guardas precisavam se revezar a cada 15 minutos para escoltar o caix\u00e3o.<\/p>\n\n\n\n<p>Desde 1903, com a morte do Papa Le\u00e3o XIII, os Pont\u00edfices n\u00e3o t\u00eam mais os \u00f3rg\u00e3os retirados do corpo. Antes disso, era comum que fossem extra\u00eddos e guardados como rel\u00edquias religiosas. A determina\u00e7\u00e3o atual \u00e9 de manter intacto o corpo do Santo Padre.<\/p>\n\n\n\n<figure class=\"wp-block-image\"><img decoding=\"async\" src=\"https:\/\/s2-oglobo.glbimg.com\/LH5HO51sM4a8XilVDUQDoP2M1B8=\/0x0:1200x801\/888x0\/smart\/filters:strip_icc()\/i.s3.glbimg.com\/v1\/AUTH_da025474c0c44edd99332dddb09cabe8\/internal_photos\/bs\/2025\/P\/B\/HOLUQGRDy8HkNCuVPU9A\/afp-20250422-432l2g3-v2-preview-topshotvaticanreligionpopeobit.jpg\" alt=\"Vaticano divulga primeiras imagens do corpo de Papa Francisco no caix\u00e3o\"\/><\/figure>\n\n\n\n<p class=\"has-small-font-size\"> \u2014 Foto: AFP<\/p>\n\n\n\n<h2 class=\"wp-block-heading\">Adeus a Francisco<\/h2>\n\n\n\n<p>Apesar de seu estado de sa\u00fade fr\u00e1gil, na v\u00e9spera de sua morte, Domingo de P\u00e1scoa, Francisco decidiu saudar os fi\u00e9is a bordo de seu papam\u00f3vel, ap\u00f3s sua tradicional b\u00ean\u00e7\u00e3o &#8220;urbi et orbi&#8221; (para a cidade e o mundo) e depois de se consultar com seu enfermeiro pessoal.<\/p>\n\n\n\n<p>\u2014 Obrigado por me trazer de volta \u00e0 pra\u00e7a \u2014 declarou ao fiel enfermeiro, Massimiliano Strappeti, segundo o portal oficial Vatican News.<\/p>\n\n\n\n<p>Segundo a imprensa italiana, meio milh\u00e3o de fi\u00e9is s\u00e3o esperados para o funeral, assim como chefes de Estado de todo o planeta, como o brasileiro Luiz In\u00e1cio Lula da Silva, o ucraniano Volodimir Zelensky e o americano Donald Trump. O presidente russo, Vladimir Putin, anunciou que n\u00e3o deve comparecer.<\/p>\n\n\n\n<p>Ao contr\u00e1rio de seus antecessores imediatos, Francisco escolheu a bas\u00edlica de Santa Maria Maggiore, em Roma, como local de seu sepulcro, com uma l\u00e1pide &#8220;simples&#8221;, com apenas uma inscri\u00e7\u00e3o, &#8220;Franciscus&#8221;, seu nome papal em latim.<\/p>\n\n\n\n<p>Seu caix\u00e3o de madeira e zinco ser\u00e1 levado na quarta-feira \u00e0s 9h (4h de Bras\u00edlia) da resid\u00eancia de Santa Marta \u2014 onde vivia desde sua elei\u00e7\u00e3o, em 2013 \u2014 para a bas\u00edlica vaticana de S\u00e3o Pedro, onde os fi\u00e9is poder\u00e3o dar seu \u00faltimo adeus at\u00e9 a noite de sexta.<\/p>\n\n\n\n<p>A missa f\u00fanebre de s\u00e1bado ser\u00e1 celebrada \u00e0s 10h (5h de Bras\u00edlia) na Pra\u00e7a de S\u00e3o Pedro, seguida do traslado do corpo de Francisco para seu local de descanso final, a 11 mil quil\u00f4metros de seu bairro natal, Flores, em Buenos Aires.<\/p>\n\n\n\n<p>Fonte O Globo <\/p>\n","protected":false},"excerpt":{"rendered":"<p>Procedimento garante que restos mortais do Pont\u00edfice possam ser expostos por dias sem sinais vis\u00edveis de deteriora\u00e7\u00e3o Morto na madrugada de segunda-feira, aos 88 anos,\u00a0Papa Francisco\u00a0ser\u00e1 sepultado apenas dias depois, ao fim de\u00a0um funeral, no pr\u00f3ximo s\u00e1bado, que vai reunir chefes de Estado do mundo todo e milhares de fi\u00e9is no Vaticano. Os cat\u00f3licos poder\u00e3o [&hellip;]<\/p>\n","protected":false},"author":8,"featured_media":26822,"comment_status":"closed","ping_status":"open","sticky":false,"template":"","format":"standard","meta":{"rop_custom_images_group":[],"rop_custom_messages_group":[],"rop_publish_now":"initial","rop_publish_now_accounts":[],"rop_publish_now_history":[],"rop_publish_now_status":"pending","footnotes":""},"categories":[237],"tags":[73],"class_list":["post-26821","post","type-post","status-publish","format-standard","has-post-thumbnail","hentry","category-luto","tag-featured"],"amp_enabled":true,"_links":{"self":[{"href":"https:\/\/imais.online\/portal\/wp-json\/wp\/v2\/posts\/26821","targetHints":{"allow":["GET"]}}],"collection":[{"href":"https:\/\/imais.online\/portal\/wp-json\/wp\/v2\/posts"}],"about":[{"href":"https:\/\/imais.online\/portal\/wp-json\/wp\/v2\/types\/post"}],"author":[{"embeddable":true,"href":"https:\/\/imais.online\/portal\/wp-json\/wp\/v2\/users\/8"}],"replies":[{"embeddable":true,"href":"https:\/\/imais.online\/portal\/wp-json\/wp\/v2\/comments?post=26821"}],"version-history":[{"count":1,"href":"https:\/\/imais.online\/portal\/wp-json\/wp\/v2\/posts\/26821\/revisions"}],"predecessor-version":[{"id":26823,"href":"https:\/\/imais.online\/portal\/wp-json\/wp\/v2\/posts\/26821\/revisions\/26823"}],"wp:featuredmedia":[{"embeddable":true,"href":"https:\/\/imais.online\/portal\/wp-json\/wp\/v2\/media\/26822"}],"wp:attachment":[{"href":"https:\/\/imais.online\/portal\/wp-json\/wp\/v2\/media?parent=26821"}],"wp:term":[{"taxonomy":"category","embeddable":true,"href":"https:\/\/imais.online\/portal\/wp-json\/wp\/v2\/categories?post=26821"},{"taxonomy":"post_tag","embeddable":true,"href":"https:\/\/imais.online\/portal\/wp-json\/wp\/v2\/tags?post=26821"}],"curies":[{"name":"wp","href":"https:\/\/api.w.org\/{rel}","templated":true}]}}