{"id":26837,"date":"2025-04-24T09:01:19","date_gmt":"2025-04-24T12:01:19","guid":{"rendered":"https:\/\/imais.online\/portal\/?p=26837"},"modified":"2025-04-24T09:01:20","modified_gmt":"2025-04-24T12:01:20","slug":"rezas-em-latim-bolsa-de-moedas-e-agua-benta-os-detalhes-dos-rituais-de-fechamento-do-caixao-e-sepultamento-do-papa-francisco","status":"publish","type":"post","link":"https:\/\/imais.online\/portal\/rezas-em-latim-bolsa-de-moedas-e-agua-benta-os-detalhes-dos-rituais-de-fechamento-do-caixao-e-sepultamento-do-papa-francisco\/","title":{"rendered":"Rezas em latim, bolsa de moedas e \u00e1gua benta: os detalhes dos rituais de fechamento do caix\u00e3o e sepultamento do papa Francisco"},"content":{"rendered":"<div class=\"imais-before-content-placement\" id=\"imais-4128338153\"><script async src=\"\/\/pagead2.googlesyndication.com\/pagead\/js\/adsbygoogle.js?client=ca-pub-8787528412751566\" crossorigin=\"anonymous\"><\/script><ins class=\"adsbygoogle\" style=\"display:block;\" data-ad-client=\"ca-pub-8787528412751566\" \ndata-ad-slot=\"\" \ndata-ad-format=\"auto\"><\/ins>\n<script> \n(adsbygoogle = window.adsbygoogle || []).push({}); \n<\/script>\n<\/div>\n<h2 class=\"wp-block-heading\">Informa\u00e7\u00f5es sobre os ritos lit\u00fargicos foram divulgadas pelo Vaticano nesta quinta (24). Fechamento do caix\u00e3o do pont\u00edfice e sepultamento ocorrer\u00e3o, respectivamente, na sexta-feira e no s\u00e1bado.<\/h2>\n\n\n\n<p>O\u00a0<a class=\"\" href=\"https:\/\/g1.globo.com\/tudo-sobre\/vaticano\/\">Vaticano<\/a>\u00a0divulgou nesta quinta-feira (24) detalhes de como ser\u00e3o as cerim\u00f4nias de fechamento do caix\u00e3o e do sepultamento do\u00a0<a class=\"\" href=\"https:\/\/g1.globo.com\/tudo-sobre\/papa-francisco\/\">papa Francisco<\/a>, que ocorrer\u00e3o respectivamente na sexta-feira e no s\u00e1bado.<\/p>\n\n\n\n<p>Entre as curiosidades das cerim\u00f4nias lit\u00fargicas est\u00e3o\u00a0rezas em latim, uma bolsa de moedas que ser\u00e1 fechada no caix\u00e3o junto ao corpo do pont\u00edfice e o ato de jogar \u00e1gua benta no caix\u00e3o, segundo a Santa S\u00e9. Os procedimentos seguem o livro de ritos f\u00fanebres do Vaticano, o\u00a0<em>Ordo Exsequiarum Romani Pontificis<\/em>.\u00a0<strong>Leia mais abaixo.<\/strong><\/p>\n\n\n\n<p>Os detalhes foram divulgados enquanto o vel\u00f3rio p\u00fablico na Bas\u00edlica de S\u00e3o Pedro segue em seu segundo dia, com quase 50 mil fi\u00e9is j\u00e1 tendo ido ao local para prestar suas homenagens ao papa Francisco. O vel\u00f3rio p\u00fablico se encerra \u00e0s 14h desta sexta-feira, no hor\u00e1rio de Bras\u00edlia, e o caix\u00e3o ser\u00e1 fechado uma hora depois.<\/p>\n\n\n\n<h2 class=\"wp-block-heading\"><strong>Fechamento do caix\u00e3o<\/strong><\/h2>\n\n\n\n<ul class=\"wp-block-list\">\n<li>No in\u00edcio da cerim\u00f4nia, o mestre de cerim\u00f4nias lit\u00fargicas, Diego Ravelli, l\u00ea uma ata oficial, que \u00e9 assinada por alguns presentes;<\/li>\n\n\n\n<li>Religiosos presentes alternam&nbsp;<strong>rezas em latim<\/strong>&nbsp;com momentos de sil\u00eancio;<\/li>\n\n\n\n<li>Ravelli estende um v\u00e9u de seda branca sobre o rosto do papa e asperge o corpo com \u00e1gua benta. Ent\u00e3o,&nbsp;<strong>deposita no caix\u00e3o a bolsa de moedas e medalhas cunhadas durante o pontificado<\/strong>, al\u00e9m de um tubo com a ata oficial (com selo do Escrit\u00f3rio das Celebra\u00e7\u00f5es Lit\u00fargicas papais);<\/li>\n\n\n\n<li>Fecha a tampa de zinco do caix\u00e3o. Na tampa tem as seguintes informa\u00e7\u00f5es: a cruz, o bras\u00e3o do pont\u00edfice e a placa com seu nome, a dura\u00e7\u00e3o de sua vida e de seu papado;<\/li>\n\n\n\n<li>Caix\u00e3o \u00e9 selado e recebe selos do Cardeal Camarlengo da Santa Igreja Romana, da Prefeitura da Casa Pontif\u00edcia, do Escrit\u00f3rio das Celebra\u00e7\u00f5es Lit\u00fargicas do Sumo Pont\u00edfice e do Cap\u00edtulo Vaticano;<\/li>\n\n\n\n<li>Tampa de madeira tamb\u00e9m \u00e9 fechada. Sobre a tampa encontram-se a cruz e o bras\u00e3o do Pont\u00edfice falecido.<\/li>\n<\/ul>\n\n\n\n<p>Ap\u00f3s o fechamento do caix\u00e3o, os religiosos realizar\u00e3o a missa Ex\u00e9quia em homenagem ao papa Francisco. Na manh\u00e3 de s\u00e1bado, o caix\u00e3o segue em prociss\u00e3o at\u00e9 a Bas\u00edlica de Santa Maria Maggiore, no centro de Roma, onde o pont\u00edfice ser\u00e1 sepultado. O Vaticano n\u00e3o informou o que acontece com o caix\u00e3o do papa durante a noite de sexta-feira.&nbsp;<strong>Leia mais abaixo sobre a cerim\u00f4nia de sepultamento.<\/strong><\/p>\n\n\n\n<h2 class=\"wp-block-heading\">Sepultamento<\/h2>\n\n\n\n<ul class=\"wp-block-list\">\n<li>Ap\u00f3s a chegada \u00e0 Bas\u00edlica de Santa Maria Maggiore, o caix\u00e3o do papa Francisco \u00e9 levado ao local onde ser\u00e1 sepultado;<\/li>\n\n\n\n<li>Mestre de cerim\u00f4nias Diego Ravelli faz mais rezas em latim junto ao caix\u00e3o;<\/li>\n\n\n\n<li>S\u00e3o colocados mais selos do camarlengo Kevin Farrell e das institui\u00e7\u00f5es vaticanas sobre o caix\u00e3o;<\/li>\n\n\n\n<li>Em seguida, o caix\u00e3o \u00e9 depositado na tumba e&nbsp;<strong>aspergido com mais \u00e1gua benta<\/strong>&nbsp;por Ravelli;<\/li>\n\n\n\n<li>O not\u00e1rio do Cap\u00edtulo Liberiano redige um documento oficial que atesta a realiza\u00e7\u00e3o da sepultura e o l\u00ea aos presentes. Em seguida, o documento \u00e9 assinado pelo camarlengo, pelo Regente da Casa Pontif\u00edcia, por Ravelli e, por fim, pelo not\u00e1rio.<\/li>\n<\/ul>\n\n\n\n<figure class=\"wp-block-image\"><img decoding=\"async\" src=\"https:\/\/s2-g1.glbimg.com\/TZSGY5HFBdpUIW-uAnUAx2dSYWY=\/0x0:1024x682\/984x0\/smart\/filters:strip_icc()\/i.s3.glbimg.com\/v1\/AUTH_59edd422c0c84a879bd37670ae4f538a\/internal_photos\/bs\/2025\/h\/j\/0e3vMBQD65ppPrflGLlg\/000-42ym7cu.jpg\" alt=\"Altar da Bas\u00edlica de Santa Maria Maggiore, no centro de Roma, onde o papa Francisco ser\u00e1 enterrado. \u2014 Foto: Alberto Pizzoli\/AFP\"\/><\/figure>\n\n\n\n<p class=\"has-small-font-size\">Altar da Bas\u00edlica de Santa Maria Maggiore, no centro de Roma, onde o papa Francisco ser\u00e1 enterrado. \u2014 Foto: Alberto Pizzoli\/AFP<\/p>\n\n\n\n<p>A partir do sepultamento de Francisco come\u00e7a o per\u00edodo de nove dias oficiais de luto da Igreja Cat\u00f3lica, segundo o Vaticano. A institui\u00e7\u00e3o divulgou ainda que uma missa em sufr\u00e1gio ao papa ser\u00e1 realizada na Bas\u00edlica de S\u00e3o Pedro no domingo (27), \u00e0s 10h30 no hor\u00e1rio local, 5h30 no hor\u00e1rio de Bras\u00edlia.<\/p>\n\n\n\n<h2 class=\"wp-block-heading\"><strong>Vel\u00f3rio p\u00fablico<\/strong><\/h2>\n\n\n\n<p>A Bas\u00edlica de S\u00e3o pedro foi reaberta ao p\u00fablico que deseja se despedir do papa Francisco \u00e0s 2h desta quinta (24), no hor\u00e1rio de Bras\u00edlia (7h no hor\u00e1rio local). Este \u00e9 o segundo dia do vel\u00f3rio do pont\u00edfice que se encerra nesta sexta (25), \u00e0s 14h tamb\u00e9m no hor\u00e1rio de Bras\u00edlia.<\/p>\n\n\n\n<p>No primeiro dia da cerim\u00f4nia, o fechamento da bas\u00edlica teve que ser adiado em raz\u00e3o do grande n\u00famero de fi\u00e9is que ainda estavam na fila. O fechamento oficial ocorreu por volta das 20h50, no hor\u00e1rio de Bras\u00edlia, quase duas horas depois do previsto. Durante a tarde, o Vaticano informou que mais de 20 mil pessoas j\u00e1 haviam passado pela Bas\u00edlia de S\u00e3o Pedro.<\/p>\n\n\n\n<p>O funeral de Francisco ser\u00e1 neste s\u00e1bado \u00e0s 5h.<\/p>\n\n\n\n<p>O Vaticano informou na manh\u00e3 desta quinta-feira (24) que um total de 48.600 fi\u00e9is j\u00e1 foram \u00e0 Bas\u00edlica de S\u00e3o Pedro para prestar homenagens ao papa Francisco desde o in\u00edcio do vel\u00f3rio p\u00fablico, \u00e0s 6h de quarta, no hor\u00e1rio de Bras\u00edlia.<\/p>\n\n\n\n<p>O n\u00famero divulgado pelo Vaticano corresponde entre as 11h de quarta e 8h30 desta quinta, no hor\u00e1rio local (6h de quarta a 3h30 de quinta pelo hor\u00e1rio de Bras\u00edlia).<\/p>\n\n\n\n<p>A grande fila para visitar o caix\u00e3o do papa continua grande neste segundo dia de vel\u00f3rio. No primeiro dia, as visitas se estenderam por quase duas horas al\u00e9m do hor\u00e1rio previsto.<\/p>\n\n\n\n<p>Fonte G1 <\/p>\n","protected":false},"excerpt":{"rendered":"<p>Informa\u00e7\u00f5es sobre os ritos lit\u00fargicos foram divulgadas pelo Vaticano nesta quinta (24). Fechamento do caix\u00e3o do pont\u00edfice e sepultamento ocorrer\u00e3o, respectivamente, na sexta-feira e no s\u00e1bado. O\u00a0Vaticano\u00a0divulgou nesta quinta-feira (24) detalhes de como ser\u00e3o as cerim\u00f4nias de fechamento do caix\u00e3o e do sepultamento do\u00a0papa Francisco, que ocorrer\u00e3o respectivamente na sexta-feira e no s\u00e1bado. Entre as [&hellip;]<\/p>\n","protected":false},"author":8,"featured_media":26838,"comment_status":"closed","ping_status":"open","sticky":false,"template":"","format":"standard","meta":{"rop_custom_images_group":[],"rop_custom_messages_group":[],"rop_publish_now":"initial","rop_publish_now_accounts":[],"rop_publish_now_history":[],"rop_publish_now_status":"pending","footnotes":""},"categories":[212],"tags":[],"class_list":["post-26837","post","type-post","status-publish","format-standard","has-post-thumbnail","hentry","category-internacional"],"amp_enabled":true,"_links":{"self":[{"href":"https:\/\/imais.online\/portal\/wp-json\/wp\/v2\/posts\/26837","targetHints":{"allow":["GET"]}}],"collection":[{"href":"https:\/\/imais.online\/portal\/wp-json\/wp\/v2\/posts"}],"about":[{"href":"https:\/\/imais.online\/portal\/wp-json\/wp\/v2\/types\/post"}],"author":[{"embeddable":true,"href":"https:\/\/imais.online\/portal\/wp-json\/wp\/v2\/users\/8"}],"replies":[{"embeddable":true,"href":"https:\/\/imais.online\/portal\/wp-json\/wp\/v2\/comments?post=26837"}],"version-history":[{"count":1,"href":"https:\/\/imais.online\/portal\/wp-json\/wp\/v2\/posts\/26837\/revisions"}],"predecessor-version":[{"id":26839,"href":"https:\/\/imais.online\/portal\/wp-json\/wp\/v2\/posts\/26837\/revisions\/26839"}],"wp:featuredmedia":[{"embeddable":true,"href":"https:\/\/imais.online\/portal\/wp-json\/wp\/v2\/media\/26838"}],"wp:attachment":[{"href":"https:\/\/imais.online\/portal\/wp-json\/wp\/v2\/media?parent=26837"}],"wp:term":[{"taxonomy":"category","embeddable":true,"href":"https:\/\/imais.online\/portal\/wp-json\/wp\/v2\/categories?post=26837"},{"taxonomy":"post_tag","embeddable":true,"href":"https:\/\/imais.online\/portal\/wp-json\/wp\/v2\/tags?post=26837"}],"curies":[{"name":"wp","href":"https:\/\/api.w.org\/{rel}","templated":true}]}}