{"id":26840,"date":"2025-04-24T09:06:01","date_gmt":"2025-04-24T12:06:01","guid":{"rendered":"https:\/\/imais.online\/portal\/?p=26840"},"modified":"2025-04-24T09:06:02","modified_gmt":"2025-04-24T12:06:02","slug":"rapida-e-sem-sofrimento-medico-detalha-morte-do-papa-francisco-e-diz-que-ele-nao-trabalhou-demais","status":"publish","type":"post","link":"https:\/\/imais.online\/portal\/rapida-e-sem-sofrimento-medico-detalha-morte-do-papa-francisco-e-diz-que-ele-nao-trabalhou-demais\/","title":{"rendered":"&#8216;R\u00e1pida e sem sofrimento&#8217;: m\u00e9dico detalha morte do papa Francisco e diz que ele n\u00e3o trabalhou demais"},"content":{"rendered":"<div class=\"imais-before-content-placement\" id=\"imais-658434231\"><script async src=\"\/\/pagead2.googlesyndication.com\/pagead\/js\/adsbygoogle.js?client=ca-pub-8787528412751566\" crossorigin=\"anonymous\"><\/script><ins class=\"adsbygoogle\" style=\"display:block;\" data-ad-client=\"ca-pub-8787528412751566\" \ndata-ad-slot=\"\" \ndata-ad-format=\"auto\"><\/ins>\n<script> \n(adsbygoogle = window.adsbygoogle || []).push({}); \n<\/script>\n<\/div>\n<h2 class=\"wp-block-heading\">De acordo com Sergio Alfieri, n\u00e3o havia nada que os m\u00e9dicos pudessem fazer para salvar sua vida.<\/h2>\n\n\n\n<p>Em entrevista publicada nesta quinta-feira (24), o\u00a0<strong>m\u00e9dico do hospital Gemelli, em Roma, Sergio Alfieri, detalhou como ocorreu a morte do papa Francisco nessa segunda-feira (23<\/strong>). De acordo com ele, tudo foi muito r\u00e1pido e o falecimento ocorreu por conta de um derrame inesperado.<\/p>\n\n\n\n<p>Segundo Alfieri,\u00a0n\u00e3o houve dor e n\u00e3o havia nada que os m\u00e9dicos pudessem fazer para salvar sua vida.<\/p>\n\n\n\n<p>O m\u00e9dico conta que recebeu um telefona por volta das 5h30, no hor\u00e1rio da It\u00e1lia, para ir rapidamente ao Vaticano. Ele chegou 20 minutos depois ao local.<\/p>\n\n\n\n<blockquote class=\"wp-block-quote is-layout-flow wp-block-quote-is-layout-flow\">\n<p>&#8216;Entrei em seu quarto e ele (Francisco) estava com os olhos abertos. Confirmei que n\u00e3o havia problemas respirat\u00f3rios. Tentei cham\u00e1-lo pelo nome, mas ele n\u00e3o me respondeu. Naquele momento, eu soube que n\u00e3o havia mais nada a fazer&#8217;, afirma em entrevista ao jornal Corriere della Sera.<\/p>\n<\/blockquote>\n\n\n\n<p>Ao La Repubblica, ele confirma a hist\u00f3ria publicada pela ag\u00eancia de not\u00edcias Ansa de que as autoridades que estavam presentes sugeriram o transferir imediatamente de volta ao hospital, mas o m\u00e9dico acredita que ele teria morrido no caminho.<\/p>\n\n\n\n<blockquote class=\"wp-block-quote is-layout-flow wp-block-quote-is-layout-flow\">\n<p>&#8216;Fazendo uma tomografia, ter\u00edamos um diagn\u00f3stico mais preciso, mas nada mais. Foi um daqueles derrames que, em uma hora, te levam embora&#8217;.<\/p>\n<\/blockquote>\n\n\n\n<p>Ao ser questionado se o papa Francisco teria se esfor\u00e7ado demais depois que saiu da interna\u00e7\u00e3o de cinco semanas &#8211; como muitos falaram -, Alfieri respondeu que ele ouviu os conselhos do m\u00e9dico e n\u00e3o se esfor\u00e7ou demais. Por\u00e9m, o especialista destaca que ele &#8216;era o papa&#8217; e &#8216;voltar ao trabalho fazia parte do tratamento&#8217;, mesmo os m\u00e9dicos prescrevendo um per\u00edodo de repouso de dois meses.<\/p>\n\n\n\n<p>O m\u00e9dico conta que viu o pont\u00edfice pela \u00faltima vez no s\u00e1bado e que ele &#8216;estava muito bem&#8217;. O papa disse que tinha come\u00e7ado a trabalhar novamente e estava gostando.<\/p>\n\n\n\n<blockquote class=\"wp-block-quote is-layout-flow wp-block-quote-is-layout-flow\">\n<p>&#8216;Sab\u00edamos que ele queria voltar para casa e ser papa at\u00e9 o \u00faltimo momento. Ele n\u00e3o nos decepcionou&#8217;, contou ao Corriere.<\/p>\n<\/blockquote>\n\n\n\n<p>Ao La Repubblica,\u00a0Sergio Alfieri ainda revelou o \u00faltimo arrependimento de Francisco, que ocorreu ap\u00f3s a visita aos prisioneiros no dia 17 de abril. Ele lamentava que n\u00e3o pode realizar o ritual de lavar os p\u00e9s na celebra\u00e7\u00e3o da Quinta-feira Santa.<\/p>\n\n\n\n<blockquote class=\"wp-block-quote is-layout-flow wp-block-quote-is-layout-flow\">\n<p>&#8216;Ele lamentou n\u00e3o poder lavar os p\u00e9s dos prisioneiros. Desta vez n\u00e3o consegui foi a \u00faltima coisa que ele me disse&#8217;, completou.<\/p>\n<\/blockquote>\n\n\n\n<h2 class=\"wp-block-heading\">Corpo na Bas\u00edlica de S\u00e3o Pedro<\/h2>\n\n\n\n<figure class=\"wp-block-image\"><img decoding=\"async\" src=\"https:\/\/s2-cbn.glbimg.com\/5swCMMMGxCwKwYixKLArwdOw2ac=\/0x0:750x422\/984x0\/smart\/filters:strip_icc()\/i.s3.glbimg.com\/v1\/AUTH_d975fad146a14bbfad9e763717b09688\/internal_photos\/bs\/2025\/k\/s\/vRHyl0RDWxlw8tDu2O2A\/cq5dam.thumbnail.cropped.750.422-1-.jpeg\" alt=\"Corpo do papa Francisco. \u2014 Foto: Divulga\u00e7\u00e3o\/Vatican Media\"\/><\/figure>\n\n\n\n<p>Corpo do papa Francisco. \u2014 Foto: Divulga\u00e7\u00e3o\/Vatican Media<\/p>\n\n\n\n<p>O corpo do papa Francisco chegou nessa quarta-feira (23) na Bas\u00edlica de S\u00e3o Pedro ap\u00f3s uma prociss\u00e3o que partiu direto de sua resid\u00eancia, na Casa de Santa Marta. Os fi\u00e9is poder\u00e3o visitar e fazer a \u00faltima ora\u00e7\u00e3o at\u00e9 sexta-feira (25), um dia antes do funeral.<\/p>\n\n\n\n<p>A condu\u00e7\u00e3o foi feita com um momento de ora\u00e7\u00e3o presidida pelo cardeal Kevin Joseph Farrell, camerlengo da Igreja Cat\u00f3lica, fun\u00e7\u00e3o de uma esp\u00e9cie de ajudante do papa.<\/p>\n\n\n\n<p>O translado come\u00e7ou \u00e0s 4h, no hor\u00e1rio de Bras\u00edlia. A prociss\u00e3o seguiu pela Pra\u00e7a Santa Marta e pela Pra\u00e7a dos Protorm\u00e1rtires Romanos at\u00e9 chegar \u00e0 Pra\u00e7a de S\u00e3o Pedro. O corpo do papa Francisco, ent\u00e3o, entrou na Bas\u00edlica pela porta central. A prociss\u00e3o incluiu cardeais solenes, prelados e guardas su\u00ed\u00e7os escoltando o pont\u00edfice.<\/p>\n\n\n\n<p>No altar da confiss\u00e3o, o cardeal camerlengo conduziu uma pequena Liturgia da Palavra, que \u00e9 composta por leituras da B\u00edblia, abrindo depois o espa\u00e7o para visita ao corpo do papa. Cardeais, ent\u00e3o, fizeram suas despedidas. O rito foi conclu\u00eddo com o canto da Salve Regina, um hino mariano que come\u00e7a com &#8216;Salve, Rainha, M\u00e3e de Miseric\u00f3rdia&#8217;.<\/p>\n\n\n\n<p>Segundo o Vaticano, mais de 20 mil pessoas estiveram presentes ao longo da cerim\u00f4nia, desde cardeais, at\u00e9 o p\u00fablico na Pra\u00e7a S\u00e3o Pedro<\/p>\n\n\n\n<h2 class=\"wp-block-heading\">Como ser\u00e1 o funeral?<\/h2>\n\n\n\n<p>Segundo o Vaticano, o funeral ocorrer\u00e1 ao ar livre em frente \u00e0 Bas\u00edlica de S\u00e3o Pedro no s\u00e1bado a partir das 5h, no hor\u00e1rio de Bras\u00edlia. O decano do Col\u00e9gio Cardinal\u00edcio, Giovanni Battista Re, conduzir\u00e1 a cerim\u00f4nia. Ele tamb\u00e9m ser\u00e1 respons\u00e1vel pela Santa Missa Exequial, celebra\u00e7\u00e3o lit\u00fargica apenas para a morte de pont\u00edfices.<\/p>\n\n\n\n<p>No final do funeral, Giovanni far\u00e1 a recomenda\u00e7\u00e3o final &#8211; uma ora\u00e7\u00e3o de encerramento onde o papa ser\u00e1 formalmente confiado a Deus &#8211; e o corpo ser\u00e1 levado para Santa Maria Maior para o sepultamento.<\/p>\n\n\n\n<p>Fonte CBN <\/p>\n","protected":false},"excerpt":{"rendered":"<p>De acordo com Sergio Alfieri, n\u00e3o havia nada que os m\u00e9dicos pudessem fazer para salvar sua vida. Em entrevista publicada nesta quinta-feira (24), o\u00a0m\u00e9dico do hospital Gemelli, em Roma, Sergio Alfieri, detalhou como ocorreu a morte do papa Francisco nessa segunda-feira (23). De acordo com ele, tudo foi muito r\u00e1pido e o falecimento ocorreu por [&hellip;]<\/p>\n","protected":false},"author":8,"featured_media":26841,"comment_status":"closed","ping_status":"open","sticky":false,"template":"","format":"standard","meta":{"rop_custom_images_group":[],"rop_custom_messages_group":[],"rop_publish_now":"initial","rop_publish_now_accounts":[],"rop_publish_now_history":[],"rop_publish_now_status":"pending","footnotes":""},"categories":[237],"tags":[],"class_list":["post-26840","post","type-post","status-publish","format-standard","has-post-thumbnail","hentry","category-luto"],"amp_enabled":true,"_links":{"self":[{"href":"https:\/\/imais.online\/portal\/wp-json\/wp\/v2\/posts\/26840","targetHints":{"allow":["GET"]}}],"collection":[{"href":"https:\/\/imais.online\/portal\/wp-json\/wp\/v2\/posts"}],"about":[{"href":"https:\/\/imais.online\/portal\/wp-json\/wp\/v2\/types\/post"}],"author":[{"embeddable":true,"href":"https:\/\/imais.online\/portal\/wp-json\/wp\/v2\/users\/8"}],"replies":[{"embeddable":true,"href":"https:\/\/imais.online\/portal\/wp-json\/wp\/v2\/comments?post=26840"}],"version-history":[{"count":1,"href":"https:\/\/imais.online\/portal\/wp-json\/wp\/v2\/posts\/26840\/revisions"}],"predecessor-version":[{"id":26842,"href":"https:\/\/imais.online\/portal\/wp-json\/wp\/v2\/posts\/26840\/revisions\/26842"}],"wp:featuredmedia":[{"embeddable":true,"href":"https:\/\/imais.online\/portal\/wp-json\/wp\/v2\/media\/26841"}],"wp:attachment":[{"href":"https:\/\/imais.online\/portal\/wp-json\/wp\/v2\/media?parent=26840"}],"wp:term":[{"taxonomy":"category","embeddable":true,"href":"https:\/\/imais.online\/portal\/wp-json\/wp\/v2\/categories?post=26840"},{"taxonomy":"post_tag","embeddable":true,"href":"https:\/\/imais.online\/portal\/wp-json\/wp\/v2\/tags?post=26840"}],"curies":[{"name":"wp","href":"https:\/\/api.w.org\/{rel}","templated":true}]}}