{"id":26863,"date":"2025-04-24T09:25:02","date_gmt":"2025-04-24T12:25:02","guid":{"rendered":"https:\/\/imais.online\/portal\/?p=26863"},"modified":"2025-04-24T09:25:03","modified_gmt":"2025-04-24T12:25:03","slug":"parque-dom-pedro-promove-evento-de-adocao-de-caes-e-gatos-neste-sabado","status":"publish","type":"post","link":"https:\/\/imais.online\/portal\/parque-dom-pedro-promove-evento-de-adocao-de-caes-e-gatos-neste-sabado\/","title":{"rendered":"Parque Dom Pedro promove evento de ado\u00e7\u00e3o de c\u00e3es e gatos neste s\u00e1bado"},"content":{"rendered":"<div class=\"imais-before-content-placement\" id=\"imais-1097675068\"><script async src=\"\/\/pagead2.googlesyndication.com\/pagead\/js\/adsbygoogle.js?client=ca-pub-8787528412751566\" crossorigin=\"anonymous\"><\/script><ins class=\"adsbygoogle\" style=\"display:block;\" data-ad-client=\"ca-pub-8787528412751566\" \ndata-ad-slot=\"\" \ndata-ad-format=\"auto\"><\/ins>\n<script> \n(adsbygoogle = window.adsbygoogle || []).push({}); \n<\/script>\n<\/div>\n<p class=\"has-text-align-center\">Realizado em parceria com institui\u00e7\u00f5es locais, Pet no Parque j\u00e1 promoveu a ado\u00e7\u00e3o de mais de 40 animais adultos e filhotes em tr\u00eas meses<\/p>\n\n\n\n<p>O Parque Dom Pedro realizar\u00e1 mais uma edi\u00e7\u00e3o do evento \u201cPet no Parque\u201d neste s\u00e1bado, 26 de abril, das 10h \u00e0s 14h, na \u00e1rea externa da Entrada \u00c1rvores. A iniciativa, que ocorre mensalmente, visa promover a ado\u00e7\u00e3o respons\u00e1vel de c\u00e3es e gatos resgatados por institui\u00e7\u00f5es locais, proporcionando um novo lar e uma nova vida para esses animais.<br><\/p>\n\n\n\n<p>Nas tr\u00eas primeiras edi\u00e7\u00f5es deste ano, foram 41 animais adotados, sendo 20 somente na edi\u00e7\u00e3o de mar\u00e7o, 10 c\u00e3es e 10 gatos. O evento conta com a participa\u00e7\u00e3o de institui\u00e7\u00f5es parceiras como OperaC\u00c3O Resgate, Toca dos Gatos e Alian\u00e7a do Bem, que conduzem entrevistas com os interessados para garantir a compatibilidade entre os interessados em adotar e o animal. A idade m\u00ednima para adotar durante o evento \u00e9 de 21 anos.<br>\u00a0<\/p>\n\n\n\n<p>\u201cAo realizar o Pet no Parque, o Parque Dom Pedro promove a conscientiza\u00e7\u00e3o da ado\u00e7\u00e3o respons\u00e1vel, refor\u00e7ando seu compromisso com a comunidade e contribuindo ativamente para a redu\u00e7\u00e3o do n\u00famero de animais abandonados nas ruas\u201d, afirma Tatiane De Conto, gerente de marketing do Parque Dom Pedro, administrado pela ALLOS, a mais inovadora plataforma de experi\u00eancias, entretenimento, servi\u00e7os, lifestyle e compras da Am\u00e9rica Latina.<br>&nbsp;<\/p>\n\n\n\n<p>Com um ambiente acolhedor, o Parque Dom Pedro oferece uma estrutura pet-friendly, com bebedouros, kits para coleta de dejetos e empr\u00e9stimo de carrinhos para animais de pequeno porte. Os bebedouros est\u00e3o distribu\u00eddos em tr\u00eas pontos: Entrada Flores, Entrada \u00c1rvores e Entrada Pedras. J\u00e1 o empr\u00e9stimo de carrinhos \u00e9 realizado no Ponto de Encontro do Anel \u00c1guas. Durante a visita, os pets devem estar com coleira e guia curta, e algumas ra\u00e7as de guarda t\u00eam restri\u00e7\u00e3o de entrada.<br>&nbsp;<\/p>\n\n\n\n<p><strong>Parque Consciente<\/strong><\/p>\n\n\n\n<p>As a\u00e7\u00f5es ambientais, sociais, de incentivo \u00e0 educa\u00e7\u00e3o, ao esporte e bem-estar desenvolvidas pelo Parque Dom Pedro fazem parte da pol\u00edtica do empreendimento em ESG, sigla em ingl\u00eas para&nbsp;<em>Environmental, Social and Governance&nbsp;<\/em>\u2014 em portugu\u00eas, Ambiental, Social e Governan\u00e7a. Anualmente, o Parque Dom Pedro desenvolve a\u00e7\u00f5es diversas que impactam positivamente o futuro da comunidade ao seu entorno, sendo reconhecido, nacional e internacionalmente, como refer\u00eancia em pr\u00e1ticas sustent\u00e1veis no setor de varejo.<\/p>\n\n\n\n<p><strong>Servi\u00e7o \u2013 Pet no Parque<\/strong><\/p>\n\n\n\n<p><strong>Data:<\/strong>&nbsp;s\u00e1bado (26\/04)<\/p>\n\n\n\n<p><strong>Hor\u00e1rio:<\/strong>&nbsp;das 10h \u00e0s 14h<\/p>\n\n\n\n<p><strong>Local:<\/strong>&nbsp;Entrada \u00c1rvores, \u00e1rea externa<\/p>\n\n\n\n<p><strong>Endere\u00e7o:<\/strong>&nbsp;Av. Guilherme Campos, 500 \u2013 Jd. Santa Genebra \u2013 Campinas\/SP<\/p>\n\n\n\n<p><strong>Institui\u00e7\u00f5es parceiras:\u00a0<\/strong>Opera\u00e7\u00e3o Resgate, Toca dos Gatos e Alian\u00e7a do Bem.<\/p>\n\n\n\n<p><\/p>\n\n\n\n<p>Foto: Carlos Joaquim da Silva Junior<\/p>\n","protected":false},"excerpt":{"rendered":"<p>Realizado em parceria com institui\u00e7\u00f5es locais, Pet no Parque j\u00e1 promoveu a ado\u00e7\u00e3o de mais de 40 animais adultos e filhotes em tr\u00eas meses O Parque Dom Pedro realizar\u00e1 mais uma edi\u00e7\u00e3o do evento \u201cPet no Parque\u201d neste s\u00e1bado, 26 de abril, das 10h \u00e0s 14h, na \u00e1rea externa da Entrada \u00c1rvores. A iniciativa, que [&hellip;]<\/p>\n","protected":false},"author":7,"featured_media":26864,"comment_status":"closed","ping_status":"open","sticky":false,"template":"","format":"standard","meta":{"rop_custom_images_group":[],"rop_custom_messages_group":[],"rop_publish_now":"initial","rop_publish_now_accounts":[],"rop_publish_now_history":[],"rop_publish_now_status":"pending","footnotes":""},"categories":[272],"tags":[],"class_list":["post-26863","post","type-post","status-publish","format-standard","has-post-thumbnail","hentry","category-campinas"],"amp_enabled":true,"_links":{"self":[{"href":"https:\/\/imais.online\/portal\/wp-json\/wp\/v2\/posts\/26863","targetHints":{"allow":["GET"]}}],"collection":[{"href":"https:\/\/imais.online\/portal\/wp-json\/wp\/v2\/posts"}],"about":[{"href":"https:\/\/imais.online\/portal\/wp-json\/wp\/v2\/types\/post"}],"author":[{"embeddable":true,"href":"https:\/\/imais.online\/portal\/wp-json\/wp\/v2\/users\/7"}],"replies":[{"embeddable":true,"href":"https:\/\/imais.online\/portal\/wp-json\/wp\/v2\/comments?post=26863"}],"version-history":[{"count":1,"href":"https:\/\/imais.online\/portal\/wp-json\/wp\/v2\/posts\/26863\/revisions"}],"predecessor-version":[{"id":26865,"href":"https:\/\/imais.online\/portal\/wp-json\/wp\/v2\/posts\/26863\/revisions\/26865"}],"wp:featuredmedia":[{"embeddable":true,"href":"https:\/\/imais.online\/portal\/wp-json\/wp\/v2\/media\/26864"}],"wp:attachment":[{"href":"https:\/\/imais.online\/portal\/wp-json\/wp\/v2\/media?parent=26863"}],"wp:term":[{"taxonomy":"category","embeddable":true,"href":"https:\/\/imais.online\/portal\/wp-json\/wp\/v2\/categories?post=26863"},{"taxonomy":"post_tag","embeddable":true,"href":"https:\/\/imais.online\/portal\/wp-json\/wp\/v2\/tags?post=26863"}],"curies":[{"name":"wp","href":"https:\/\/api.w.org\/{rel}","templated":true}]}}