{"id":26898,"date":"2025-04-25T14:48:38","date_gmt":"2025-04-25T17:48:38","guid":{"rendered":"https:\/\/imais.online\/portal\/?p=26898"},"modified":"2025-04-25T14:48:39","modified_gmt":"2025-04-25T17:48:39","slug":"gfi-mobiliza-cidades-da-bacia-do-medio-tiete-e-apresenta-plano-de-fiscalizacao-de-mananciais","status":"publish","type":"post","link":"https:\/\/imais.online\/portal\/gfi-mobiliza-cidades-da-bacia-do-medio-tiete-e-apresenta-plano-de-fiscalizacao-de-mananciais\/","title":{"rendered":"GFI mobiliza cidades da bacia do M\u00e9dio Tiet\u00ea e apresenta plano de fiscaliza\u00e7\u00e3o de mananciais"},"content":{"rendered":"<div class=\"imais-before-content-placement\" id=\"imais-2427040912\"><script async src=\"\/\/pagead2.googlesyndication.com\/pagead\/js\/adsbygoogle.js?client=ca-pub-8787528412751566\" crossorigin=\"anonymous\"><\/script><ins class=\"adsbygoogle\" style=\"display:block;\" data-ad-client=\"ca-pub-8787528412751566\" \ndata-ad-slot=\"\" \ndata-ad-format=\"auto\"><\/ins>\n<script> \n(adsbygoogle = window.adsbygoogle || []).push({}); \n<\/script>\n<\/div>\n<p>Nesta quinta-feira (24), a cidade de Salto sediou a 2\u00aa reuni\u00e3o do\u00a0Grupo de Fiscaliza\u00e7\u00e3o Integrada das \u00c1guas do Rio Tiet\u00ea (GFI-Tiet\u00ea). O encontro teve como objetivo apresentar o Plano de A\u00e7\u00e3o desenvolvido pelo grupo, que visa intensificar a fiscaliza\u00e7\u00e3o de mananciais, com foco na redu\u00e7\u00e3o da prolifera\u00e7\u00e3o de algas e macr\u00f3fitas \u2013 problema que se agravou desde o ano passado devido ao aumento das temperaturas no estado.<\/p>\n\n\n\n<p>Al\u00e9m disso, a reuni\u00e3o tamb\u00e9m teve como objetivo mobilizar as prefeituras da regi\u00e3o de Sorocaba a integrarem o grupo, ampliando as a\u00e7\u00f5es de fiscaliza\u00e7\u00e3o no territ\u00f3rio paulista.<\/p>\n\n\n\n<p>Entre os membros do GFI, estiveram presentes o subsecret\u00e1rio de Recursos H\u00eddricos e Saneamento da Secretaria de Meio Ambiente, Infraestrutura e Log\u00edstica, Cristiano Kenji; o diretor da Bacia M\u00e9dio Tiet\u00ea e representante da&nbsp;<a href=\"https:\/\/www.spaguas.sp.gov.br\/site\/\">SP \u00c1guas,<\/a>&nbsp;Felipe Gobet Aguiar; al\u00e9m de representantes da Pol\u00edcia Militar Ambiental, da&nbsp;<a href=\"https:\/\/cetesb.sp.gov.br\/\">Companhia Ambiental do Estado de S\u00e3o Paulo (Cetesb)<\/a>, da&nbsp;<a href=\"https:\/\/agricultura.sp.gov.br\/\">Secretaria de Agricultura e Abastecimento (SAA) e<\/a>&nbsp;dos Comit\u00eas de Bacias Hidrogr\u00e1ficas.<\/p>\n\n\n\n<p>Na ocasi\u00e3o, os representantes do GFI apresentaram os planos de curto, m\u00e9dio e longo prazo, &nbsp; detalhando os processos de fiscaliza\u00e7\u00e3o e prote\u00e7\u00e3o ambiental do rio. Foram explanadas as a\u00e7\u00f5es j\u00e1 iniciadas no per\u00edodo emergencial, como o vertimento controlado em Barra Bonita, no Baixo Tiet\u00ea, e o lan\u00e7amento de uma sonda para monitoramento da qualidade da \u00e1gua a jusante da barragem da cidade.<\/p>\n\n\n\n<p>Ao final das apresenta\u00e7\u00f5es, o grupo abriu espa\u00e7o para di\u00e1logo com as autoridades, que puderam apresentar suas demandas regionais e buscar solu\u00e7\u00f5es junto aos representantes, com foco na realidade enfrentada pelos munic\u00edpios.<\/p>\n\n\n\n<p>Durante toda a reuni\u00e3o, os membros do grupo refor\u00e7aram a import\u00e2ncia da participa\u00e7\u00e3o das prefeituras. Ao final do evento, foi aberta \u00e0s cidades presentes a oportunidade de ades\u00e3o ao GFI-Tiet\u00ea. O subsecret\u00e1rio da Semil, Cristiano Kenji, destacou que o principal objetivo da reuni\u00e3o \u00e9 conscientizar todos os atores envolvidos sobre a import\u00e2ncia da participa\u00e7\u00e3o. \u201cPara que a fiscaliza\u00e7\u00e3o possa ser expandida no estado, \u00e9 imprescind\u00edvel a entrada dos munic\u00edpios e dos Comit\u00eas de Bacias, al\u00e9m do envolvimento da sociedade civil. Assim, poderemos ter uma a\u00e7\u00e3o integrada em todo o estado, promovendo uma regionaliza\u00e7\u00e3o de forma estruturada. O GFI \u00e9 um grupo em constante aprimoramento, e somente com a participa\u00e7\u00e3o de todos poderemos proteger nosso meio ambiente de maneira mais efetiva, garantindo a melhoria da qualidade das \u00e1guas do Rio Tiet\u00ea\u201d, finalizou.<\/p>\n\n\n\n<p>Desde o in\u00edcio das opera\u00e7\u00f5es, no m\u00eas passado, as equipes j\u00e1 percorreram 3.545,60 km de trechos naveg\u00e1veis do Rio Tiet\u00ea, cobrindo aproximadamente 244 mil hectares de \u00e1reas estrat\u00e9gicas para a preserva\u00e7\u00e3o ambiental. At\u00e9 o momento, foram registradas 56 ocorr\u00eancias de infra\u00e7\u00f5es ambientais em diversos munic\u00edpios da regi\u00e3o, resultando na lavratura de 77 Autos de Infra\u00e7\u00e3o Ambiental (AIAs), totalizando R$ 190.801,45 em multas.<\/p>\n\n\n\n<p>Do total de ocorr\u00eancias, 26 estavam relacionadas ao desmatamento irregular, oito ao descumprimento de Termos de Compromisso de Recupera\u00e7\u00e3o Ambiental (TCRA), uma \u00e0 fauna silvestre, 19 \u00e0 pesca irregular e duas a infra\u00e7\u00f5es administrativas. O munic\u00edpio com maior n\u00famero de irregularidades foi Piracicaba, com 10 autua\u00e7\u00f5es, seguido de Cabre\u00fava, com nove, e Ibitinga, com cinco.<\/p>\n\n\n\n<p>A Cetesb j\u00e1 vistoriou 10 Esta\u00e7\u00f5es de Tratamento de Esgoto (ETEs) e quatro empresas, al\u00e9m de coletar 32 amostras para an\u00e1lise.<\/p>\n\n\n\n<p><strong>Conscientiza\u00e7\u00e3o e Educa\u00e7\u00e3o Ambiental \u2013&nbsp;<\/strong>A Semil e a Pol\u00edcia Militar Ambiental devem realizar, ainda neste semestre, uma campanha de educa\u00e7\u00e3o ambiental nas escolas, com o objetivo de sensibilizar alunos e comunidades sobre a import\u00e2ncia da preserva\u00e7\u00e3o dos recursos h\u00eddricos e os impactos das atividades humanas no meio ambiente. A proposta busca fomentar o engajamento da popula\u00e7\u00e3o na recupera\u00e7\u00e3o do Rio Tiet\u00ea.<\/p>\n\n\n\n<p><strong>Sobre o GFI-Tiet\u00ea \u2013&nbsp;<\/strong>Criado em 25 de mar\u00e7o, durante o F\u00f3rum de Integra\u00e7\u00e3o das A\u00e7\u00f5es de Recupera\u00e7\u00e3o do Rio Tiet\u00ea (FIAR-Tiet\u00ea) \u2013 inst\u00e2ncia de governan\u00e7a do Programa IntegraTiet\u00ea -, o grupo tem como principal miss\u00e3o promover fiscaliza\u00e7\u00f5es peri\u00f3dicas ao longo do Rio Tiet\u00ea, seus afluentes e bra\u00e7os, com foco na identifica\u00e7\u00e3o de fontes de polui\u00e7\u00e3o, como o lan\u00e7amento irregular de esgoto, res\u00edduos industriais e agr\u00edcolas. As a\u00e7\u00f5es se concentram nas \u00e1reas mais cr\u00edticas, previamente mapeadas pelas equipes t\u00e9cnicas.<\/p>\n","protected":false},"excerpt":{"rendered":"<p>Nesta quinta-feira (24), a cidade de Salto sediou a 2\u00aa reuni\u00e3o do\u00a0Grupo de Fiscaliza\u00e7\u00e3o Integrada das \u00c1guas do Rio Tiet\u00ea (GFI-Tiet\u00ea). O encontro teve como objetivo apresentar o Plano de A\u00e7\u00e3o desenvolvido pelo grupo, que visa intensificar a fiscaliza\u00e7\u00e3o de mananciais, com foco na redu\u00e7\u00e3o da prolifera\u00e7\u00e3o de algas e macr\u00f3fitas \u2013 problema que se [&hellip;]<\/p>\n","protected":false},"author":7,"featured_media":26899,"comment_status":"closed","ping_status":"open","sticky":false,"template":"","format":"standard","meta":{"rop_custom_images_group":[],"rop_custom_messages_group":[],"rop_publish_now":"initial","rop_publish_now_accounts":[],"rop_publish_now_history":[],"rop_publish_now_status":"pending","footnotes":""},"categories":[194],"tags":[],"class_list":["post-26898","post","type-post","status-publish","format-standard","has-post-thumbnail","hentry","category-regia"],"amp_enabled":true,"_links":{"self":[{"href":"https:\/\/imais.online\/portal\/wp-json\/wp\/v2\/posts\/26898","targetHints":{"allow":["GET"]}}],"collection":[{"href":"https:\/\/imais.online\/portal\/wp-json\/wp\/v2\/posts"}],"about":[{"href":"https:\/\/imais.online\/portal\/wp-json\/wp\/v2\/types\/post"}],"author":[{"embeddable":true,"href":"https:\/\/imais.online\/portal\/wp-json\/wp\/v2\/users\/7"}],"replies":[{"embeddable":true,"href":"https:\/\/imais.online\/portal\/wp-json\/wp\/v2\/comments?post=26898"}],"version-history":[{"count":1,"href":"https:\/\/imais.online\/portal\/wp-json\/wp\/v2\/posts\/26898\/revisions"}],"predecessor-version":[{"id":26900,"href":"https:\/\/imais.online\/portal\/wp-json\/wp\/v2\/posts\/26898\/revisions\/26900"}],"wp:featuredmedia":[{"embeddable":true,"href":"https:\/\/imais.online\/portal\/wp-json\/wp\/v2\/media\/26899"}],"wp:attachment":[{"href":"https:\/\/imais.online\/portal\/wp-json\/wp\/v2\/media?parent=26898"}],"wp:term":[{"taxonomy":"category","embeddable":true,"href":"https:\/\/imais.online\/portal\/wp-json\/wp\/v2\/categories?post=26898"},{"taxonomy":"post_tag","embeddable":true,"href":"https:\/\/imais.online\/portal\/wp-json\/wp\/v2\/tags?post=26898"}],"curies":[{"name":"wp","href":"https:\/\/api.w.org\/{rel}","templated":true}]}}