{"id":26919,"date":"2025-04-28T09:05:18","date_gmt":"2025-04-28T12:05:18","guid":{"rendered":"https:\/\/imais.online\/portal\/?p=26919"},"modified":"2025-04-28T09:08:26","modified_gmt":"2025-04-28T12:08:26","slug":"conclave-para-escolher-novo-papa-comeca-dia-7-de-maio-anuncia-vaticano","status":"publish","type":"post","link":"https:\/\/imais.online\/portal\/conclave-para-escolher-novo-papa-comeca-dia-7-de-maio-anuncia-vaticano\/","title":{"rendered":"Conclave para escolher novo papa come\u00e7a dia 7 de maio, anuncia Vaticano"},"content":{"rendered":"<div class=\"imais-before-content-placement\" id=\"imais-4091024508\"><script async src=\"\/\/pagead2.googlesyndication.com\/pagead\/js\/adsbygoogle.js?client=ca-pub-8787528412751566\" crossorigin=\"anonymous\"><\/script><ins class=\"adsbygoogle\" style=\"display:block;\" data-ad-client=\"ca-pub-8787528412751566\" \ndata-ad-slot=\"\" \ndata-ad-format=\"auto\"><\/ins>\n<script> \n(adsbygoogle = window.adsbygoogle || []).push({}); \n<\/script>\n<\/div>\n<h2 class=\"wp-block-heading\">Data foi escolhida durante reuni\u00e3o de cardeais nesta segunda (28). Segundo determina a Igreja, a vota\u00e7\u00e3o come\u00e7ar\u00e1 apenas ap\u00f3s per\u00edodo de luto de nove dias pela morte do papa Francisco, iniciado ap\u00f3s seu sepultamento no s\u00e1bado.<\/h2>\n\n\n\n<p>O conclave, vota\u00e7\u00e3o dos cardeais da Igreja Cat\u00f3lica para eleger um novo papa,\u00a0<strong>come\u00e7ar\u00e1 dia 7 de maio<\/strong>, anunciou o\u00a0Vaticano\u00a0nesta segunda-feira (28).<\/p>\n\n\n\n<p>A decis\u00e3o foi tomada durante uma reuni\u00e3o de cardeais a portas fechadas nesta segunda-feira, que tamb\u00e9m decidiu pelo\u00a0fechamento da Capela Sistina para o p\u00fablico\u00a0para iniciar os preparativos do conclave. A reuni\u00e3o, chamada Congrega\u00e7\u00e3o Geral, \u00e9 a quinta realizada desde a morte de Francisco. Cerca de 180 cardeais estavam presentes na congrega\u00e7\u00e3o, dos quais cerca de 100 s\u00e3o aptos a participar do conclave.<\/p>\n\n\n\n<p>A vota\u00e7\u00e3o come\u00e7ar\u00e1 ap\u00f3s o final da Novendiales, per\u00edodo de luto de nove dias por conta da morte do\u00a0papa Francisco\u00a0que teve in\u00edcio no s\u00e1bado ap\u00f3s seu\u00a0sepultamento.<\/p>\n\n\n\n<blockquote class=\"wp-block-quote is-layout-flow wp-block-quote-is-layout-flow\">\n<p>Apesar da data para o conclave ter sido definida, ainda n\u00e3o h\u00e1 uma previs\u00e3o oficial de quando a Igreja Cat\u00f3lica ter\u00e1 um novo papa. Isso acontece por causa do modelo de vota\u00e7\u00e3o e das regras da elei\u00e7\u00e3o, que s\u00f3 termina quando um dos candidatos obter dois ter\u00e7os dos votos.<\/p>\n<\/blockquote>\n\n\n\n<p>Os dois conclaves anteriores, realizados em 2005 e 2013, por exemplo, duraram apenas dois dias. No entanto, outras vota\u00e7\u00f5es levaram mais tempo, e a mais longa durou dois anos.<\/p>\n\n\n\n<p>Durante os dias do Conclave, os cardeais eleitores ficam fechados dentro do Vaticano, em uma \u00e1rea conhecida como &#8220;zona de conclave&#8221;. Eles tamb\u00e9m fazem um juramento de segredo absoluto sobre o processo. As vota\u00e7\u00f5es acontecem dentro da Capela Sistina.<\/p>\n\n\n\n<p>Um total de 133 cardeais votar\u00e3o no conclave, que ser\u00e1 mais &#8220;global&#8221; do que o anterior.\u00a0Sete cardeais brasileiros participar\u00e3o da vota\u00e7\u00e3o. Veja a seguir quem s\u00e3o eles:<\/p>\n\n\n\n<ul class=\"wp-block-list\">\n<li>S\u00e9rgio da Rocha, Primaz do Brasil e arcebispo de Salvador, 65 anos.<\/li>\n\n\n\n<li>Jaime Spengler, presidente da CNBB e arcebispo de Porto Alegre, 64 anos.<\/li>\n\n\n\n<li>Odilo Scherer, arcebispo de S\u00e3o Paulo, 75 anos.<\/li>\n\n\n\n<li>Orani Tempesta, arcebispo do Rio de Janeiro, 74 anos.<\/li>\n\n\n\n<li>Paulo Cezar Costa, arcebispo de Bras\u00edlia, 57 anos.<\/li>\n\n\n\n<li>Jo\u00e3o Braz de Aviz, arcebispo em\u00e9rito de Bras\u00edlia, 77 anos.<\/li>\n\n\n\n<li>Leonardo Ulrich Steiner, arcebispo de Manaus, 74 anos.<\/li>\n<\/ul>\n\n\n\n<h2 class=\"wp-block-heading\">Preparativos na Capela Sistina<\/h2>\n\n\n\n<figure class=\"wp-block-image\"><img decoding=\"async\" src=\"https:\/\/s2-g1.glbimg.com\/NouNwDgwKlggroosTlaApR5KeZ8=\/0x0:3000x2000\/984x0\/smart\/filters:strip_icc()\/i.s3.glbimg.com\/v1\/AUTH_59edd422c0c84a879bd37670ae4f538a\/internal_photos\/bs\/2020\/e\/T\/bAXcBXRaaZKZo4PDMz5Q\/ap20153401657049-b.jpg\" alt=\"Visitantes admiram a Capela Sistina, em Roma \u2014 Foto: Alessandra Tarantino\/AP\"\/><\/figure>\n\n\n\n<p class=\"has-small-font-size\">Visitantes admiram a Capela Sistina, em Roma \u2014 Foto: Alessandra Tarantino\/AP<\/p>\n\n\n\n<p>A famosa Capela Sistina ser\u00e1 o palco da vota\u00e7\u00e3o dos cardeais no conclave. O Vaticano fechou o local nesta segunda-feira (28) para a visita\u00e7\u00e3o p\u00fablica e agora passa a preparar o local para o evento.<\/p>\n\n\n\n<blockquote class=\"wp-block-quote is-layout-flow wp-block-quote-is-layout-flow\">\n<p>Uma das principais tarefas de prepara\u00e7\u00e3o da capela \u00e9 a instala\u00e7\u00e3o da chamin\u00e9, onde as c\u00e9dulas ser\u00e3o queimadas a vota\u00e7\u00e3o.<\/p>\n<\/blockquote>\n\n\n\n<p>Os visitantes que conseguiram entrar no domingo (27) se consideraram sortudos, j\u00e1 que n\u00e3o h\u00e1 como saber quanto tempo o conclave vai durar e por quanto tempo a Capela Sistina ficar\u00e1 sem visita\u00e7\u00e3o.<\/p>\n\n\n\n<p>\u201cAcho que nos sentimos muito sortudos por sermos o \u00faltimo grupo de visitantes a entrar hoje\u201d, disse Sumon Khan, um turista dos Estados Unidos. \u201cSabem, nossa viagem n\u00e3o teria sido completa sem ver este lugar lindo.\u201d<\/p>\n\n\n\n<h2 class=\"wp-block-heading\">Quantos votos s\u00e3o necess\u00e1rios?<\/h2>\n\n\n\n<p>Para ser eleito, um cardeal precisa receber&nbsp;<strong>dois ter\u00e7os dos votos<\/strong>, que s\u00e3o secretos e queimados ap\u00f3s a contagem. Caso o pr\u00f3ximo Conclave realmente re\u00fana 133 cardeais,&nbsp;<strong>ser\u00e3o necess\u00e1rios ao menos 89 votos.<\/strong><\/p>\n\n\n\n<ul class=\"wp-block-list\">\n<li>Ao todo, at\u00e9&nbsp;<strong>quatro vota\u00e7\u00f5es<\/strong>&nbsp;podem ser realizadas<strong>&nbsp;por dia<\/strong>&nbsp;\u2014 duas pela manh\u00e3 e duas \u00e0 tarde.<\/li>\n\n\n\n<li>Se, depois do terceiro dia de Conclave, a Igreja continuar sem papa, uma&nbsp;<strong>pausa de 24 horas<\/strong>&nbsp;\u00e9 feita para ora\u00e7\u00f5es.<\/li>\n\n\n\n<li>Outra pausa pode ser convocada ap\u00f3s mais&nbsp;<strong>sete vota\u00e7\u00f5es&nbsp;<\/strong>sem um eleito.<\/li>\n<\/ul>\n\n\n\n<p>Caso haja&nbsp;<strong>34 vota\u00e7\u00f5es sem consenso<\/strong>, os dois mais votados da \u00faltima rodada disputar\u00e3o uma esp\u00e9cie de &#8220;segundo turno&#8221;. Ainda assim, ser\u00e1 necess\u00e1rio atingir dois ter\u00e7os dos votos para que um deles seja eleito.<\/p>\n\n\n\n<h2 class=\"wp-block-heading\">Quanto tempo pode durar a vota\u00e7\u00e3o?<\/h2>\n\n\n\n<p>Os Conclaves que elegeram Francisco, em 2013, e Bento XVI, em 2005, foram conclu\u00eddos em apenas dois dias. De modo geral, as elei\u00e7\u00f5es dos \u00faltimos 100 anos foram rapidamente resolvidas.<\/p>\n\n\n\n<p>Na hist\u00f3ria da Igreja como um todo, por\u00e9m, j\u00e1 houve elei\u00e7\u00f5es que duraram semanas \u2014 incluindo um epis\u00f3dio no s\u00e9culo 13 em que um Conclave demorou mais de dois anos para ser conclu\u00eddo e terminou com a elei\u00e7\u00e3o de Greg\u00f3rio X.<\/p>\n\n\n\n<p>No caso do Conclave deste ano, a Santa S\u00e9 prorrogou at\u00e9 31 de maio as credenciais tempor\u00e1rias de jornalistas que cobrem o Vaticano.<\/p>\n\n\n\n<p>O calend\u00e1rio de imprensa da Santa S\u00e9 tamb\u00e9m indica como per\u00edodo de funeral e Conclave as datas entre 21 de abril e 11 de maio. No entanto, essas datas s\u00e3o simb\u00f3licas, voltadas \u00e0 organiza\u00e7\u00e3o da cobertura mundial, e n\u00e3o indicam diretamente o dia em que a elei\u00e7\u00e3o ser\u00e1 conclu\u00edda.<\/p>\n\n\n\n<p>Fonte G1 <\/p>\n","protected":false},"excerpt":{"rendered":"<p>Data foi escolhida durante reuni\u00e3o de cardeais nesta segunda (28). Segundo determina a Igreja, a vota\u00e7\u00e3o come\u00e7ar\u00e1 apenas ap\u00f3s per\u00edodo de luto de nove dias pela morte do papa Francisco, iniciado ap\u00f3s seu sepultamento no s\u00e1bado. O conclave, vota\u00e7\u00e3o dos cardeais da Igreja Cat\u00f3lica para eleger um novo papa,\u00a0come\u00e7ar\u00e1 dia 7 de maio, anunciou o\u00a0Vaticano\u00a0nesta [&hellip;]<\/p>\n","protected":false},"author":8,"featured_media":26921,"comment_status":"closed","ping_status":"open","sticky":false,"template":"","format":"standard","meta":{"rop_custom_images_group":[],"rop_custom_messages_group":[],"rop_publish_now":"initial","rop_publish_now_accounts":[],"rop_publish_now_history":[],"rop_publish_now_status":"pending","footnotes":""},"categories":[212],"tags":[],"class_list":["post-26919","post","type-post","status-publish","format-standard","has-post-thumbnail","hentry","category-internacional"],"amp_enabled":true,"_links":{"self":[{"href":"https:\/\/imais.online\/portal\/wp-json\/wp\/v2\/posts\/26919","targetHints":{"allow":["GET"]}}],"collection":[{"href":"https:\/\/imais.online\/portal\/wp-json\/wp\/v2\/posts"}],"about":[{"href":"https:\/\/imais.online\/portal\/wp-json\/wp\/v2\/types\/post"}],"author":[{"embeddable":true,"href":"https:\/\/imais.online\/portal\/wp-json\/wp\/v2\/users\/8"}],"replies":[{"embeddable":true,"href":"https:\/\/imais.online\/portal\/wp-json\/wp\/v2\/comments?post=26919"}],"version-history":[{"count":2,"href":"https:\/\/imais.online\/portal\/wp-json\/wp\/v2\/posts\/26919\/revisions"}],"predecessor-version":[{"id":26926,"href":"https:\/\/imais.online\/portal\/wp-json\/wp\/v2\/posts\/26919\/revisions\/26926"}],"wp:featuredmedia":[{"embeddable":true,"href":"https:\/\/imais.online\/portal\/wp-json\/wp\/v2\/media\/26921"}],"wp:attachment":[{"href":"https:\/\/imais.online\/portal\/wp-json\/wp\/v2\/media?parent=26919"}],"wp:term":[{"taxonomy":"category","embeddable":true,"href":"https:\/\/imais.online\/portal\/wp-json\/wp\/v2\/categories?post=26919"},{"taxonomy":"post_tag","embeddable":true,"href":"https:\/\/imais.online\/portal\/wp-json\/wp\/v2\/tags?post=26919"}],"curies":[{"name":"wp","href":"https:\/\/api.w.org\/{rel}","templated":true}]}}