{"id":26924,"date":"2025-04-28T09:08:59","date_gmt":"2025-04-28T12:08:59","guid":{"rendered":"https:\/\/imais.online\/portal\/?p=26924"},"modified":"2025-04-28T09:09:00","modified_gmt":"2025-04-28T12:09:00","slug":"apagao-massivo-atinge-portugal-e-outros-paises-da-europa","status":"publish","type":"post","link":"https:\/\/imais.online\/portal\/apagao-massivo-atinge-portugal-e-outros-paises-da-europa\/","title":{"rendered":"Apag\u00e3o massivo atinge Portugal e outros pa\u00edses da Europa"},"content":{"rendered":"<div class=\"imais-before-content-placement\" id=\"imais-1055993880\"><script async src=\"\/\/pagead2.googlesyndication.com\/pagead\/js\/adsbygoogle.js?client=ca-pub-8787528412751566\" crossorigin=\"anonymous\"><\/script><ins class=\"adsbygoogle\" style=\"display:block;\" data-ad-client=\"ca-pub-8787528412751566\" \ndata-ad-slot=\"\" \ndata-ad-format=\"auto\"><\/ins>\n<script> \n(adsbygoogle = window.adsbygoogle || []).push({}); \n<\/script>\n<\/div>\n<h2 class=\"wp-block-heading\">O Instituto Nacional de Seguran\u00e7a Cibern\u00e9tica (INCIBE) est\u00e1 investigando a situa\u00e7\u00e3o para verificar a possibilidade de um ataque cibern\u00e9tico, embora ainda n\u00e3o tenha chegado a uma conclus\u00e3o<\/h2>\n\n\n\n<p>Um apag\u00e3o geral afeta moradores de Portugal e de outros pa\u00edses da Europa na manh\u00e3 desta segunda-feira. A concession\u00e1ria espanhola Red El\u00e9trica confirmou a falha no pa\u00eds e a operadora de energia de Portugal afirma que o apag\u00e3o atinge &#8220;toda a Pen\u00ednsula Ib\u00e9rica&#8221; e parte da Fran\u00e7a. Linhas telef\u00f4nicas e sem\u00e1foros foram afetados e, nos aeroportos, os embarques est\u00e3o sendo feitos &#8220;\u00e0 moda antiga&#8221; e o check-in de forma manual.<\/p>\n\n\n\n<p>Em Portugal, h\u00e1 pessoas presas dentro de vag\u00f5es de metr\u00f4 e hospitais come\u00e7am a enfrentar problemas com a aus\u00eancia de energia. Faculdades como o Centro de Ci\u00eancias Sociais e Humanas da Universidade Nova de Lisboa j\u00e1 funcionam apenas com geradores. O jornal Di\u00e1rio de Not\u00edcias indica que o grupo que liga todo os fornecedores de energia em Portugal j\u00e1 reportou a situa\u00e7\u00e3o ao Centro Nacional de Ciberseguran\u00e7a.<\/p>\n\n\n\n<p>O Hospital de Santa Maria, em Lisboa, ativou o plano de emerg\u00eancia, com uso de geradores para alimentar \u00e1reas como do bloco operat\u00f3rio e cuidados intensivos. O Instituto Nacional de Emerg\u00eancia M\u00e9dica de Portugal fez um apelo para que os cidad\u00e3os usem os servi\u00e7os apenas em caso de necessidade para evitar uma sobrecarga do sistema.<\/p>\n\n\n\n<p>O Instituto Nacional de Seguran\u00e7a Cibern\u00e9tica (INCIBE) est\u00e1 investigando a situa\u00e7\u00e3o para verificar a possibilidade de um ataque cibern\u00e9tico, embora ainda n\u00e3o tenha chegado a uma conclus\u00e3o. Segundo o ministro da Coes\u00e3o Territorial de Portugal, Manuel Castro Almeida, um ciberataque poder\u00e1 ter sido a fonte do apag\u00e3o europeu.<\/p>\n\n\n\n<p>\u2014 Sei que abrange v\u00e1rios pa\u00edses da Europa &#8211; Portugal, Espanha, Fran\u00e7a e Alemanha e creio que tamb\u00e9m Marrocos. (&#8230;) Coisa em grande escala que, pela dimens\u00e3o que tem, \u00e9 compat\u00edvel com um ciberataque. Mas \u00e9 uma informa\u00e7\u00e3o n\u00e3o confirmada \u2014 disse ele \u00e0 &#8220;RTP&#8221;.<\/p>\n\n\n\n<p>Na Espanha, foram ativados planos de reposi\u00e7\u00e3o do fornecimento de energia el\u00e9trica em colabora\u00e7\u00e3o com as empresas do setor. &#8220;As causas est\u00e3o sendo analisadas e todos os recursos est\u00e3o sendo mobilizados para solucionar o problema&#8221;, declarou a empresa. No pa\u00eds, o blecaute afetou diversas cidades como Madri, Sevilha, Granada, M\u00e1laga e C\u00e1diz.<\/p>\n\n\n\n<p>Na capital espanhola, o jogo de t\u00eanis entre Dimitrov e Fearnely precisou ser paralisado porque uma c\u00e2mera ficou parada em cima da quadra devido \u00e0 falta de eletricidade. A partida estava no segundo set quando precisou ser paralisada.<\/p>\n\n\n\n<p>Cidad\u00e3os de Andorra e de partes da Fran\u00e7a que fazem fronteira com a Espanha tamb\u00e9m relataram ter sido afetados pelo apag\u00e3o. Outras interrup\u00e7\u00f5es foram relatadas at\u00e9 mesmo na B\u00e9lgica, de acordo com as informa\u00e7\u00f5es mais recentes.<\/p>\n\n\n\n<p>Fonte O Globo <\/p>\n","protected":false},"excerpt":{"rendered":"<p>O Instituto Nacional de Seguran\u00e7a Cibern\u00e9tica (INCIBE) est\u00e1 investigando a situa\u00e7\u00e3o para verificar a possibilidade de um ataque cibern\u00e9tico, embora ainda n\u00e3o tenha chegado a uma conclus\u00e3o Um apag\u00e3o geral afeta moradores de Portugal e de outros pa\u00edses da Europa na manh\u00e3 desta segunda-feira. A concession\u00e1ria espanhola Red El\u00e9trica confirmou a falha no pa\u00eds e [&hellip;]<\/p>\n","protected":false},"author":8,"featured_media":26927,"comment_status":"closed","ping_status":"open","sticky":false,"template":"","format":"standard","meta":{"rop_custom_images_group":[],"rop_custom_messages_group":[],"rop_publish_now":"initial","rop_publish_now_accounts":[],"rop_publish_now_history":[],"rop_publish_now_status":"pending","footnotes":""},"categories":[212],"tags":[],"class_list":["post-26924","post","type-post","status-publish","format-standard","has-post-thumbnail","hentry","category-internacional"],"amp_enabled":true,"_links":{"self":[{"href":"https:\/\/imais.online\/portal\/wp-json\/wp\/v2\/posts\/26924","targetHints":{"allow":["GET"]}}],"collection":[{"href":"https:\/\/imais.online\/portal\/wp-json\/wp\/v2\/posts"}],"about":[{"href":"https:\/\/imais.online\/portal\/wp-json\/wp\/v2\/types\/post"}],"author":[{"embeddable":true,"href":"https:\/\/imais.online\/portal\/wp-json\/wp\/v2\/users\/8"}],"replies":[{"embeddable":true,"href":"https:\/\/imais.online\/portal\/wp-json\/wp\/v2\/comments?post=26924"}],"version-history":[{"count":1,"href":"https:\/\/imais.online\/portal\/wp-json\/wp\/v2\/posts\/26924\/revisions"}],"predecessor-version":[{"id":26929,"href":"https:\/\/imais.online\/portal\/wp-json\/wp\/v2\/posts\/26924\/revisions\/26929"}],"wp:featuredmedia":[{"embeddable":true,"href":"https:\/\/imais.online\/portal\/wp-json\/wp\/v2\/media\/26927"}],"wp:attachment":[{"href":"https:\/\/imais.online\/portal\/wp-json\/wp\/v2\/media?parent=26924"}],"wp:term":[{"taxonomy":"category","embeddable":true,"href":"https:\/\/imais.online\/portal\/wp-json\/wp\/v2\/categories?post=26924"},{"taxonomy":"post_tag","embeddable":true,"href":"https:\/\/imais.online\/portal\/wp-json\/wp\/v2\/tags?post=26924"}],"curies":[{"name":"wp","href":"https:\/\/api.w.org\/{rel}","templated":true}]}}