{"id":27011,"date":"2025-05-02T09:43:56","date_gmt":"2025-05-02T12:43:56","guid":{"rendered":"https:\/\/imais.online\/portal\/?p=27011"},"modified":"2025-05-02T09:43:57","modified_gmt":"2025-05-02T12:43:57","slug":"conclave-vaticano-instala-chamine-sobre-a-capela-sistina","status":"publish","type":"post","link":"https:\/\/imais.online\/portal\/conclave-vaticano-instala-chamine-sobre-a-capela-sistina\/","title":{"rendered":"Conclave: Vaticano instala chamin\u00e9 sobre a Capela Sistina"},"content":{"rendered":"<div class=\"imais-before-content-placement\" id=\"imais-86896956\"><script async src=\"\/\/pagead2.googlesyndication.com\/pagead\/js\/adsbygoogle.js?client=ca-pub-8787528412751566\" crossorigin=\"anonymous\"><\/script><ins class=\"adsbygoogle\" style=\"display:block;\" data-ad-client=\"ca-pub-8787528412751566\" \ndata-ad-slot=\"\" \ndata-ad-format=\"auto\"><\/ins>\n<script> \n(adsbygoogle = window.adsbygoogle || []).push({}); \n<\/script>\n<\/div>\n<p>Fuma\u00e7a diz ao mundo exterior se um novo papa foi escolhido no conclave<\/p>\n\n\n\n<p>Funcion\u00e1rios do Vaticano instalaram nesta sexta-feira (2) a chamin\u00e9 no telhado da Capela Sistina, que ser\u00e1 usada para queimar as c\u00e9dulas do conclave que eleger\u00e1 o sucessor do Papa Francisco.<\/p>\n\n\n\n<p>A reuni\u00e3o secreta come\u00e7a em 7 de maio, com os cardeais usando a chamin\u00e9 para dizer ao mundo exterior se elegeram um novo l\u00edder da Igreja Cat\u00f3lica, que conta com 1,4 bilh\u00e3o de fi\u00e9is.<\/p>\n\n\n\n<p>Fuma\u00e7a preta significar\u00e1 que n\u00e3o h\u00e1 decis\u00e3o, enquanto a<a href=\"https:\/\/www.cnnbrasil.com.br\/internacional\/saiba-o-segredo-por-tras-da-fumaca-do-vaticano-na-eleicao-do-papa\/\">\u00a0branca anunciar\u00e1 que o 267\u00ba papa foi eleito.\u00a0<\/a><\/p>\n\n\n\n<p>Os trabalhadores fixaram o cano cor de ferrugem acima das telhas de terracota do telhado da&nbsp;<a href=\"https:\/\/www.cnnbrasil.com.br\/internacional\/conclave-conheca-a-capela-sistina-onde-acontecera-eleicao-do-proximo-papa\/\">Capela Sistina<\/a>&nbsp;do s\u00e9culo XV , conhecida por seus afrescos de Michelangelo.<\/p>\n\n\n\n<p>A chamin\u00e9 \u00e9 claramente vis\u00edvel da Pra\u00e7a de S\u00e3o Pedro, onde milhares de pessoas devem se reunir durante o conclave para ver como a vota\u00e7\u00e3o secreta est\u00e1 progredindo.Play Video<\/p>\n\n\n\n<p><a href=\"https:\/\/www.cnnbrasil.com.br\/internacional\/papa-francisco-defendeu-rigor-contra-pedofilia-veja-principais-reformas\/\">Francisco, que faleceu em 21 de abril<\/a>, era papa desde 2013 e foi o primeiro pont\u00edfice da Am\u00e9rica.&nbsp;<a href=\"https:\/\/www.cnnbrasil.com.br\/internacional\/cardeais-favoritos-do-conclave-ja-chegaram-ao-vaticano\/\">Cerca de 133 cardeais, cerca de 80% deles nomeados por Francisco,<\/a>&nbsp;devem votar em seu sucessor.<\/p>\n\n\n\n<p>Os dois \u00faltimos conclaves, realizados em 2005 e 2013, terminaram no final do segundo dia de vota\u00e7\u00e3o.<\/p>\n\n\n\n<ul class=\"wp-block-list\">\n<li class=\"has-small-font-size\"><img decoding=\"async\" src=\"https:\/\/www.cnnbrasil.com.br\/wp-content\/uploads\/sites\/12\/2025\/04\/GettyImages-52645715.jpg?w=755\" alt=\"\">Cardeais da Igreja Cat\u00f3lica participam do conclave eleitoral na Capela Sistina, em 18 de abril de 2005, no Vaticano, Cidade do Vaticano. Os 115 cardeais eleger\u00e3o o sucessor do Papa Jo\u00e3o Paulo II durante o Conclave na Capela, momento em que a fuma\u00e7a branca simb\u00f3lica que sai da chamin\u00e9 anunciar\u00e1 ao mundo que eles chegaram a uma decis\u00e3o. \u2022\u00a0Arturo Mari &#8211; Vatican Pool<\/li>\n<\/ul>\n\n\n\n<p><\/p>\n\n\n\n<ul class=\"wp-block-list\">\n<li class=\"has-small-font-size\"><img decoding=\"async\" src=\"https:\/\/www.cnnbrasil.com.br\/wp-content\/uploads\/sites\/12\/2025\/04\/GettyImages-566419839.jpg?w=741\" alt=\"\">A Cria\u00e7\u00e3o de Ad\u00e3o do teto da Capela Sistina por Michelangelo Buonarroti (italiano, 1475-1564) GraphicaArtis<\/li>\n<\/ul>\n\n\n\n<p><\/p>\n\n\n\n<ul class=\"wp-block-list\">\n<li class=\"has-small-font-size\"><img decoding=\"async\" src=\"https:\/\/www.cnnbrasil.com.br\/wp-content\/uploads\/sites\/12\/2025\/02\/Fumaca-branca-novo-Papa-foi-escolhido.jpg?w=742\" alt=\"\">Fuma\u00e7a branca \u00e9 vista do teto da Capela Sistina, indicando que o Col\u00e9gio dos Cardeais elegeu um novo Papa em 13 de mar\u00e7o de 2013 na Cidade do Vaticano, Vaticano \u2022\u00a0Peter Macdiarmid<\/li>\n<\/ul>\n\n\n\n<p><\/p>\n\n\n\n<ul class=\"wp-block-list\">\n<li class=\"has-small-font-size\"><img decoding=\"async\" src=\"https:\/\/www.cnnbrasil.com.br\/wp-content\/uploads\/sites\/12\/2025\/04\/GettyImages-1198453502.jpg?w=744\" alt=\"\">O Papa Francisco posa com embaixadores credenciados junto \u00e0 Santa S\u00e9 na Capela Sistina, em 9 de janeiro de 2020, na Cidade do Vaticano. Em seu discurso anual aos membros do corpo diplom\u00e1tico no in\u00edcio do novo ano, o Papa Francisco afirma que o aumento das tens\u00f5es entre o Ir\u00e3 e os Estados Unidos &#8220;corre o risco de&#8230; comprometer o processo gradual de reconstru\u00e7\u00e3o no Iraque, al\u00e9m de preparar o terreno para um conflito mais amplo&#8221; \u2022\u00a0Vatican Pool<\/li>\n<\/ul>\n\n\n\n<p><\/p>\n\n\n\n<ul class=\"wp-block-list\">\n<li class=\"has-small-font-size\"><img decoding=\"async\" src=\"https:\/\/www.cnnbrasil.com.br\/wp-content\/uploads\/sites\/12\/2025\/04\/GettyImages-515410668_3a0d78-e1745938815739.jpg?w=880\" alt=\"\">A prociss\u00e3o do Sagrado Col\u00e9gio dos Cardeais segue para a Capela Sistina, onde ser\u00e3o trancados para dar in\u00edcio ao conclave para eleger o sucessor do Papa Jo\u00e3o Paulo I <\/li>\n<\/ul>\n\n\n\n<p>Fonte CNN Brasil <\/p>\n","protected":false},"excerpt":{"rendered":"<p>Fuma\u00e7a diz ao mundo exterior se um novo papa foi escolhido no conclave Funcion\u00e1rios do Vaticano instalaram nesta sexta-feira (2) a chamin\u00e9 no telhado da Capela Sistina, que ser\u00e1 usada para queimar as c\u00e9dulas do conclave que eleger\u00e1 o sucessor do Papa Francisco. A reuni\u00e3o secreta come\u00e7a em 7 de maio, com os cardeais usando [&hellip;]<\/p>\n","protected":false},"author":8,"featured_media":27012,"comment_status":"closed","ping_status":"open","sticky":false,"template":"","format":"standard","meta":{"rop_custom_images_group":[],"rop_custom_messages_group":[],"rop_publish_now":"initial","rop_publish_now_accounts":[],"rop_publish_now_history":[],"rop_publish_now_status":"pending","footnotes":""},"categories":[212],"tags":[],"class_list":["post-27011","post","type-post","status-publish","format-standard","has-post-thumbnail","hentry","category-internacional"],"amp_enabled":true,"_links":{"self":[{"href":"https:\/\/imais.online\/portal\/wp-json\/wp\/v2\/posts\/27011","targetHints":{"allow":["GET"]}}],"collection":[{"href":"https:\/\/imais.online\/portal\/wp-json\/wp\/v2\/posts"}],"about":[{"href":"https:\/\/imais.online\/portal\/wp-json\/wp\/v2\/types\/post"}],"author":[{"embeddable":true,"href":"https:\/\/imais.online\/portal\/wp-json\/wp\/v2\/users\/8"}],"replies":[{"embeddable":true,"href":"https:\/\/imais.online\/portal\/wp-json\/wp\/v2\/comments?post=27011"}],"version-history":[{"count":1,"href":"https:\/\/imais.online\/portal\/wp-json\/wp\/v2\/posts\/27011\/revisions"}],"predecessor-version":[{"id":27013,"href":"https:\/\/imais.online\/portal\/wp-json\/wp\/v2\/posts\/27011\/revisions\/27013"}],"wp:featuredmedia":[{"embeddable":true,"href":"https:\/\/imais.online\/portal\/wp-json\/wp\/v2\/media\/27012"}],"wp:attachment":[{"href":"https:\/\/imais.online\/portal\/wp-json\/wp\/v2\/media?parent=27011"}],"wp:term":[{"taxonomy":"category","embeddable":true,"href":"https:\/\/imais.online\/portal\/wp-json\/wp\/v2\/categories?post=27011"},{"taxonomy":"post_tag","embeddable":true,"href":"https:\/\/imais.online\/portal\/wp-json\/wp\/v2\/tags?post=27011"}],"curies":[{"name":"wp","href":"https:\/\/api.w.org\/{rel}","templated":true}]}}