{"id":27040,"date":"2025-05-03T16:34:03","date_gmt":"2025-05-03T19:34:03","guid":{"rendered":"https:\/\/imais.online\/portal\/?p=27040"},"modified":"2025-05-03T16:34:04","modified_gmt":"2025-05-03T19:34:04","slug":"atriz-mirim-millena-brandao-morre-aos-11-anos-apos-12-paradas-cardiacas","status":"publish","type":"post","link":"https:\/\/imais.online\/portal\/atriz-mirim-millena-brandao-morre-aos-11-anos-apos-12-paradas-cardiacas\/","title":{"rendered":"Atriz mirim Millena Brand\u00e3o morre aos 11 anos ap\u00f3s 12 paradas card\u00edacas"},"content":{"rendered":"<div class=\"imais-before-content-placement\" id=\"imais-2527709612\"><script async src=\"\/\/pagead2.googlesyndication.com\/pagead\/js\/adsbygoogle.js?client=ca-pub-8787528412751566\" crossorigin=\"anonymous\"><\/script><ins class=\"adsbygoogle\" style=\"display:block;\" data-ad-client=\"ca-pub-8787528412751566\" \ndata-ad-slot=\"\" \ndata-ad-format=\"auto\"><\/ins>\n<script> \n(adsbygoogle = window.adsbygoogle || []).push({}); \n<\/script>\n<\/div>\n<h2 class=\"wp-block-heading\">Internada com dores de cabe\u00e7a forte, a atriz mirim teve um tumor de cinco cent\u00edmetros encontrado no c\u00e9rebro<\/h2>\n\n\n\n<p>A atriz mirim\u00a0<strong>Millena Brand\u00e3o<\/strong>\u00a0morreu na noite desta sexta-feira (2) aos 11 anos. A informa\u00e7\u00e3o foi dada por meio do perfil do Instagram da atriz mirim, administrado pelos pais. A menina foi<a class=\"\" href=\"https:\/\/revistaquem.globo.com\/saude\/noticia\/2025\/05\/na-unidade-de-atendimento-a-pacientes-criticos-atriz-mirim-millena-brandao-esta-em-estado-clinico-instavel-diz-boletim.ghtml\">\u00a0diagnosticada com um tumor cerebral\u00a0<\/a>com 5 cent\u00edmetros e\u00a0<a class=\"\" href=\"https:\/\/revistaquem.globo.com\/noticias\/noticia\/2025\/05\/atriz-mirim-do-sbt-millena-brandao-tem-quadro-de-saude-delicado-a-gente-nao-quer-acreditar-diz-mae.ghtml\">sofreu 12 paradas cardiorrespirat\u00f3rias<\/a>. &#8220;Nossa menina se foi&#8221;, disse o post feito pela administradora do perfil, a m\u00e3e da menina,<strong>\u00a0Thays Brand\u00e3o.\u00a0<\/strong>O pai da atriz,\u00a0<strong>Luizinho Mour\u00e3o<\/strong>, tamb\u00e9m lamentou a perda. &#8220;Vai com Deus, minha menina, papai te ama&#8221;, disse ele.<\/p>\n\n\n\n<figure class=\"wp-block-image\"><img decoding=\"async\" src=\"https:\/\/s2-quem.glbimg.com\/MamGd1NtevNBB9wBbNBjxfpStQw=\/0x0:1440x960\/984x0\/smart\/filters:strip_icc()\/i.s3.glbimg.com\/v1\/AUTH_b0f0e84207c948ab8b8777be5a6a4395\/internal_photos\/bs\/2025\/M\/5\/sASmr4QzuVh8wjBwRiDQ\/ud-millenamboficial-3530321548928309175-47891444215-02-05-2025.jpg\" alt=\"MIllena Brand\u00e3o com os pais e a irm\u00e3 \u2014 Foto: Reprodu\u00e7\u00e3o\/Instagram\"\/><\/figure>\n\n\n\n<p class=\"has-small-font-size\">MIllena Brand\u00e3o com os pais e a irm\u00e3 \u2014 Foto: Reprodu\u00e7\u00e3o\/Instagram<\/p>\n\n\n\n<p>O Hospital Geral de Graja\u00fa, em S\u00e3o Paulo, onde ela estava internada desde o dia 29 de abril, confirmou \u00e0&nbsp;<strong>Quem<\/strong>&nbsp;a morte encef\u00e1lica.<\/p>\n\n\n\n<p>&#8220;Hospital Geral do Graja\u00fa informa, com profundo pesar, que foi confirmada, \u00e0s 16h55 de hoje (02), a morte encef\u00e1lica da paciente Millena Brand\u00e3o, que deu entrada nesta unidade em estado grav\u00edssimo no dia 29\/04\/2025, transferida da Unidade de Pronto Atendimento Maria Antonieta (UPA). Desde a sua chegada, a paciente recebeu cuidados intensivos e todo o empenho da equipe m\u00e9dica e assistencial, que n\u00e3o mediu esfor\u00e7os para preservar sua vida. A confirma\u00e7\u00e3o do diagn\u00f3stico ocorreu ap\u00f3s rigoroso cumprimento do protocolo estabelecido para esses casos. A fam\u00edlia esteve acompanhando cada etapa do cuidado, sendo mantida informada com respeito, acolhimento e todo o apoio necess\u00e1rio neste momento de profunda dor. Nos solidarizamos com os familiares e reafirmamos nosso compromisso com um cuidado digno e humano&#8221;, diz o boletim m\u00e9dico da noite desta sexta-feira (2).<\/p>\n\n\n\n<figure class=\"wp-block-image\"><img decoding=\"async\" src=\"https:\/\/s2-quem.glbimg.com\/Mwke_cMmcK77UI3Qvo7oKnfmBq4=\/0x0:3264x2300\/984x0\/smart\/filters:strip_icc()\/i.s3.glbimg.com\/v1\/AUTH_b0f0e84207c948ab8b8777be5a6a4395\/internal_photos\/bs\/2025\/w\/6\/WhAvydTMqMUYGxPeqETQ\/millena.jpg\" alt=\"Atriz mirim Millena Brand\u00e3o morre aos 11 anos \u2014 Foto: Reprodu\u00e7\u00e3o\/Instagram\"\/><figcaption class=\"wp-element-caption\">Atriz mirim Millena Brand\u00e3o morre aos 11 anos \u2014 Foto: Reprodu\u00e7\u00e3o\/Instagram<\/figcaption><\/figure>\n\n\n\n<p>As dores de cabe\u00e7a, segundo a m\u00e3e, come\u00e7aram h\u00e1 uma semana, quando ela foi internada, motivada por um diagn\u00f3stico de dengue. Uma mancha no c\u00e9rebro foi encontrada durante uma bateria de exames e a piora vis\u00edvel da crian\u00e7a.<\/p>\n\n\n\n<p>Millena fazia v\u00e1rios trabalhos como modelo e atuou como figurante da novela\u00a0<em>A Inf\u00e2ncia de Romeu e Julieta<\/em>, do SBT. Ela deixa os pais, Thays e Luizinho, e a irm\u00e3\u00a0<strong>Alice<\/strong>.<\/p>\n\n\n\n<h2 class=\"wp-block-heading\">Millena Brand\u00e3o<\/h2>\n\n\n\n<p>Como atriz, Millena fez parte do grupo de figurantes da novela<em>\u00a0A Inf\u00e2ncia de Romeu e Julieta,<\/em>\u00a0exibida pelo SBT, e participou da s\u00e9rie<em>\u00a0Sintonia<\/em>, da Netflix.<\/p>\n\n\n\n<p>Millena tamb\u00e9m fez parte da Cia Art\u00edstica En\u2019cena em produ\u00e7\u00f5es de teatro musical.<\/p>\n\n\n\n<p>A menina tamb\u00e9m era modelo e influenciadora. Com mais de 150 mil seguidores, a p\u00e1gina administrada pela fam\u00edlia postava ensaios de moda e o dia a dia dela.<\/p>\n\n\n\n<figure class=\"wp-block-image\"><img decoding=\"async\" src=\"https:\/\/s2-quem.glbimg.com\/ZBYrZUdNt15VwU4yOT4eITjT1sQ=\/0x0:1440x1791\/984x0\/smart\/filters:strip_icc()\/i.s3.glbimg.com\/v1\/AUTH_b0f0e84207c948ab8b8777be5a6a4395\/internal_photos\/bs\/2025\/Z\/a\/8RyiqASqOdiZlrnabJQw\/sofiaamorimsantos-491438761-18044982866596216-5678538471959310878-n.jpg\" alt=\"Atriz mirim Millena Brand\u00e3o morre aos 11 anos \u2014 Foto: Reprodu\u00e7\u00e3o\/Instagram\"\/><figcaption class=\"wp-element-caption\">Atriz mirim Millena Brand\u00e3o morre aos 11 anos \u2014 Foto: Reprodu\u00e7\u00e3o\/Instagram<\/figcaption><\/figure>\n\n\n\n<p>Revista Quem <\/p>\n","protected":false},"excerpt":{"rendered":"<p>Internada com dores de cabe\u00e7a forte, a atriz mirim teve um tumor de cinco cent\u00edmetros encontrado no c\u00e9rebro A atriz mirim\u00a0Millena Brand\u00e3o\u00a0morreu na noite desta sexta-feira (2) aos 11 anos. A informa\u00e7\u00e3o foi dada por meio do perfil do Instagram da atriz mirim, administrado pelos pais. A menina foi\u00a0diagnosticada com um tumor cerebral\u00a0com 5 cent\u00edmetros [&hellip;]<\/p>\n","protected":false},"author":8,"featured_media":27041,"comment_status":"closed","ping_status":"open","sticky":false,"template":"","format":"standard","meta":{"rop_custom_images_group":[],"rop_custom_messages_group":[],"rop_publish_now":"initial","rop_publish_now_accounts":[],"rop_publish_now_history":[],"rop_publish_now_status":"pending","footnotes":""},"categories":[237],"tags":[],"class_list":["post-27040","post","type-post","status-publish","format-standard","has-post-thumbnail","hentry","category-luto"],"amp_enabled":true,"_links":{"self":[{"href":"https:\/\/imais.online\/portal\/wp-json\/wp\/v2\/posts\/27040","targetHints":{"allow":["GET"]}}],"collection":[{"href":"https:\/\/imais.online\/portal\/wp-json\/wp\/v2\/posts"}],"about":[{"href":"https:\/\/imais.online\/portal\/wp-json\/wp\/v2\/types\/post"}],"author":[{"embeddable":true,"href":"https:\/\/imais.online\/portal\/wp-json\/wp\/v2\/users\/8"}],"replies":[{"embeddable":true,"href":"https:\/\/imais.online\/portal\/wp-json\/wp\/v2\/comments?post=27040"}],"version-history":[{"count":1,"href":"https:\/\/imais.online\/portal\/wp-json\/wp\/v2\/posts\/27040\/revisions"}],"predecessor-version":[{"id":27042,"href":"https:\/\/imais.online\/portal\/wp-json\/wp\/v2\/posts\/27040\/revisions\/27042"}],"wp:featuredmedia":[{"embeddable":true,"href":"https:\/\/imais.online\/portal\/wp-json\/wp\/v2\/media\/27041"}],"wp:attachment":[{"href":"https:\/\/imais.online\/portal\/wp-json\/wp\/v2\/media?parent=27040"}],"wp:term":[{"taxonomy":"category","embeddable":true,"href":"https:\/\/imais.online\/portal\/wp-json\/wp\/v2\/categories?post=27040"},{"taxonomy":"post_tag","embeddable":true,"href":"https:\/\/imais.online\/portal\/wp-json\/wp\/v2\/tags?post=27040"}],"curies":[{"name":"wp","href":"https:\/\/api.w.org\/{rel}","templated":true}]}}