{"id":27069,"date":"2025-05-05T08:52:04","date_gmt":"2025-05-05T11:52:04","guid":{"rendered":"https:\/\/imais.online\/portal\/?p=27069"},"modified":"2025-05-05T08:52:05","modified_gmt":"2025-05-05T11:52:05","slug":"familia-real-reage-apos-nova-entrevista-polemica-do-principe-harry","status":"publish","type":"post","link":"https:\/\/imais.online\/portal\/familia-real-reage-apos-nova-entrevista-polemica-do-principe-harry\/","title":{"rendered":"Fam\u00edlia real reage ap\u00f3s nova entrevista pol\u00eamica do pr\u00edncipe Harry"},"content":{"rendered":"<div class=\"imais-before-content-placement\" id=\"imais-1155417427\"><script async src=\"\/\/pagead2.googlesyndication.com\/pagead\/js\/adsbygoogle.js?client=ca-pub-8787528412751566\" crossorigin=\"anonymous\"><\/script><ins class=\"adsbygoogle\" style=\"display:block;\" data-ad-client=\"ca-pub-8787528412751566\" \ndata-ad-slot=\"\" \ndata-ad-format=\"auto\"><\/ins>\n<script> \n(adsbygoogle = window.adsbygoogle || []).push({}); \n<\/script>\n<\/div>\n<p>Pal\u00e1cio de Buckingham emite comunicado da fam\u00edlia real sobre o resultado de processo do pr\u00edncipe Harry ap\u00f3s nova indireta dele em entrevista<\/p>\n\n\n\n<p>A fam\u00edlia real se pronunciou por meio de um comunicado do Pal\u00e1cio de Buckingham ap\u00f3s a nova entrevista pol\u00eamica do&nbsp;<a href=\"https:\/\/caras.com.br\/tags\/principe-harry\" rel=\"noreferrer noopener\" target=\"_blank\">pr\u00edncipe&nbsp;<strong>Harry<\/strong><\/a>. Nesta sexta-feira, 2, ele conversou com a rede BBC sobre o resultado do seu processo em busca dos direitos por seguran\u00e7a no Reino Unido.<\/p>\n\n\n\n<p>O juiz do caso rejeitou o pedido de Harry para restaurar a seguran\u00e7a financiada pelo Estado para ele e sua fam\u00edlia. O pr\u00edncipe alegava que sua prote\u00e7\u00e3o foi removida injustamente quando ele se afastou dos deveres oficiais como membro da realeza em 2020. Na \u00e9poca, ele e a esposa pediram a permiss\u00e3o para a rainha Elizabeth II para n\u00e3o ter mais a obriga\u00e7\u00e3o de representarem a coroa e se mudarem para os Estados Unidos. Com isso, eles perderam o direito a prote\u00e7\u00e3o da realeza, que tem um esquema de seguran\u00e7a refor\u00e7ado para seus membros ativos.<\/p>\n\n\n\n<p>Com isso, Harry desabafou em uma entrevista \u00e0 BBC foi a negativa do retorno da seguran\u00e7a. \u201c<em>N\u00e3o consigo imaginar um mundo em que eu traria minha esposa e meus filhos de volta ao Reino Unido neste momento\u201d, disse ele, j\u00e1 que n\u00e3o sente que eles ser\u00e3o protegidos como devem. Inclusive, ele mandou uma indireta para o pai, o Rei Charles III, ao dizer que ele poderia ajud\u00e1-lo a recuperar sua seguran\u00e7a, mas que o pai n\u00e3o fez nada para apoi\u00e1-lo. \u201cH\u00e1 muito controle e habilidade nas m\u00e3os do meu pai. No fim das contas, tudo isso poderia ser resolvido por meio dele. N\u00e3o necessariamente intervindo, mas se afastando, permitindo que os especialistas fa\u00e7am o que for necess\u00e1rio<\/em>\u201d, analisou.<\/p>\n\n\n\n<p>Com isso, o Pal\u00e1cio de Buckingham reagiu \u00e0 entrevista de Harry e disse que o processo foi feito com muitas an\u00e1lises. &#8220;<em>Todas essas quest\u00f5es foram examinadas repetida e meticulosamente pelos tribunais, com a mesma conclus\u00e3o alcan\u00e7ada em todas as ocasi\u00f5es&#8221;<\/em>, disse um porta-voz do pal\u00e1cio \u00e0 revista People.\u00a0<\/p>\n\n\n\n<p>Fonte Revista Caras <\/p>\n","protected":false},"excerpt":{"rendered":"<p>Pal\u00e1cio de Buckingham emite comunicado da fam\u00edlia real sobre o resultado de processo do pr\u00edncipe Harry ap\u00f3s nova indireta dele em entrevista A fam\u00edlia real se pronunciou por meio de um comunicado do Pal\u00e1cio de Buckingham ap\u00f3s a nova entrevista pol\u00eamica do&nbsp;pr\u00edncipe&nbsp;Harry. Nesta sexta-feira, 2, ele conversou com a rede BBC sobre o resultado do [&hellip;]<\/p>\n","protected":false},"author":8,"featured_media":27070,"comment_status":"closed","ping_status":"open","sticky":false,"template":"","format":"standard","meta":{"rop_custom_images_group":[],"rop_custom_messages_group":[],"rop_publish_now":"initial","rop_publish_now_accounts":[],"rop_publish_now_history":[],"rop_publish_now_status":"pending","footnotes":""},"categories":[212],"tags":[],"class_list":["post-27069","post","type-post","status-publish","format-standard","has-post-thumbnail","hentry","category-internacional"],"amp_enabled":true,"_links":{"self":[{"href":"https:\/\/imais.online\/portal\/wp-json\/wp\/v2\/posts\/27069","targetHints":{"allow":["GET"]}}],"collection":[{"href":"https:\/\/imais.online\/portal\/wp-json\/wp\/v2\/posts"}],"about":[{"href":"https:\/\/imais.online\/portal\/wp-json\/wp\/v2\/types\/post"}],"author":[{"embeddable":true,"href":"https:\/\/imais.online\/portal\/wp-json\/wp\/v2\/users\/8"}],"replies":[{"embeddable":true,"href":"https:\/\/imais.online\/portal\/wp-json\/wp\/v2\/comments?post=27069"}],"version-history":[{"count":1,"href":"https:\/\/imais.online\/portal\/wp-json\/wp\/v2\/posts\/27069\/revisions"}],"predecessor-version":[{"id":27071,"href":"https:\/\/imais.online\/portal\/wp-json\/wp\/v2\/posts\/27069\/revisions\/27071"}],"wp:featuredmedia":[{"embeddable":true,"href":"https:\/\/imais.online\/portal\/wp-json\/wp\/v2\/media\/27070"}],"wp:attachment":[{"href":"https:\/\/imais.online\/portal\/wp-json\/wp\/v2\/media?parent=27069"}],"wp:term":[{"taxonomy":"category","embeddable":true,"href":"https:\/\/imais.online\/portal\/wp-json\/wp\/v2\/categories?post=27069"},{"taxonomy":"post_tag","embeddable":true,"href":"https:\/\/imais.online\/portal\/wp-json\/wp\/v2\/tags?post=27069"}],"curies":[{"name":"wp","href":"https:\/\/api.w.org\/{rel}","templated":true}]}}