{"id":27072,"date":"2025-05-05T09:17:03","date_gmt":"2025-05-05T12:17:03","guid":{"rendered":"https:\/\/imais.online\/portal\/?p=27072"},"modified":"2025-05-05T09:17:05","modified_gmt":"2025-05-05T12:17:05","slug":"pre-conclave-vaticano-instala-cortinas-em-varanda-da-basilica-de-sao-pedro","status":"publish","type":"post","link":"https:\/\/imais.online\/portal\/pre-conclave-vaticano-instala-cortinas-em-varanda-da-basilica-de-sao-pedro\/","title":{"rendered":"Pr\u00e9-conclave: Vaticano instala cortinas em varanda da Bas\u00edlica de S\u00e3o Pedro"},"content":{"rendered":"<div class=\"imais-before-content-placement\" id=\"imais-1177700229\"><script async src=\"\/\/pagead2.googlesyndication.com\/pagead\/js\/adsbygoogle.js?client=ca-pub-8787528412751566\" crossorigin=\"anonymous\"><\/script><ins class=\"adsbygoogle\" style=\"display:block;\" data-ad-client=\"ca-pub-8787528412751566\" \ndata-ad-slot=\"\" \ndata-ad-format=\"auto\"><\/ins>\n<script> \n(adsbygoogle = window.adsbygoogle || []).push({}); \n<\/script>\n<\/div>\n<h2 class=\"wp-block-heading\">Cortinas s\u00e3o utilizadas para revelar novo papa. Cardeais se re\u00fanem a portas fechadas para escolher o pr\u00f3ximo pont\u00edfice na Capela Sistina, no Vaticano, a partir de quarta-feira (7).<\/h2>\n\n\n\n<p>Dias antes do in\u00edcio do conclave, o\u00a0<a class=\"\" href=\"https:\/\/g1.globo.com\/tudo-sobre\/vaticano\/\">Vaticano<\/a>\u00a0instalou nesta segunda-feira (5) cortinas na varanda principal da Bas\u00edlica de S\u00e3o Pedro. As cortinas vermelhas ser\u00e3o utilizadas para revelar o novo papa em sua primeira b\u00ean\u00e7\u00e3o, a Urbi et Orbi.<\/p>\n\n\n\n<p>A instala\u00e7\u00e3o das cortinas nesta segunda-feira,&nbsp;<a class=\"\" href=\"https:\/\/g1.globo.com\/mundo\/noticia\/2025\/05\/02\/bombeiros-sao-vistos-instalando-chamine-no-telhado-da-capela-sistina.ghtml\">assim como a da chamin\u00e9 na semana passada<\/a>&nbsp;para anunciar o resultado das vota\u00e7\u00f5es do conclave, deixam os fi\u00e9is na Pra\u00e7a de S\u00e3o Pedro em um clima de expectativa para a escolha do novo comandante da Igreja Cat\u00f3lica.<\/p>\n\n\n\n<p>O conclave come\u00e7a na quarta-feira (7), e 133 cardeais escolher\u00e3o o pr\u00f3ximo pont\u00edfice.\u00a0<strong>Veja mais detalhes sobre o processo abaixo.<\/strong><\/p>\n\n\n\n<p>Assim que o conclave eleger um papa, ele aparecer\u00e1 na varanda central da &#8220;Loggia delle Benedizioni&#8221;, na Bas\u00edlica de S\u00e3o Pedro, para saudar a multid\u00e3o e dar sua b\u00ean\u00e7\u00e3o.<\/p>\n\n\n\n<p>Turistas disseram \u00e0 ag\u00eancia de not\u00edcias Reuters que est\u00e3o emocionados por estar em Roma neste momento e compartilharam suas esperan\u00e7as e expectativas em rela\u00e7\u00e3o ao novo papa. &#8220;Tenho muita esperan\u00e7a, porque acredito que o Papa Francisco nos deixou um legado incr\u00edvel a ser seguido, e sei que o Esp\u00edrito Santo estar\u00e1 guiando os cardeais na escolha do pr\u00f3ximo papa&#8221;, afirmou uma turista.<\/p>\n\n\n\n<figure class=\"wp-block-image\"><img decoding=\"async\" src=\"https:\/\/s2-g1.glbimg.com\/3eY1dksaJQEuo7Axm0mDp2z4pCE=\/0x0:5500x3667\/984x0\/smart\/filters:strip_icc()\/i.s3.glbimg.com\/v1\/AUTH_59edd422c0c84a879bd37670ae4f538a\/internal_photos\/bs\/2025\/9\/9\/f89ngRQqSwBQ8a0AiBcw\/2025-05-05t074554z-1564599489-rc2jbeahs23h-rtrmadp-3-pope-succession.jpg\" alt=\"Vaticano instala cortinas em varanda da Bas\u00edlica de S\u00e3o Pedro em 5 de maio de 2025. \u2014 Foto: REUTERS\/Stoyan Nenov\"\/><\/figure>\n\n\n\n<p class=\"has-small-font-size\">Vaticano instala cortinas em varanda da Bas\u00edlica de S\u00e3o Pedro em 5 de maio de 2025. \u2014 Foto: Stoyan Nenov<\/p>\n\n\n\n<p><strong>Conclave come\u00e7a na 4\u00aa<\/strong><\/p>\n\n\n\n<p>O conclave que vai eleger o sucessor do papa Francisco come\u00e7a na quarta-feira (7), no&nbsp;<a class=\"\" href=\"https:\/\/g1.globo.com\/tudo-sobre\/vaticano\/\">Vaticano<\/a>. A expectativa \u00e9 que a vota\u00e7\u00e3o dure de dois a tr\u00eas dias, segundo cardeais que participar\u00e3o da elei\u00e7\u00e3o.<\/p>\n\n\n\n<blockquote class=\"wp-block-quote is-layout-flow wp-block-quote-is-layout-flow\">\n<p>Os dez \u00faltimos conclaves duraram, em m\u00e9dia, cerca de tr\u00eas dias \u2014 e nenhum ultrapassou cinco. As elei\u00e7\u00f5es mais recentes, que elegeram Bento XVI em 2005 e Francisco em 2013, terminaram em apenas dois dias.<\/p>\n<\/blockquote>\n\n\n\n<p>Durante o conclave, os 133 cardeais eleitores ficam isolados na chamada &#8220;zona de conclave&#8221;, dentro do\u00a0<a class=\"\" href=\"https:\/\/g1.globo.com\/tudo-sobre\/vaticano\/\">Vaticano<\/a>, e juram segredo absoluto sobre o processo. As vota\u00e7\u00f5es s\u00e3o realizadas na Capela Sistina, sob os afrescos pintados por Michelangelo.<\/p>\n\n\n\n<p><strong>Veja, abaixo, perguntas e respostas sobre a elei\u00e7\u00e3o.<\/strong><\/p>\n\n\n\n<h2 class=\"wp-block-heading\">Quantos votos s\u00e3o necess\u00e1rios para eleger o novo papa?<\/h2>\n\n\n\n<p>Para ser eleito, s\u00e3o necess\u00e1rios&nbsp;<strong>dois ter\u00e7os dos votos do Col\u00e9gio de Eleitores.<\/strong>&nbsp;A vota\u00e7\u00e3o \u00e9 secreta, e as c\u00e9dulas s\u00e3o queimadas ap\u00f3s a contagem.&nbsp;Em um cen\u00e1rio com 133 cardeais,&nbsp;<strong>ser\u00e3o necess\u00e1rios ao menos 89 votos para vencer a vota\u00e7\u00e3o.<\/strong><\/p>\n\n\n\n<ul class=\"wp-block-list\">\n<li>Ao todo, at\u00e9&nbsp;<strong>quatro vota\u00e7\u00f5es<\/strong>&nbsp;podem ser realizadas<strong>&nbsp;por dia<\/strong>&nbsp;\u2014 duas pela manh\u00e3 e duas \u00e0 tarde.<\/li>\n\n\n\n<li>Se, depois do terceiro dia de Conclave, a Igreja continuar sem papa, uma&nbsp;<strong>pausa de 24 horas<\/strong>&nbsp;\u00e9 feita para ora\u00e7\u00f5es.<\/li>\n\n\n\n<li>Outra pausa pode ser convocada ap\u00f3s mais&nbsp;<strong>sete vota\u00e7\u00f5es&nbsp;<\/strong>sem um eleito.<\/li>\n<\/ul>\n\n\n\n<p>Caso haja&nbsp;<strong>34 vota\u00e7\u00f5es sem consenso<\/strong>, os dois mais votados da \u00faltima rodada disputar\u00e3o uma esp\u00e9cie de &#8220;segundo turno&#8221;. Ainda assim, ser\u00e1 necess\u00e1rio atingir dois ter\u00e7os dos votos para que um deles seja eleito.<\/p>\n\n\n\n<figure class=\"wp-block-image\"><img decoding=\"async\" src=\"https:\/\/s2-g1.glbimg.com\/N4IXWpRx-T4BsvvcUpNakryEO3k=\/0x0:7000x4667\/984x0\/smart\/filters:strip_icc()\/i.s3.glbimg.com\/v1\/AUTH_59edd422c0c84a879bd37670ae4f538a\/internal_photos\/bs\/2025\/Z\/E\/sBgqyxR2q3tABS7oBGpw\/2025-05-03t202217z-307068756-rc2jaeafoj0l-rtrmadp-3-pope-succession-rosary.jpg\" alt=\"Fieis e cardeais em prociss\u00e3o na pra\u00e7a S\u00e3o Pedro, no Vaticano, antes do conclave \u2014 Foto: Alkis Konstantinidis\/Reuters\"\/><\/figure>\n\n\n\n<p class=\"has-small-font-size\">Fieis e cardeais em prociss\u00e3o na pra\u00e7a S\u00e3o Pedro, no Vaticano, antes do conclave \u2014 Foto: Alkis Konstantinidis<\/p>\n\n\n\n<h2 class=\"wp-block-heading\">Quanto tempo pode durar a vota\u00e7\u00e3o?<\/h2>\n\n\n\n<p>Os conclaves que elegeram Francisco, em 2013, e Bento XVI, em 2005, foram conclu\u00eddos em apenas dois dias. De modo geral, as elei\u00e7\u00f5es dos \u00faltimos 100 anos foram rapidamente resolvidas.<\/p>\n\n\n\n<p>Na hist\u00f3ria da Igreja como um todo, por\u00e9m, j\u00e1 houve elei\u00e7\u00f5es que duraram semanas \u2014 incluindo um epis\u00f3dio no s\u00e9culo 13 em que um conclave demorou mais de dois anos para ser conclu\u00eddo e terminou com a elei\u00e7\u00e3o de Greg\u00f3rio X.<\/p>\n\n\n\n<p><strong>Cardeais disseram \u00e0 imprensa que o conclave deste ano deve ser curto, durando no m\u00e1ximo tr\u00eas dias<\/strong>.<\/p>\n\n\n\n<figure class=\"wp-block-image\"><img decoding=\"async\" src=\"https:\/\/s2-g1.glbimg.com\/pzoBTG2mAwXN1b9oUaWX5n6tUek=\/0x0:1700x1065\/984x0\/smart\/filters:strip_icc()\/s.glbimg.com\/jo\/g1\/f\/original\/2013\/03\/12\/vatican-pope_fran22.jpg\" alt=\"Cardeal coloca sua mitra durante a missa do in\u00edcio do conclave \u2014 Foto: Andrew Medichini\/AP\"\/><\/figure>\n\n\n\n<p class=\"has-small-font-size\">Cardeal coloca sua mitra durante a missa do in\u00edcio do conclave \u2014 Foto: Andrew Medichini\/AP<\/p>\n\n\n\n<p><strong>Se a escolha ocorre em segredo, como \u00e9 poss\u00edvel saber que um novo papa foi eleito?<\/strong><\/p>\n\n\n\n<p>\u00c9 poss\u00edvel saber que um cardeal foi ou n\u00e3o escolhido para o lugar do papa Francisco por causa da cor da fuma\u00e7a que sair\u00e1 do teto da Capela Sistina ao final de cada rodada de vota\u00e7\u00e3o. Se a fuma\u00e7a for preta, nada est\u00e1 definido. Se ela for branca, h\u00e1 um novo papa.<\/p>\n\n\n\n<p>A fuma\u00e7a emerge diretamente das c\u00e9dulas de vota\u00e7\u00e3o queimadas ao fim do processo de apura\u00e7\u00e3o. Para ser eleito, o candidato ao papado precisa ter seu nome escolhido por dois ter\u00e7os dos 133 cardeais, ou 89 votos.<\/p>\n\n\n\n<h2 class=\"wp-block-heading\"><strong>A que horas vai sair a fuma\u00e7a?<\/strong><\/h2>\n\n\n\n<p>N\u00e3o h\u00e1 um hor\u00e1rio fixo para a sa\u00edda da fuma\u00e7a na Capela Sistina, mas a tradi\u00e7\u00e3o recente d\u00e1 pistas. Nos dois \u00faltimos conclaves, as fuma\u00e7as pretas e brancas apareceram sempre no fim da manh\u00e3 ou no fim da tarde, ap\u00f3s as sess\u00f5es de vota\u00e7\u00e3o.<\/p>\n\n\n\n<p>Em 2013, a fuma\u00e7a branca surgiu \u00e0s 19h06 em Roma (14h06 em Bras\u00edlia), no segundo dia de conclave. O an\u00fancio do &#8220;Habemus Papam&#8221; foi feito pouco mais de uma hora depois, seguido da primeira apari\u00e7\u00e3o do papa Francisco na sacada da Bas\u00edlica de S\u00e3o Pedro.<\/p>\n\n\n\n<p>O cen\u00e1rio foi semelhante em 2005. A fuma\u00e7a branca apareceu \u00e0s 17h50 em Roma (12h50 em Bras\u00edlia), tamb\u00e9m no segundo dia de conclave. Bento XVI foi anunciado \u00e0s 19h43 do hor\u00e1rio local (14h43 em Bras\u00edlia) e apareceu ao p\u00fablico cinco minutos depois.<\/p>\n\n\n\n<p>A expectativa \u00e9 que, caso o novo papa seja escolhido em dois ou tr\u00eas dias, os hor\u00e1rios de vota\u00e7\u00e3o e an\u00fancio sigam um padr\u00e3o parecido.<\/p>\n\n\n\n<figure class=\"wp-block-image\"><img decoding=\"async\" src=\"https:\/\/s2-g1.glbimg.com\/4aqi3HpkeVC4Re5XY3rsec5Q39Y=\/0x0:1250x2458\/984x0\/smart\/filters:strip_icc()\/i.s3.glbimg.com\/v1\/AUTH_59edd422c0c84a879bd37670ae4f538a\/internal_photos\/bs\/2025\/c\/P\/7gVOinSae0qPQUJEkdyw\/250501-info-como-foram-conclaves-anteriores.jpg\" alt=\"Veja como foram os conclaves de 2005 e 2013 \u2014 Foto: Gabs\/g1\"\/><\/figure>\n\n\n\n<p>Veja como foram os conclaves de 2005 e 2013 \u2014 Foto: Gabs\/g1<\/p>\n\n\n\n<h2 class=\"wp-block-heading\">Brasileiros no conclave<\/h2>\n\n\n\n<p>Atualmente, sete brasileiros est\u00e3o aptos a participar da vota\u00e7\u00e3o. Veja a seguir quem s\u00e3o eles:<\/p>\n\n\n\n<ul class=\"wp-block-list\">\n<li>S\u00e9rgio da Rocha, Primaz do Brasil e arcebispo de Salvador, 65 anos.<\/li>\n\n\n\n<li>Jaime Spengler, presidente da CNBB e arcebispo de Porto Alegre, 64 anos.<\/li>\n\n\n\n<li>Odilo Scherer, arcebispo de S\u00e3o Paulo, 75 anos.<\/li>\n\n\n\n<li>Orani Tempesta, arcebispo do Rio de Janeiro, 74 anos.<\/li>\n\n\n\n<li>Paulo Cezar Costa, arcebispo de Bras\u00edlia, 57 anos.<\/li>\n\n\n\n<li>Jo\u00e3o Braz de Aviz, arcebispo em\u00e9rito de Bras\u00edlia, 77 anos.<\/li>\n\n\n\n<li>Leonardo Ulrich Steiner, arcebispo de Manaus, 74 anos.<\/li>\n<\/ul>\n\n\n\n<p>Fonte G1<\/p>\n","protected":false},"excerpt":{"rendered":"<p>Cortinas s\u00e3o utilizadas para revelar novo papa. Cardeais se re\u00fanem a portas fechadas para escolher o pr\u00f3ximo pont\u00edfice na Capela Sistina, no Vaticano, a partir de quarta-feira (7). Dias antes do in\u00edcio do conclave, o\u00a0Vaticano\u00a0instalou nesta segunda-feira (5) cortinas na varanda principal da Bas\u00edlica de S\u00e3o Pedro. As cortinas vermelhas ser\u00e3o utilizadas para revelar o [&hellip;]<\/p>\n","protected":false},"author":8,"featured_media":27073,"comment_status":"closed","ping_status":"open","sticky":false,"template":"","format":"standard","meta":{"rop_custom_images_group":[],"rop_custom_messages_group":[],"rop_publish_now":"initial","rop_publish_now_accounts":[],"rop_publish_now_history":[],"rop_publish_now_status":"pending","footnotes":""},"categories":[212],"tags":[],"class_list":["post-27072","post","type-post","status-publish","format-standard","has-post-thumbnail","hentry","category-internacional"],"amp_enabled":true,"_links":{"self":[{"href":"https:\/\/imais.online\/portal\/wp-json\/wp\/v2\/posts\/27072","targetHints":{"allow":["GET"]}}],"collection":[{"href":"https:\/\/imais.online\/portal\/wp-json\/wp\/v2\/posts"}],"about":[{"href":"https:\/\/imais.online\/portal\/wp-json\/wp\/v2\/types\/post"}],"author":[{"embeddable":true,"href":"https:\/\/imais.online\/portal\/wp-json\/wp\/v2\/users\/8"}],"replies":[{"embeddable":true,"href":"https:\/\/imais.online\/portal\/wp-json\/wp\/v2\/comments?post=27072"}],"version-history":[{"count":1,"href":"https:\/\/imais.online\/portal\/wp-json\/wp\/v2\/posts\/27072\/revisions"}],"predecessor-version":[{"id":27074,"href":"https:\/\/imais.online\/portal\/wp-json\/wp\/v2\/posts\/27072\/revisions\/27074"}],"wp:featuredmedia":[{"embeddable":true,"href":"https:\/\/imais.online\/portal\/wp-json\/wp\/v2\/media\/27073"}],"wp:attachment":[{"href":"https:\/\/imais.online\/portal\/wp-json\/wp\/v2\/media?parent=27072"}],"wp:term":[{"taxonomy":"category","embeddable":true,"href":"https:\/\/imais.online\/portal\/wp-json\/wp\/v2\/categories?post=27072"},{"taxonomy":"post_tag","embeddable":true,"href":"https:\/\/imais.online\/portal\/wp-json\/wp\/v2\/tags?post=27072"}],"curies":[{"name":"wp","href":"https:\/\/api.w.org\/{rel}","templated":true}]}}