{"id":27075,"date":"2025-05-05T09:22:21","date_gmt":"2025-05-05T12:22:21","guid":{"rendered":"https:\/\/imais.online\/portal\/?p=27075"},"modified":"2025-05-05T09:22:22","modified_gmt":"2025-05-05T12:22:22","slug":"ney-matogrosso-sera-o-enredo-da-imperatriz-leopoldinense-no-carnaval-2026","status":"publish","type":"post","link":"https:\/\/imais.online\/portal\/ney-matogrosso-sera-o-enredo-da-imperatriz-leopoldinense-no-carnaval-2026\/","title":{"rendered":"Ney Matogrosso ser\u00e1 o enredo da Imperatriz Leopoldinense no Carnaval 2026"},"content":{"rendered":"<div class=\"imais-before-content-placement\" id=\"imais-795136616\"><script async src=\"\/\/pagead2.googlesyndication.com\/pagead\/js\/adsbygoogle.js?client=ca-pub-8787528412751566\" crossorigin=\"anonymous\"><\/script><ins class=\"adsbygoogle\" style=\"display:block;\" data-ad-client=\"ca-pub-8787528412751566\" \ndata-ad-slot=\"\" \ndata-ad-format=\"auto\"><\/ins>\n<script> \n(adsbygoogle = window.adsbygoogle || []).push({}); \n<\/script>\n<\/div>\n<h2 class=\"wp-block-heading\">Escola de Ramos anunciou a homenagem na noite de domingo (4); o carnavalesco Leandro Vieira comentou a escolha: &#8216;Um prato cheio&#8217;<\/h2>\n\n\n\n<p>N\u00e3o chegamos nem na metade do ano, mas j\u00e1 estamos com os olhos do\u00a0<a class=\"\" href=\"https:\/\/gshow.globo.com\/assuntos\/carnaval\/\">Carnaval<\/a>\u00a0de 2026. Algumas escolas de samba j\u00e1 come\u00e7aram a divulgar os enredos que levar\u00e3o para a Sapuca\u00ed no ano que vem e, na noite de domingo (4), foi a vez da Imperatriz Leopoldinense \u2014\u00a0<a class=\"\" href=\"https:\/\/gshow.globo.com\/carnaval\/noticia\/iza-retorna-ao-posto-de-rainha-de-bateria-da-imperatriz-leopoldinense.ghtml\">que ter\u00e1 IZA como rainha de bateria novamente<\/a>\u00a0\u2014 divulgar seu enredo.<\/p>\n\n\n\n<p>Em sua conta oficial nas redes sociais, a escola de Ramos anunciou que levar\u00e1 para o samb\u00f3dromo o enredo &#8220;Camale\u00f4nico&#8221;, uma homenagem ao grande\u00a0<strong>Ney Matogrosso<\/strong>.<\/p>\n\n\n\n<p>&#8220;<em>Ney Matogrosso, um dos mais importantes artistas brasileiros e \u00edcone da cultura nacional, \u00e9 o enredo da Imperatriz Leopoldinense para o carnaval 2026.<\/em><\/p>\n\n\n\n<p><em>A ideia \u00e9 uma proposta do nosso carnavalesco, Leandro Vieira, que segue em seu prop\u00f3sito de ancorar em seus carnavais leopoldinenses a diversidade da cultura brasileira.<\/em><\/p>\n\n\n\n<p><em>O artista homenageado, al\u00e9m de ser uma figura ic\u00f4nica da cultura nacional, \u00e9 dono de uma assinatura absolutamente pessoal no imagin\u00e1rio art\u00edstico brasileiro.<\/em><\/p>\n\n\n\n<p><em>Batizado de \u201cCamale\u00f4nico\u201d, o enredo celebra um dos mais importantes cantores da MPB, a obra e a virtuosidade perform\u00e1tica do int\u00e9rprete de sucessos como \u201cSangue Latino\u201d, \u201cRosa de Hiroshima\u201d, \u201cO Vira\u201d, \u201cHomem com H\u201d e \u201cMetamorfose Ambulante\u201d.<\/em>&#8220;<\/p>\n\n\n\n<figure class=\"wp-block-image\"><img decoding=\"async\" src=\"https:\/\/s2-gshow.glbimg.com\/r8i09whZ_b444zyj0x1QTpu18JM=\/0x0:2200x1467\/984x0\/smart\/filters:strip_icc()\/i.s3.glbimg.com\/v1\/AUTH_e84042ef78cb4708aeebdf1c68c6cbd6\/internal_photos\/bs\/2024\/N\/R\/OVOEqLROuI22DLiFU83Q\/img-4224.jpg\" alt=\"Ney Matogrosso se apresenta no Allianz Parque, em S\u00e3o Paulo, no 'maior show de sua carreira' \u2014 Foto: Patr\u00edcia Devoraes\/Brazil News\"\/><\/figure>\n\n\n\n<p>Ney Matogrosso se apresenta no Allianz Parque, em S\u00e3o Paulo, no &#8216;maior show de sua carreira&#8217; \u2014 Foto: Patr\u00edcia Devoraes\/Brazil News<\/p>\n\n\n\n<p>O enredo foi criado e sugerido pelo pr\u00f3prio carnavalesco, Leandro Vieira, que exaltou as m\u00faltiplas formas de se falar sobre o cantor.<\/p>\n\n\n\n<blockquote class=\"wp-block-quote is-layout-flow wp-block-quote-is-layout-flow\">\n<p>&#8220;Pra mim, Ney \u00e9 um prato cheio para o desbunde t\u00edpico dos desfiles carnavalescos! Um camale\u00e3o n\u00e3o apenas pela versatilidade musical constru\u00edda em cinquenta anos de carreira, mas tamb\u00e9m pela extraordin\u00e1ria identidade visual mutante que nos arrebata desde que entrou em cena&#8221;, contou.<\/p>\n<\/blockquote>\n\n\n\n<p>Fonte GShow <\/p>\n\n\n\n<p><\/p>\n","protected":false},"excerpt":{"rendered":"<p>Escola de Ramos anunciou a homenagem na noite de domingo (4); o carnavalesco Leandro Vieira comentou a escolha: &#8216;Um prato cheio&#8217; N\u00e3o chegamos nem na metade do ano, mas j\u00e1 estamos com os olhos do\u00a0Carnaval\u00a0de 2026. Algumas escolas de samba j\u00e1 come\u00e7aram a divulgar os enredos que levar\u00e3o para a Sapuca\u00ed no ano que vem [&hellip;]<\/p>\n","protected":false},"author":8,"featured_media":27076,"comment_status":"closed","ping_status":"open","sticky":false,"template":"","format":"standard","meta":{"rop_custom_images_group":[],"rop_custom_messages_group":[],"rop_publish_now":"initial","rop_publish_now_accounts":[],"rop_publish_now_history":[],"rop_publish_now_status":"pending","footnotes":""},"categories":[264],"tags":[],"class_list":["post-27075","post","type-post","status-publish","format-standard","has-post-thumbnail","hentry","category-carnaval"],"amp_enabled":true,"_links":{"self":[{"href":"https:\/\/imais.online\/portal\/wp-json\/wp\/v2\/posts\/27075","targetHints":{"allow":["GET"]}}],"collection":[{"href":"https:\/\/imais.online\/portal\/wp-json\/wp\/v2\/posts"}],"about":[{"href":"https:\/\/imais.online\/portal\/wp-json\/wp\/v2\/types\/post"}],"author":[{"embeddable":true,"href":"https:\/\/imais.online\/portal\/wp-json\/wp\/v2\/users\/8"}],"replies":[{"embeddable":true,"href":"https:\/\/imais.online\/portal\/wp-json\/wp\/v2\/comments?post=27075"}],"version-history":[{"count":1,"href":"https:\/\/imais.online\/portal\/wp-json\/wp\/v2\/posts\/27075\/revisions"}],"predecessor-version":[{"id":27077,"href":"https:\/\/imais.online\/portal\/wp-json\/wp\/v2\/posts\/27075\/revisions\/27077"}],"wp:featuredmedia":[{"embeddable":true,"href":"https:\/\/imais.online\/portal\/wp-json\/wp\/v2\/media\/27076"}],"wp:attachment":[{"href":"https:\/\/imais.online\/portal\/wp-json\/wp\/v2\/media?parent=27075"}],"wp:term":[{"taxonomy":"category","embeddable":true,"href":"https:\/\/imais.online\/portal\/wp-json\/wp\/v2\/categories?post=27075"},{"taxonomy":"post_tag","embeddable":true,"href":"https:\/\/imais.online\/portal\/wp-json\/wp\/v2\/tags?post=27075"}],"curies":[{"name":"wp","href":"https:\/\/api.w.org\/{rel}","templated":true}]}}