{"id":27094,"date":"2025-05-05T16:57:04","date_gmt":"2025-05-05T19:57:04","guid":{"rendered":"https:\/\/imais.online\/portal\/?p=27094"},"modified":"2025-05-05T16:57:06","modified_gmt":"2025-05-05T19:57:06","slug":"sami-rico-repete-feito-do-pai-e-homenageia-ayrton-senna-em-dvd","status":"publish","type":"post","link":"https:\/\/imais.online\/portal\/sami-rico-repete-feito-do-pai-e-homenageia-ayrton-senna-em-dvd\/","title":{"rendered":"Sami\u00a0Rico\u00a0repete feito do pai e homenageia Ayrton Senna em DVD"},"content":{"rendered":"<div class=\"imais-before-content-placement\" id=\"imais-2746657438\"><script async src=\"\/\/pagead2.googlesyndication.com\/pagead\/js\/adsbygoogle.js?client=ca-pub-8787528412751566\" crossorigin=\"anonymous\"><\/script><ins class=\"adsbygoogle\" style=\"display:block;\" data-ad-client=\"ca-pub-8787528412751566\" \ndata-ad-slot=\"\" \ndata-ad-format=\"auto\"><\/ins>\n<script> \n(adsbygoogle = window.adsbygoogle || []).push({}); \n<\/script>\n<\/div>\n<p>Sempre pensando \u00e0 frente e mostrando a sua genialidade em escrever can\u00e7\u00f5es e poesias, em 1994, Z\u00e9&nbsp;Rico&nbsp;homenageou o piloto brasileiro, Ayrton Senna, ao compor e interpretar a m\u00fasica \u201cHer\u00f3i da velocidade\u201d. Mais de 30 anos depois, a sua semente,&nbsp;Sami&nbsp;Rico, decidiu regravar a can\u00e7\u00e3o como uma forma de homenagear o seu \u00eddolo em seu DVD \u201cO Filho da Lenda: 10 anos de Saudade\u201d que foi registrado no \u00faltimo dia 08 de abril na cidade de Americana, interior do Estado de S\u00e3o Paulo.<\/p>\n\n\n\n<p>Her\u00f3i da velocidade:<\/p>\n\n\n\n<figure class=\"wp-block-embed is-type-video is-provider-youtube wp-block-embed-youtube wp-embed-aspect-16-9 wp-has-aspect-ratio\"><div class=\"wp-block-embed__wrapper\">\n<iframe loading=\"lazy\" title=\"Sami Rico - Her\u00f3i da Velocidade - Homenagem ao Ayrton Senna  (DVD O Filho da Lenda)\" width=\"740\" height=\"416\" src=\"https:\/\/www.youtube.com\/embed\/vlmRam5Qvsw?feature=oembed\" frameborder=\"0\" allow=\"accelerometer; autoplay; clipboard-write; encrypted-media; gyroscope; picture-in-picture; web-share\" referrerpolicy=\"strict-origin-when-cross-origin\" allowfullscreen><\/iframe>\n<\/div><\/figure>\n\n\n\n<p>Na grava\u00e7\u00e3o, al\u00e9m da excelente interpreta\u00e7\u00e3o,&nbsp;Sami&nbsp;entrou no palco todo caracterizado de piloto, usando o capacete verde e amarelo e vestindo o macac\u00e3o vermelho que marcou a trajet\u00f3ria de Senna na F\u00f3rmula 1. Vale lembrar que nos 80, a Honda, que fornecia motores \u00e0 F\u00f3rmula 1, buscava uma refer\u00eancia para promover o esporte no Jap\u00e3o e com duas vit\u00f3rias (1988 e 1993), Senna se transformou no maior \u00eddolo da F\u00f3rmula 1 do pa\u00eds asi\u00e1tico. Com a homenagem,&nbsp;Sami&nbsp;\u00e9 mais um que faz permanecer viva a lembran\u00e7a de um dos maiores \u00eddolos do Brasil de todos os tempos.<\/p>\n\n\n\n<p>Ayrton Senna tamb\u00e9m \u00e9 \u00eddolo para muitos pilotos, inclusive para Lewis Hamilton (sete vezes campe\u00e3o mundial de F\u00f3rmula 1), que j\u00e1 expressou grande admira\u00e7\u00e3o por Senna. Em 2024, foram lan\u00e7adas duas s\u00e9ries contando a vida de Senna, fora e dentro das pistas. \u201cSenna por Ayrton\u201d, que estreou pela Globoplay tem tr\u00eas epis\u00f3dios e com dire\u00e7\u00e3o de Rafael Pirrho, e \u201cSenna\u201d que est\u00e1 na Netflix com seis epis\u00f3dios e a dire\u00e7\u00e3o de Vicente Amorim e Julia Rezende.<\/p>\n\n\n\n<p>Considerado por muitos como o melhor piloto de F\u00f3rmula 1 de todos os tempos, seus expressivos n\u00fameros ajudam a explicar o status de \u00eddolo: s\u00e3o tr\u00eas t\u00edtulos mundiais (1988, 1990 e 1991), 41 vit\u00f3rias, 65 poles e 80 p\u00f3dios entre 1984 e 1994. Seu legado &#8211; assim como Z\u00e9&nbsp;Rico&nbsp;foi para m\u00fasica &#8211; deixou valores atemporais, como a inspira\u00e7\u00e3o para criar o Instituto Ayrton Senna, que, h\u00e1 30 anos, tem como miss\u00e3o desenvolver pessoas e preparar o ser humano para a vida por meio da educa\u00e7\u00e3o.<\/p>\n\n\n\n<p>\u201cHer\u00f3i da velocidade\u201d \u00e9 a primeira m\u00fasica do projeto \u201cO Filho da Lenda: 10 anos de Saudade\u201d que chega ao conhecimento do p\u00fablico e da m\u00eddia, nesta quinta-feira (01), mas em breve todos v\u00e3o conhecer o trabalho de&nbsp;Sami&nbsp;Rico&nbsp;de modo muito mais amplo.<\/p>\n\n\n\n<p><strong>O FILHO DA LENDA: 10 ANOS DE SAUDADE<\/strong><\/p>\n\n\n\n<p>O DVD \u201cO Filho da Lenda: 10 anos de Saudade\u201d contou com 15 participa\u00e7\u00f5es. Com um time de craques no palco,&nbsp;Sami&nbsp;fez hist\u00f3ria. Uma homenagem p\u00f3stuma a seu pai e que reuniu v\u00e1rias gera\u00e7\u00f5es da m\u00fasica sertaneja como Zez\u00e9 di Camargo, Ana Castela, Luan Pereira, Edson &amp; Hudson, Guilherme &amp; Santiago, Xand Avi\u00e3o, Fred &amp; Fabr\u00edcio, Gustavo Mioto, Mari Fernandez, Traia Veia, Clayton &amp; Rom\u00e1rio, Hugo Henrique, Marcos Paulo &amp; Marcelo, Arielly Dara e Banda Corpo &amp; Alma.<\/p>\n\n\n\n<p>No repert\u00f3rio, v\u00e1rios sucessos emplacados por Z\u00e9&nbsp;Rico&nbsp;em novas vers\u00f5es com arranjos mais ousados pela produ\u00e7\u00e3o musical de Bruno Brito. O projeto tem um total de 40 m\u00fasicas distribu\u00eddas em 26 faixas, sendo sete in\u00e9ditas e 33 regrava\u00e7\u00f5es, sendo algumas em medleys especialmente produzidas para esta ocasi\u00e3o. Foram inclu\u00eddas v\u00e1rias composi\u00e7\u00f5es de Z\u00e9&nbsp;Rico, relembrando tamb\u00e9m seu carisma como compositor. A dire\u00e7\u00e3o de v\u00eddeo ficou nas m\u00e3os de Jacques Jr.<\/p>\n\n\n\n<p>O evento contou com a participa\u00e7\u00e3o do p\u00fablico, f\u00e3s, amigos, familiares e convidados. Um dos pontos mais marcantes do DVD foi quando&nbsp;Sami&nbsp;cantou a m\u00fasica \u201cMeu passado\u201d junto com seu pai, com imagens de Jos\u00e9&nbsp;Rico&nbsp;projetadas no tel\u00e3o.&nbsp;Sami&nbsp;ficou emocionado levando o p\u00fablico \u00e0s l\u00e1grimas.<\/p>\n\n\n\n<p><strong>SAMI&nbsp;RICO<\/strong><\/p>\n\n\n\n<p>Morando na cidade de Americana, interior do Estado de S\u00e3o Paulo,&nbsp;Sami&nbsp;Rico&nbsp;carrega as influ\u00eancias do pai, Jos\u00e9&nbsp;Rico. Entre as refer\u00eancias que o faz &#8220;beber na fonte&#8221; do pai, est\u00e3o o comprometimento e a dedica\u00e7\u00e3o, qualidades sempre exaltadas em Z\u00e9&nbsp;Rico&nbsp;por grandes nomes do g\u00eanero. Apesar de todas as influ\u00eancias deixadas pelo pai, inclusive na hora da escolha do repert\u00f3rio,&nbsp;Sami&nbsp;faz uma mescla do sertanejo tradicional com a modernidade que a pr\u00f3pria idade traz ao seu trabalho. E \u00e9 exatamente essa proposta que ele apresenta ao p\u00fablico.<\/p>\n\n\n\n<p>Em 2022,&nbsp;Sami&nbsp;Rico&nbsp;lan\u00e7ou o seu primeiro trabalho, o EP &#8220;Na Moagem&#8221;, com sete faixas. No ano de 2024,&nbsp;Sami&nbsp;deu in\u00edcio a uma nova s\u00e9rie de lan\u00e7amentos como \u201cB\u00eabado sem no\u00e7\u00e3o\u201d, \u201cMarmitinha\u201d e a rom\u00e2ntica \u201cErro e a errada\u201d, que contou com a participa\u00e7\u00e3o especial do cantor Gustavo Mioto. Todas j\u00e1 ultrapassaram a marca de meio milh\u00e3o de acessos no Youtube. Ainda em 2024, lan\u00e7ou a irreverente, \u201cTati\u201d, que j\u00e1 ultrapassou 1.2 milh\u00e3o de visualiza\u00e7\u00f5es no Youtube.<\/p>\n\n\n\n<p>Para ouvir suas m\u00fasicas e conhecer um pouco mais de&nbsp;Sami&nbsp;Rico, acesse as redes sociais:<\/p>\n\n\n\n<p>Instagram:&nbsp;<a href=\"https:\/\/www.instagram.com\/samiricooficial\/\">https:\/\/www.instagram.com\/samiricooficial\/<\/a><\/p>\n\n\n\n<p>Youtube:&nbsp;<a href=\"https:\/\/www.youtube.com\/c\/S%C3%A2miRico\">https:\/\/www.youtube.com\/c\/S%C3%A2miRico<\/a><\/p>\n\n\n\n<p>Facebook:&nbsp;<a href=\"https:\/\/www.facebook.com\/samiricooficial\">https:\/\/www.facebook.com\/samiricooficial<\/a><\/p>\n","protected":false},"excerpt":{"rendered":"<p>Sempre pensando \u00e0 frente e mostrando a sua genialidade em escrever can\u00e7\u00f5es e poesias, em 1994, Z\u00e9&nbsp;Rico&nbsp;homenageou o piloto brasileiro, Ayrton Senna, ao compor e interpretar a m\u00fasica \u201cHer\u00f3i da velocidade\u201d. Mais de 30 anos depois, a sua semente,&nbsp;Sami&nbsp;Rico, decidiu regravar a can\u00e7\u00e3o como uma forma de homenagear o seu \u00eddolo em seu DVD \u201cO [&hellip;]<\/p>\n","protected":false},"author":7,"featured_media":27095,"comment_status":"closed","ping_status":"open","sticky":false,"template":"","format":"standard","meta":{"rop_custom_images_group":[],"rop_custom_messages_group":[],"rop_publish_now":"initial","rop_publish_now_accounts":[],"rop_publish_now_history":[],"rop_publish_now_status":"pending","footnotes":""},"categories":[194],"tags":[],"class_list":["post-27094","post","type-post","status-publish","format-standard","has-post-thumbnail","hentry","category-regia"],"amp_enabled":true,"_links":{"self":[{"href":"https:\/\/imais.online\/portal\/wp-json\/wp\/v2\/posts\/27094","targetHints":{"allow":["GET"]}}],"collection":[{"href":"https:\/\/imais.online\/portal\/wp-json\/wp\/v2\/posts"}],"about":[{"href":"https:\/\/imais.online\/portal\/wp-json\/wp\/v2\/types\/post"}],"author":[{"embeddable":true,"href":"https:\/\/imais.online\/portal\/wp-json\/wp\/v2\/users\/7"}],"replies":[{"embeddable":true,"href":"https:\/\/imais.online\/portal\/wp-json\/wp\/v2\/comments?post=27094"}],"version-history":[{"count":1,"href":"https:\/\/imais.online\/portal\/wp-json\/wp\/v2\/posts\/27094\/revisions"}],"predecessor-version":[{"id":27096,"href":"https:\/\/imais.online\/portal\/wp-json\/wp\/v2\/posts\/27094\/revisions\/27096"}],"wp:featuredmedia":[{"embeddable":true,"href":"https:\/\/imais.online\/portal\/wp-json\/wp\/v2\/media\/27095"}],"wp:attachment":[{"href":"https:\/\/imais.online\/portal\/wp-json\/wp\/v2\/media?parent=27094"}],"wp:term":[{"taxonomy":"category","embeddable":true,"href":"https:\/\/imais.online\/portal\/wp-json\/wp\/v2\/categories?post=27094"},{"taxonomy":"post_tag","embeddable":true,"href":"https:\/\/imais.online\/portal\/wp-json\/wp\/v2\/tags?post=27094"}],"curies":[{"name":"wp","href":"https:\/\/api.w.org\/{rel}","templated":true}]}}