{"id":27116,"date":"2025-05-06T10:33:08","date_gmt":"2025-05-06T13:33:08","guid":{"rendered":"https:\/\/imais.online\/portal\/?p=27116"},"modified":"2025-05-06T10:33:08","modified_gmt":"2025-05-06T13:33:08","slug":"cardeais-se-preparam-para-reclusao-total-antes-do-conclave","status":"publish","type":"post","link":"https:\/\/imais.online\/portal\/cardeais-se-preparam-para-reclusao-total-antes-do-conclave\/","title":{"rendered":"Cardeais se preparam para reclus\u00e3o total antes do conclave"},"content":{"rendered":"<div class=\"imais-before-content-placement\" id=\"imais-1633301460\"><script async src=\"\/\/pagead2.googlesyndication.com\/pagead\/js\/adsbygoogle.js?client=ca-pub-8787528412751566\" crossorigin=\"anonymous\"><\/script><ins class=\"adsbygoogle\" style=\"display:block;\" data-ad-client=\"ca-pub-8787528412751566\" \ndata-ad-slot=\"\" \ndata-ad-format=\"auto\"><\/ins>\n<script> \n(adsbygoogle = window.adsbygoogle || []).push({}); \n<\/script>\n<\/div>\n<p>Cl\u00e9rigos que votam em cerim\u00f4nia secreta para escolha do novo papa s\u00e3o impedidos de ter contato com o mundo exterior<\/p>\n\n\n\n<p>Os cardeais que participar\u00e3o do conclave secreto para eleger um novo papa cat\u00f3lico come\u00e7aram a se hospedar em dois locais do Vaticano nesta ter\u00e7a-feira (6), onde ser\u00e3o impedidos de ter contato com o mundo exterior enquanto decidem quem deve suceder o papa Francisco.<\/p>\n\n\n\n<p>O conclave come\u00e7ar\u00e1 a portas fechadas na Capela Sistina na tarde desta quarta-feira (7), com todos os cardeais com menos de 80 anos podendo votar em quem deve ser o pr\u00f3ximo l\u00edder da Igreja de 1,4 bilh\u00e3o de membros.<\/p>\n\n\n\n<p>A disputa para suceder Francisco, que morreu no m\u00eas passado, \u00e9 vista como aberta.<\/p>\n\n\n\n<p>Embora alguns nomes tenham sido citados como poss\u00edveis favoritos, muitos dos 133 cardeais que devem votar no conclave\u00a0afirmaram n\u00e3o saber quem ser\u00e1 o pr\u00f3ximo pont\u00edfice.<\/p>\n\n\n\n<p>\u201cN\u00e3o tenho nenhuma ideia\u201d, disse o Cardeal Robert McElroy durante uma visita a uma par\u00f3quia em Roma na noite de segunda-feira (5).<\/p>\n\n\n\n<p>O processo do conclave \u00e9 \u201cprofundo e misterioso\u201d, continuou McElroy, arcebispo de Washington, D.C. \u201cN\u00e3o posso dar nenhuma pista sobre quem est\u00e1 por vir\u201d.<\/p>\n\n\n\n<p>Alguns cardeais buscam um novo papa que d\u00ea continuidade \u00e0 iniciativa de Francisco por uma Igreja mais transparente e acolhedora, enquanto outros buscam um aprofundamento em ra\u00edzes mais tradicionais que valorizam a doutrina.<\/p>\n\n\n\n<h2 class=\"wp-block-heading\"><strong>A escolha de um novo l\u00edder<\/strong><\/h2>\n\n\n\n<p>Os conclaves costumam se estender por v\u00e1rios dias, com\u00a0v\u00e1rias vota\u00e7\u00f5es realizadas antes que um candidato obtenha a maioria necess\u00e1ria de tr\u00eas quartos para se tornar papa.<\/p>\n\n\n\n<p>Durante o per\u00edodo, os cardeais votantes ficar\u00e3o hospedados em duas casas do Vaticano e far\u00e3o o juramento de permanecerem fora de contato com qualquer pessoa que n\u00e3o participe da vota\u00e7\u00e3o secreta.<\/p>\n\n\n\n<p>Francisco tinha como prioridade nomear cardeais de pa\u00edses que nunca os tiveram antes,\u00a0como Haiti, Sud\u00e3o do Sul e Mianmar.<\/p>\n\n\n\n<p>Este conclave ser\u00e1 o\u00a0mais geograficamente diverso nos dois mil anos de hist\u00f3ria da Igreja Cat\u00f3lica, com a participa\u00e7\u00e3o de cl\u00e9rigos de 70 pa\u00edses.<\/p>\n\n\n\n<p>O cardeal japon\u00eas Tarcisio Isao Kikuchi disse ao jornal La Repubblica que muitos dos 23 cl\u00e9rigos da \u00c1sia que votaram no conclave planejavam votar em bloco.<\/p>\n\n\n\n<p>Ele comparou a estrat\u00e9gia deles com a dos 53 cardeais da Europa, conhecidos por votarem com base em pa\u00edses espec\u00edficos ou outras prefer\u00eancias pessoais.<\/p>\n\n\n\n<p>\u201cN\u00f3s, asi\u00e1ticos, provavelmente somos mais un\u00e2nimes em apoiar um ou dois candidatos\u2026 veremos qual nome sair\u00e1 como o principal candidato\u201d, compartilhou Kikuchi.<\/p>\n\n\n\n<p>Fonte CNN Brasil <\/p>\n","protected":false},"excerpt":{"rendered":"<p>Cl\u00e9rigos que votam em cerim\u00f4nia secreta para escolha do novo papa s\u00e3o impedidos de ter contato com o mundo exterior Os cardeais que participar\u00e3o do conclave secreto para eleger um novo papa cat\u00f3lico come\u00e7aram a se hospedar em dois locais do Vaticano nesta ter\u00e7a-feira (6), onde ser\u00e3o impedidos de ter contato com o mundo exterior [&hellip;]<\/p>\n","protected":false},"author":8,"featured_media":27117,"comment_status":"closed","ping_status":"open","sticky":false,"template":"","format":"standard","meta":{"rop_custom_images_group":[],"rop_custom_messages_group":[],"rop_publish_now":"initial","rop_publish_now_accounts":[],"rop_publish_now_history":[],"rop_publish_now_status":"pending","footnotes":""},"categories":[212],"tags":[],"class_list":["post-27116","post","type-post","status-publish","format-standard","has-post-thumbnail","hentry","category-internacional"],"amp_enabled":true,"_links":{"self":[{"href":"https:\/\/imais.online\/portal\/wp-json\/wp\/v2\/posts\/27116","targetHints":{"allow":["GET"]}}],"collection":[{"href":"https:\/\/imais.online\/portal\/wp-json\/wp\/v2\/posts"}],"about":[{"href":"https:\/\/imais.online\/portal\/wp-json\/wp\/v2\/types\/post"}],"author":[{"embeddable":true,"href":"https:\/\/imais.online\/portal\/wp-json\/wp\/v2\/users\/8"}],"replies":[{"embeddable":true,"href":"https:\/\/imais.online\/portal\/wp-json\/wp\/v2\/comments?post=27116"}],"version-history":[{"count":1,"href":"https:\/\/imais.online\/portal\/wp-json\/wp\/v2\/posts\/27116\/revisions"}],"predecessor-version":[{"id":27118,"href":"https:\/\/imais.online\/portal\/wp-json\/wp\/v2\/posts\/27116\/revisions\/27118"}],"wp:featuredmedia":[{"embeddable":true,"href":"https:\/\/imais.online\/portal\/wp-json\/wp\/v2\/media\/27117"}],"wp:attachment":[{"href":"https:\/\/imais.online\/portal\/wp-json\/wp\/v2\/media?parent=27116"}],"wp:term":[{"taxonomy":"category","embeddable":true,"href":"https:\/\/imais.online\/portal\/wp-json\/wp\/v2\/categories?post=27116"},{"taxonomy":"post_tag","embeddable":true,"href":"https:\/\/imais.online\/portal\/wp-json\/wp\/v2\/tags?post=27116"}],"curies":[{"name":"wp","href":"https:\/\/api.w.org\/{rel}","templated":true}]}}