{"id":27119,"date":"2025-05-06T10:34:47","date_gmt":"2025-05-06T13:34:47","guid":{"rendered":"https:\/\/imais.online\/portal\/?p=27119"},"modified":"2025-05-06T10:34:49","modified_gmt":"2025-05-06T13:34:49","slug":"samba-na-comunidade-acontece-no-jardim-brasil-neste-sabado-10-5","status":"publish","type":"post","link":"https:\/\/imais.online\/portal\/samba-na-comunidade-acontece-no-jardim-brasil-neste-sabado-10-5\/","title":{"rendered":"Samba na Comunidade acontece no Jardim Brasil neste s\u00e1bado (10\/5)"},"content":{"rendered":"<div class=\"imais-before-content-placement\" id=\"imais-1505182055\"><script async src=\"\/\/pagead2.googlesyndication.com\/pagead\/js\/adsbygoogle.js?client=ca-pub-8787528412751566\" crossorigin=\"anonymous\"><\/script><ins class=\"adsbygoogle\" style=\"display:block;\" data-ad-client=\"ca-pub-8787528412751566\" \ndata-ad-slot=\"\" \ndata-ad-format=\"auto\"><\/ins>\n<script> \n(adsbygoogle = window.adsbygoogle || []).push({}); \n<\/script>\n<\/div>\n<p><em><small>Evento totalmente gratuito promove consci\u00eancia social e valoriza a cultura<\/small><\/em><\/p>\n\n\n\n<p>O Projeto Acontece, Samba na Comunidade tem como objetivo levar as tradicionais rodas de samba aos bairros descentralizados, garantindo acesso \u00e0 cultura para toda a comunidade. Com foco na valoriza\u00e7\u00e3o do samba raiz, o projeto oferece apresenta\u00e7\u00f5es interativas, onde os moradores s\u00e3o diretamente envolvidos, criando um ambiente de celebra\u00e7\u00e3o e integra\u00e7\u00e3o cultural.<br>A iniciativa busca difundir a rica tradi\u00e7\u00e3o do samba, destacando sua import\u00e2ncia hist\u00f3rica e a contribui\u00e7\u00e3o dos compositores. Al\u00e9m disso, proporciona uma experi\u00eancia imersiva que fortalece os la\u00e7os culturais locais com essa express\u00e3o art\u00edstica.<\/p>\n\n\n\n<p>Totalmente gratuito e acess\u00edvel em Libras, Samba na Comunidade promove a conviv\u00eancia social e valoriza a cultura, permitindo que todos, sem custos ou barreiras, possam vivenciar a magia do samba. Este projeto foi contemplado atrav\u00e9s do PNAB (Pol\u00edtica Nacional Aldir Blanc de Fomento \u00e0 Cultura).<\/p>\n\n\n\n<p><strong>Servi\u00e7o:<\/strong><\/p>\n\n\n\n<p><strong>Samba na Comunidade<br>Data: 10\/05\/2025 \u00e0s 16h30<\/strong><\/p>\n\n\n\n<p><strong>Local: SOBRASIL \u2013 Sociedade do Bairro Jardim Brasil<\/strong><\/p>\n\n\n\n<p><strong>Rua Louren\u00e7o do Amaral, 271<\/strong><\/p>\n","protected":false},"excerpt":{"rendered":"<p>Evento totalmente gratuito promove consci\u00eancia social e valoriza a cultura O Projeto Acontece, Samba na Comunidade tem como objetivo levar as tradicionais rodas de samba aos bairros descentralizados, garantindo acesso \u00e0 cultura para toda a comunidade. Com foco na valoriza\u00e7\u00e3o do samba raiz, o projeto oferece apresenta\u00e7\u00f5es interativas, onde os moradores s\u00e3o diretamente envolvidos, criando [&hellip;]<\/p>\n","protected":false},"author":8,"featured_media":27120,"comment_status":"closed","ping_status":"open","sticky":false,"template":"","format":"standard","meta":{"rop_custom_images_group":[],"rop_custom_messages_group":[],"rop_publish_now":"initial","rop_publish_now_accounts":[],"rop_publish_now_history":[],"rop_publish_now_status":"pending","footnotes":""},"categories":[188],"tags":[],"class_list":["post-27119","post","type-post","status-publish","format-standard","has-post-thumbnail","hentry","category-indaiatuba"],"amp_enabled":true,"_links":{"self":[{"href":"https:\/\/imais.online\/portal\/wp-json\/wp\/v2\/posts\/27119","targetHints":{"allow":["GET"]}}],"collection":[{"href":"https:\/\/imais.online\/portal\/wp-json\/wp\/v2\/posts"}],"about":[{"href":"https:\/\/imais.online\/portal\/wp-json\/wp\/v2\/types\/post"}],"author":[{"embeddable":true,"href":"https:\/\/imais.online\/portal\/wp-json\/wp\/v2\/users\/8"}],"replies":[{"embeddable":true,"href":"https:\/\/imais.online\/portal\/wp-json\/wp\/v2\/comments?post=27119"}],"version-history":[{"count":1,"href":"https:\/\/imais.online\/portal\/wp-json\/wp\/v2\/posts\/27119\/revisions"}],"predecessor-version":[{"id":27121,"href":"https:\/\/imais.online\/portal\/wp-json\/wp\/v2\/posts\/27119\/revisions\/27121"}],"wp:featuredmedia":[{"embeddable":true,"href":"https:\/\/imais.online\/portal\/wp-json\/wp\/v2\/media\/27120"}],"wp:attachment":[{"href":"https:\/\/imais.online\/portal\/wp-json\/wp\/v2\/media?parent=27119"}],"wp:term":[{"taxonomy":"category","embeddable":true,"href":"https:\/\/imais.online\/portal\/wp-json\/wp\/v2\/categories?post=27119"},{"taxonomy":"post_tag","embeddable":true,"href":"https:\/\/imais.online\/portal\/wp-json\/wp\/v2\/tags?post=27119"}],"curies":[{"name":"wp","href":"https:\/\/api.w.org\/{rel}","templated":true}]}}