{"id":27122,"date":"2025-05-06T10:36:08","date_gmt":"2025-05-06T13:36:08","guid":{"rendered":"https:\/\/imais.online\/portal\/?p=27122"},"modified":"2025-05-06T10:36:09","modified_gmt":"2025-05-06T13:36:09","slug":"cultura-divulga-filmes-do-ponto-mis-no-casarao-pau-preto-no-mes-de-maio","status":"publish","type":"post","link":"https:\/\/imais.online\/portal\/cultura-divulga-filmes-do-ponto-mis-no-casarao-pau-preto-no-mes-de-maio\/","title":{"rendered":"Cultura divulga filmes do Ponto MIS no Casar\u00e3o Pau Preto no m\u00eas de maio"},"content":{"rendered":"<div class=\"imais-before-content-placement\" id=\"imais-470893522\"><script async src=\"\/\/pagead2.googlesyndication.com\/pagead\/js\/adsbygoogle.js?client=ca-pub-8787528412751566\" crossorigin=\"anonymous\"><\/script><ins class=\"adsbygoogle\" style=\"display:block;\" data-ad-client=\"ca-pub-8787528412751566\" \ndata-ad-slot=\"\" \ndata-ad-format=\"auto\"><\/ins>\n<script> \n(adsbygoogle = window.adsbygoogle || []).push({}); \n<\/script>\n<\/div>\n<p><em><small>O filme Nada ser\u00e1 como antes (Clube da Esquina) faz parte da programa\u00e7\u00e3o do Maio Musical<\/small><\/em><\/p>\n\n\n\n<p>A Secretaria Municipal de Cultura, em parceria com o Ponto MIS (Museu da Imagem e do Som), realiza a exibi\u00e7\u00e3o do filme&nbsp;Nada ser\u00e1 como antes (Clube da Esquina) dia 09 de maio (sexta-feira) \u00e0s 19h30 no Bosque do Casar\u00e3o, exibi\u00e7\u00e3o especial que faz parte da programa\u00e7\u00e3o do 33\u00ba Maio Musical. Nesta sess\u00e3o ser\u00e3o disponibilizadas 50 cadeiras por ordem de chegada, caso queira, traga sua cadeira de praia.&nbsp;Nos dias 18 e 31 de maio em duas sess\u00f5es, 10h e 15h, na Tulha do Casar\u00e3o Pau Preto.<\/p>\n\n\n\n<p><strong>Programa\u00e7\u00e3o<\/strong><\/p>\n\n\n\n<p><strong>Filme: \u201cNada ser\u00e1 como Antes\u201d<\/strong><\/p>\n\n\n\n<p><strong>Sinopse:&nbsp;<\/strong>Document\u00e1rio sobre o grupo de artistas respons\u00e1veis pela cria\u00e7\u00e3o dos \u00e1lbuns Clube da Esquina 1 e 2, considerado por cr\u00edticos como umas das melhores obras de todos os tempos. O longa mostra o processo criativo dos m\u00fasicos: L\u00f4 Borges &#8211; na \u00e9poca com 16 anos &#8211; Nivaldo Ornelas, Toninho Horta, Beto Guedes, Robertinho Silva e Wagner Tiso. Mergulhando na musicalidade e processo criativo desses artistas excepcionais, incluindo lugares, pessoas e outras refer\u00eancias que influenciaram a cria\u00e7\u00e3o das can\u00e7\u00f5es.<\/p>\n\n\n\n<p>&nbsp;Dire\u00e7\u00e3o: Ana Rieper<\/p>\n\n\n\n<p>Classifica\u00e7\u00e3o: 10 anos<\/p>\n\n\n\n<p>Pa\u00eds(es) de produ\u00e7\u00e3o: Brasil<\/p>\n\n\n\n<p>Tempo de dura\u00e7\u00e3o: 79 min.<\/p>\n\n\n\n<p>Ano: 2024<\/p>\n\n\n\n<p>G\u00eanero: Document\u00e1rio<\/p>\n\n\n\n<p><strong>Filme: \u201cMinhocas\u201d<\/strong><\/p>\n\n\n\n<p><strong>Sinopse:&nbsp;<\/strong>J\u00fanior (Cadu Paschoal) \u00e9 uma jovem minhoca que n\u00e3o consegue fazer amigos, j\u00e1 que todos os que conhece o consideram mimado pela m\u00e3e. Disposto a provar o contr\u00e1rio, ele desafia um dos que o provoca para um desafio envolvendo um arriscado salto sobre um penhasco. Entretanto, antes mesmo da disputa come\u00e7ar, J\u00fanior e Nico (Yago Machado) s\u00e3o levados para a superf\u00edcie por uma escavadeira. Longe de casa e em um ambiente hostil, eles acabam encontrando o vil\u00e3o Big Wig (Daniel Boaventura), um tatu bola que deseja transformar as minhocas em escravos.<\/p>\n\n\n\n<p>Dire\u00e7\u00e3o: Paolo Conti<\/p>\n\n\n\n<p>Classifica\u00e7\u00e3o: Livre<\/p>\n\n\n\n<p>Pa\u00eds(es) de produ\u00e7\u00e3o: Brasil<\/p>\n\n\n\n<p>Tempo de dura\u00e7\u00e3o: 81 min.<\/p>\n\n\n\n<p>Ano: 2013<\/p>\n\n\n\n<p>G\u00eanero: Anima\u00e7\u00e3o<br><br><img decoding=\"async\" src=\"blob:https:\/\/imais.online\/55dc8405-966c-4123-a117-455b96a9e994\"><\/p>\n\n\n\n<p>\u00a0O Ponto Mis em Indaiatuba \u00e9 um projeto que visa democratizar o acesso \u00e0 cultura e ao cinema, com sess\u00f5es, oficinas, palestras e debates. A iniciativa com a Prefeitura de Indaiatuba, atrav\u00e9s da Secretaria de Cultura, \u00e9 extens\u00e3o do Museu da Imagem e do Som (MIS) de S\u00e3o Paulo.<\/p>\n\n\n\n<p><\/p>\n","protected":false},"excerpt":{"rendered":"<p>O filme Nada ser\u00e1 como antes (Clube da Esquina) faz parte da programa\u00e7\u00e3o do Maio Musical A Secretaria Municipal de Cultura, em parceria com o Ponto MIS (Museu da Imagem e do Som), realiza a exibi\u00e7\u00e3o do filme&nbsp;Nada ser\u00e1 como antes (Clube da Esquina) dia 09 de maio (sexta-feira) \u00e0s 19h30 no Bosque do Casar\u00e3o, [&hellip;]<\/p>\n","protected":false},"author":8,"featured_media":27123,"comment_status":"closed","ping_status":"open","sticky":false,"template":"","format":"standard","meta":{"rop_custom_images_group":[],"rop_custom_messages_group":[],"rop_publish_now":"initial","rop_publish_now_accounts":[],"rop_publish_now_history":[],"rop_publish_now_status":"pending","footnotes":""},"categories":[188],"tags":[],"class_list":["post-27122","post","type-post","status-publish","format-standard","has-post-thumbnail","hentry","category-indaiatuba"],"amp_enabled":true,"_links":{"self":[{"href":"https:\/\/imais.online\/portal\/wp-json\/wp\/v2\/posts\/27122","targetHints":{"allow":["GET"]}}],"collection":[{"href":"https:\/\/imais.online\/portal\/wp-json\/wp\/v2\/posts"}],"about":[{"href":"https:\/\/imais.online\/portal\/wp-json\/wp\/v2\/types\/post"}],"author":[{"embeddable":true,"href":"https:\/\/imais.online\/portal\/wp-json\/wp\/v2\/users\/8"}],"replies":[{"embeddable":true,"href":"https:\/\/imais.online\/portal\/wp-json\/wp\/v2\/comments?post=27122"}],"version-history":[{"count":1,"href":"https:\/\/imais.online\/portal\/wp-json\/wp\/v2\/posts\/27122\/revisions"}],"predecessor-version":[{"id":27124,"href":"https:\/\/imais.online\/portal\/wp-json\/wp\/v2\/posts\/27122\/revisions\/27124"}],"wp:featuredmedia":[{"embeddable":true,"href":"https:\/\/imais.online\/portal\/wp-json\/wp\/v2\/media\/27123"}],"wp:attachment":[{"href":"https:\/\/imais.online\/portal\/wp-json\/wp\/v2\/media?parent=27122"}],"wp:term":[{"taxonomy":"category","embeddable":true,"href":"https:\/\/imais.online\/portal\/wp-json\/wp\/v2\/categories?post=27122"},{"taxonomy":"post_tag","embeddable":true,"href":"https:\/\/imais.online\/portal\/wp-json\/wp\/v2\/tags?post=27122"}],"curies":[{"name":"wp","href":"https:\/\/api.w.org\/{rel}","templated":true}]}}