{"id":27126,"date":"2025-05-06T15:29:23","date_gmt":"2025-05-06T18:29:23","guid":{"rendered":"https:\/\/imais.online\/portal\/?p=27126"},"modified":"2025-05-06T15:29:24","modified_gmt":"2025-05-06T18:29:24","slug":"campinas-recebe-feira-voltada-ao-universo-de-gestantes-e-bebes","status":"publish","type":"post","link":"https:\/\/imais.online\/portal\/campinas-recebe-feira-voltada-ao-universo-de-gestantes-e-bebes\/","title":{"rendered":"Campinas recebe feira voltada ao universo de gestantes e beb\u00eas"},"content":{"rendered":"<div class=\"imais-before-content-placement\" id=\"imais-3160273144\"><script async src=\"\/\/pagead2.googlesyndication.com\/pagead\/js\/adsbygoogle.js?client=ca-pub-8787528412751566\" crossorigin=\"anonymous\"><\/script><ins class=\"adsbygoogle\" style=\"display:block;\" data-ad-client=\"ca-pub-8787528412751566\" \ndata-ad-slot=\"\" \ndata-ad-format=\"auto\"><\/ins>\n<script> \n(adsbygoogle = window.adsbygoogle || []).push({}); \n<\/script>\n<\/div>\n<p class=\"has-text-align-center\"><em>Um dos maiores eventos voltados ao p\u00fablico materno-infantil da regi\u00e3o &#8211; a Feira da Gestante Campinas &#8211; ser\u00e1 realizado no ExpoBoulevard &#8211; Shopping Iguatemi, entre os dias 14 e 18 de maio, e reunir\u00e1 50 expositores com tudo o que h\u00e1 de mais moderno e pr\u00e1tico para quem est\u00e1 esperando ou acabou de ter um beb\u00ea. A entrada \u00e9 gratuita.<\/em><\/p>\n\n\n\n<p>O mercado global de produtos neonatais e de cuidados com beb\u00eas est\u00e1 em uma fase significativa de crescimento, impulsionado principalmente pelos avan\u00e7os tecnol\u00f3gicos e pela crescente conscientiza\u00e7\u00e3o dos consumidores sobre bem-estar e sustentabilidade. A Feira da Gestante, que ser\u00e1 realizada no ExpoBoulevard, no complexo comercial do Shopping Iguatemi (ao lado da loja Tok&amp;Stok), na Av. Senador Darcy Ribeiro, 140, Vila Brandina, em Campinas, ocorrer\u00e1 entre os dias 14 e 18 de maio.&nbsp;Os cerca de 50 expositores apresentar\u00e3o produtos variados para quem deseja montar o enxoval, conhecer novos artigos ou simplesmente acompanhar as novidades que est\u00e3o sendo sugeridas para quem est\u00e1 esperando um beb\u00ea. A entrada \u00e9 gratuita. A feira funcionar\u00e1 de quarta a sexta-feira, das 14h \u00e0s 22h; no s\u00e1bado, das 10h \u00e0s 22h; e no domingo, das 14h \u00e0s 20h. O evento ser\u00e1 realizado em uma \u00e1rea ampla e climatizada e contar\u00e1 com \u00e1rea de alimenta\u00e7\u00e3o e f\u00e1cil estacionamento.<\/p>\n\n\n\n<p>Os expositores oferecer\u00e3o produtos variados, desde vestu\u00e1rio para gestantes, lingeries espec\u00edficas para o per\u00edodo at\u00e9 itens indispens\u00e1veis como carrinhos, ber\u00e7os, kits de higiene, enxoval completo, brinquedos educativos, al\u00e9m de uma grande variedade de produtos personalizados na hora, com bordado ou grava\u00e7\u00e3o a laser \u2013 uma das tend\u00eancias mais fortes do setor.&nbsp;De acordo com Renan Maroni Paim, organizador do evento, o relat\u00f3rio da Business Research Insights aponta que o mercado de produtos neonatais e infantis foi avaliado em R$ 14,49 bilh\u00f5es (US$ 2,52 bilh\u00f5es) em 2023 e deve atingir R$ 23,575 bilh\u00f5es (US$ 4,1 bilh\u00f5es) at\u00e9 2032, apresentando uma taxa de crescimento anual de 5,5% ao longo do per\u00edodo de previs\u00e3o. Essa expans\u00e3o reflete a crescente demanda por produtos voltados ao cuidado intensivo de rec\u00e9m-nascidos e beb\u00eas, tanto em ambientes cl\u00ednicos quanto domiciliares.<\/p>\n\n\n\n<p><strong>Servi\u00e7o:<\/strong><br><strong>Feira da Gestante Campinas 2025<\/strong><\/p>\n\n\n\n<p>Local: ExpoBoulevard \u2013 complexo comercial do Shopping Iguatemi (ao lado da loja Tok&amp;Stok), na Av. Senador Darcy Ribeiro, 140, Vila Brandina, em Campinas.<\/p>\n\n\n\n<p>Data: 14 a 18 de maio de 2025<\/p>\n\n\n\n<p>Hor\u00e1rios: de quarta a sexta-feira, das 14h \u00e0s 22h; s\u00e1bado, das 10h \u00e0s 22h; domingo, das 14h \u00e0s 20h.<\/p>\n\n\n\n<p>Entrada gratuita<\/p>\n","protected":false},"excerpt":{"rendered":"<p>Um dos maiores eventos voltados ao p\u00fablico materno-infantil da regi\u00e3o &#8211; a Feira da Gestante Campinas &#8211; ser\u00e1 realizado no ExpoBoulevard &#8211; Shopping Iguatemi, entre os dias 14 e 18 de maio, e reunir\u00e1 50 expositores com tudo o que h\u00e1 de mais moderno e pr\u00e1tico para quem est\u00e1 esperando ou acabou de ter um [&hellip;]<\/p>\n","protected":false},"author":7,"featured_media":27127,"comment_status":"closed","ping_status":"open","sticky":false,"template":"","format":"standard","meta":{"rop_custom_images_group":[],"rop_custom_messages_group":[],"rop_publish_now":"initial","rop_publish_now_accounts":[],"rop_publish_now_history":[],"rop_publish_now_status":"pending","footnotes":""},"categories":[272],"tags":[],"class_list":["post-27126","post","type-post","status-publish","format-standard","has-post-thumbnail","hentry","category-campinas"],"amp_enabled":true,"_links":{"self":[{"href":"https:\/\/imais.online\/portal\/wp-json\/wp\/v2\/posts\/27126","targetHints":{"allow":["GET"]}}],"collection":[{"href":"https:\/\/imais.online\/portal\/wp-json\/wp\/v2\/posts"}],"about":[{"href":"https:\/\/imais.online\/portal\/wp-json\/wp\/v2\/types\/post"}],"author":[{"embeddable":true,"href":"https:\/\/imais.online\/portal\/wp-json\/wp\/v2\/users\/7"}],"replies":[{"embeddable":true,"href":"https:\/\/imais.online\/portal\/wp-json\/wp\/v2\/comments?post=27126"}],"version-history":[{"count":1,"href":"https:\/\/imais.online\/portal\/wp-json\/wp\/v2\/posts\/27126\/revisions"}],"predecessor-version":[{"id":27128,"href":"https:\/\/imais.online\/portal\/wp-json\/wp\/v2\/posts\/27126\/revisions\/27128"}],"wp:featuredmedia":[{"embeddable":true,"href":"https:\/\/imais.online\/portal\/wp-json\/wp\/v2\/media\/27127"}],"wp:attachment":[{"href":"https:\/\/imais.online\/portal\/wp-json\/wp\/v2\/media?parent=27126"}],"wp:term":[{"taxonomy":"category","embeddable":true,"href":"https:\/\/imais.online\/portal\/wp-json\/wp\/v2\/categories?post=27126"},{"taxonomy":"post_tag","embeddable":true,"href":"https:\/\/imais.online\/portal\/wp-json\/wp\/v2\/tags?post=27126"}],"curies":[{"name":"wp","href":"https:\/\/api.w.org\/{rel}","templated":true}]}}