{"id":27136,"date":"2025-05-07T10:21:49","date_gmt":"2025-05-07T13:21:49","guid":{"rendered":"https:\/\/imais.online\/portal\/?p=27136"},"modified":"2025-05-07T10:21:50","modified_gmt":"2025-05-07T13:21:50","slug":"tarcisio-sp-vai-ser-primeiro-estado-a-substituir-diesel-comecando-pelo-agro","status":"publish","type":"post","link":"https:\/\/imais.online\/portal\/tarcisio-sp-vai-ser-primeiro-estado-a-substituir-diesel-comecando-pelo-agro\/","title":{"rendered":"Tarc\u00edsio: SP vai ser primeiro estado a substituir diesel; come\u00e7ando pelo agro"},"content":{"rendered":"<div class=\"imais-before-content-placement\" id=\"imais-3200864166\"><script async src=\"\/\/pagead2.googlesyndication.com\/pagead\/js\/adsbygoogle.js?client=ca-pub-8787528412751566\" crossorigin=\"anonymous\"><\/script><ins class=\"adsbygoogle\" style=\"display:block;\" data-ad-client=\"ca-pub-8787528412751566\" \ndata-ad-slot=\"\" \ndata-ad-format=\"auto\"><\/ins>\n<script> \n(adsbygoogle = window.adsbygoogle || []).push({}); \n<\/script>\n<\/div>\n<h2 class=\"wp-block-heading\">Segundo Tarc\u00edsio, as lavouras do estado j\u00e1 demonstram essa transi\u00e7\u00e3o<\/h2>\n\n\n\n<p>O governador de S\u00e3o Paulo,&nbsp;<a href=\"https:\/\/noticias.r7.com\/brasilia\/tarcisio-de-freitas-comparece-a-ato-a-favor-da-anistia-com-bolsonaro-na-paulista-06042025\/\">Tarc\u00edsio de Freitas<\/a>&nbsp;(Republicanos), afirmou que o estado est\u00e1 na dianteira da transi\u00e7\u00e3o energ\u00e9tica e ser\u00e1 o primeiro do Brasil a substituir o uso do&nbsp;<a href=\"https:\/\/noticias.r7.com\/sao-paulo\/interior\/sp-record-interior-sp\/preco-do-diesel-cai-e-deve-impactar-outros-combustiveis-07052025\/\">diesel<\/a>, come\u00e7ando pelo setor agropecu\u00e1rio. A declara\u00e7\u00e3o foi dada \u00e0 imprensa ap\u00f3s participar da cerim\u00f4nia de abertura de evento promovido pelo Sistema CNA\/Senar, em parceria com o Estad\u00e3o e o Broadcast (sistema de not\u00edcias em tempo real do Grupo Estado), em S\u00e3o Paulo.<\/p>\n\n\n\n<p>\u201cS\u00e3o Paulo est\u00e1 na dire\u00e7\u00e3o certa. Entendeu que a transi\u00e7\u00e3o energ\u00e9tica nasce aqui. A gente tem uma fortaleza que \u00e9 a cana-de-a\u00e7\u00facar\u201d, afirmou Tarc\u00edsio, destacando que o Estado abriga o desenvolvimento do primeiro trator do mundo movido a etanol. Segundo ele, a biomassa da cana \u00e9 uma das principais apostas para um modelo de energia limpa, com m\u00faltiplas aplica\u00e7\u00f5es.<\/p>\n\n\n\n<p>\u201cS\u00e3o Paulo j\u00e1 socorreu o Brasil na d\u00e9cada de 70 com o Pro\u00e1lcool, no momento das crises do petr\u00f3leo, e vai socorrer de novo. Vai proporcionar, vai fazer com que o Brasil tenha um papel de lideran\u00e7a nessa quest\u00e3o da transi\u00e7\u00e3o energ\u00e9tica\u201d, disse o governador.<\/p>\n\n\n\n<p>Al\u00e9m do etanol, ele destacou o biometano, o biog\u00e1s, o combust\u00edvel sustent\u00e1vel de avia\u00e7\u00e3o e o hidrog\u00eanio como vetores estrat\u00e9gicos. \u201c\u00c9 por isso que a descarboniza\u00e7\u00e3o vai acontecer prioritariamente aqui. E eu digo, sem medo de errar, que S\u00e3o Paulo vai ser o primeiro Estado do Brasil a substituir o diesel, come\u00e7ando pelo agro\u201d, garantiu.<\/p>\n\n\n\n<p>Segundo Tarc\u00edsio, as lavouras do Estado j\u00e1 demonstram essa transi\u00e7\u00e3o, com caminh\u00f5es e m\u00e1quinas agr\u00edcolas movidos a etanol e biometano. \u201cEm muito pouco tempo, as colhedoras de cana todas v\u00e3o ser movidas a etanol. Ent\u00e3o, o agro de S\u00e3o Paulo j\u00e1 est\u00e1 dando esse passo\u201d, afirmou.<\/p>\n\n\n\n<p>Fonte R7<\/p>\n","protected":false},"excerpt":{"rendered":"<p>Segundo Tarc\u00edsio, as lavouras do estado j\u00e1 demonstram essa transi\u00e7\u00e3o O governador de S\u00e3o Paulo,&nbsp;Tarc\u00edsio de Freitas&nbsp;(Republicanos), afirmou que o estado est\u00e1 na dianteira da transi\u00e7\u00e3o energ\u00e9tica e ser\u00e1 o primeiro do Brasil a substituir o uso do&nbsp;diesel, come\u00e7ando pelo setor agropecu\u00e1rio. A declara\u00e7\u00e3o foi dada \u00e0 imprensa ap\u00f3s participar da cerim\u00f4nia de abertura de [&hellip;]<\/p>\n","protected":false},"author":8,"featured_media":27137,"comment_status":"closed","ping_status":"open","sticky":false,"template":"","format":"standard","meta":{"rop_custom_images_group":[],"rop_custom_messages_group":[],"rop_publish_now":"initial","rop_publish_now_accounts":[],"rop_publish_now_history":[],"rop_publish_now_status":"pending","footnotes":""},"categories":[195],"tags":[],"class_list":["post-27136","post","type-post","status-publish","format-standard","has-post-thumbnail","hentry","category-sao-paulo"],"amp_enabled":true,"_links":{"self":[{"href":"https:\/\/imais.online\/portal\/wp-json\/wp\/v2\/posts\/27136","targetHints":{"allow":["GET"]}}],"collection":[{"href":"https:\/\/imais.online\/portal\/wp-json\/wp\/v2\/posts"}],"about":[{"href":"https:\/\/imais.online\/portal\/wp-json\/wp\/v2\/types\/post"}],"author":[{"embeddable":true,"href":"https:\/\/imais.online\/portal\/wp-json\/wp\/v2\/users\/8"}],"replies":[{"embeddable":true,"href":"https:\/\/imais.online\/portal\/wp-json\/wp\/v2\/comments?post=27136"}],"version-history":[{"count":1,"href":"https:\/\/imais.online\/portal\/wp-json\/wp\/v2\/posts\/27136\/revisions"}],"predecessor-version":[{"id":27138,"href":"https:\/\/imais.online\/portal\/wp-json\/wp\/v2\/posts\/27136\/revisions\/27138"}],"wp:featuredmedia":[{"embeddable":true,"href":"https:\/\/imais.online\/portal\/wp-json\/wp\/v2\/media\/27137"}],"wp:attachment":[{"href":"https:\/\/imais.online\/portal\/wp-json\/wp\/v2\/media?parent=27136"}],"wp:term":[{"taxonomy":"category","embeddable":true,"href":"https:\/\/imais.online\/portal\/wp-json\/wp\/v2\/categories?post=27136"},{"taxonomy":"post_tag","embeddable":true,"href":"https:\/\/imais.online\/portal\/wp-json\/wp\/v2\/tags?post=27136"}],"curies":[{"name":"wp","href":"https:\/\/api.w.org\/{rel}","templated":true}]}}