{"id":27142,"date":"2025-05-07T10:26:50","date_gmt":"2025-05-07T13:26:50","guid":{"rendered":"https:\/\/imais.online\/portal\/?p=27142"},"modified":"2025-05-07T10:26:51","modified_gmt":"2025-05-07T13:26:51","slug":"inscricao-para-o-salao-de-humor-sobre-doacao-de-orgaos-2025-esta-aberta","status":"publish","type":"post","link":"https:\/\/imais.online\/portal\/inscricao-para-o-salao-de-humor-sobre-doacao-de-orgaos-2025-esta-aberta\/","title":{"rendered":"Inscri\u00e7\u00e3o para o Sal\u00e3o de Humor sobre Doa\u00e7\u00e3o de \u00d3rg\u00e3os 2025 est\u00e1 aberta"},"content":{"rendered":"<div class=\"imais-before-content-placement\" id=\"imais-3580844411\"><script async src=\"\/\/pagead2.googlesyndication.com\/pagead\/js\/adsbygoogle.js?client=ca-pub-8787528412751566\" crossorigin=\"anonymous\"><\/script><ins class=\"adsbygoogle\" style=\"display:block;\" data-ad-client=\"ca-pub-8787528412751566\" \ndata-ad-slot=\"\" \ndata-ad-format=\"auto\"><\/ins>\n<script> \n(adsbygoogle = window.adsbygoogle || []).push({}); \n<\/script>\n<\/div>\n<p><em><small>A\u00e7\u00e3o promove arte, empatia e conscientiza\u00e7\u00e3o em todo o Brasil<\/small><\/em><\/p>\n\n\n\n<p>O Instituto GABRIEL, com apoio da Prefeitura de Indaiatuba, est\u00e1 com os preparativos em andamento para a edi\u00e7\u00e3o 2025 do Sal\u00e3o de Humor sobre Doa\u00e7\u00e3o de \u00d3rg\u00e3os, um dos principais eventos de arte engajada do pa\u00eds. Criado em 2008, o Sal\u00e3o usa o humor gr\u00e1fico como ferramenta de mobiliza\u00e7\u00e3o social, sensibilizando o p\u00fablico sobre a import\u00e2ncia da doa\u00e7\u00e3o de \u00f3rg\u00e3os e tecidos.<\/p>\n\n\n\n<p>O Sal\u00e3o \u00e9 aberto a cartunistas, ilustradores, caricaturistas, designers gr\u00e1ficos e estudantes de arte, brasileiros e estrangeiros, maiores de 18 anos. As obras devem ser originais, com conte\u00fado voltado ao tema da doa\u00e7\u00e3o de \u00f3rg\u00e3os. T\u00e9cnicas digitais ou manuais s\u00e3o aceitas. O per\u00edodo de inscri\u00e7\u00e3o segue at\u00e9 \u00e0s 23h59 &#8211; Hor\u00e1rio de Bras\u00edlia &#8211; DF, de 1 de agosto de 2025.&nbsp; Informa\u00e7\u00f5es completas e regulamento est\u00e3o dispon\u00edveis em:&nbsp;<a href=\"https:\/\/www.gabriel.org.br\/salao-de-humor\">https:\/\/www.gabriel.org.br\/salao-de-humor<\/a><\/p>\n\n\n\n<p>A edi\u00e7\u00e3o de 2025 contar\u00e1 com exposi\u00e7\u00f5es presenciais e virtuais, debates e atividades paralelas em escolas, hospitais e espa\u00e7os culturais. Tamb\u00e9m haver\u00e1 divulga\u00e7\u00e3o nas redes sociais, ampliando o alcance da campanha nacional do Instituto GABRIEL.<\/p>\n\n\n\n<p>O evento j\u00e1 impactou milhares de pessoas com exposi\u00e7\u00f5es itinerantes, atividades educativas e ampla participa\u00e7\u00e3o de artistas brasileiros e estrangeiros. A cada edi\u00e7\u00e3o, o Sal\u00e3o reafirma sua miss\u00e3o: transformar o tra\u00e7o art\u00edstico em instrumento de vida e empatia. A edi\u00e7\u00e3o de 2024 recebeu 184 obras de artistas de todas as regi\u00f5es do Brasil, com destaque para a participa\u00e7\u00e3o de novos talentos e nomes consagrados do humor gr\u00e1fico. A expectativa para 2025 \u00e9 ultrapassar essa marca e alcan\u00e7ar p\u00fablicos ainda mais diversos.<\/p>\n\n\n\n<p>&#8220;Queremos que a doa\u00e7\u00e3o de \u00f3rg\u00e3os seja vista como um gesto natural de amor. E o humor \u00e9 uma ponte para essa transforma\u00e7\u00e3o: aproxima, toca, informa. O Sal\u00e3o nasceu dessa miss\u00e3o e segue crescendo, com apoio de artistas que acreditam que a arte salva vidas&#8221;, afirma Maria In\u00eas de Carvalho, presidente do Instituto GABRIEL.<\/p>\n\n\n\n<p>&#8220;O Sal\u00e3o de Humor sobre Doa\u00e7\u00e3o de \u00d3rg\u00e3os \u00e9 uma iniciativa rara e nobre: transforma o tra\u00e7o em mensagem e o sorriso em reflex\u00e3o. Receber trabalhos de artistas de diferentes regi\u00f5es e idades \u00e9 uma prova de que a arte continua viva, sens\u00edvel e socialmente engajada&#8221;, completa o cartunista e curador M\u00e1rio Mastrotti.<\/p>\n\n\n\n<p><strong>MOTIVOS PARA PARTICIPAR<\/strong><\/p>\n\n\n\n<p>&#8211; Contribuir com uma causa social urgente que salva vidas<\/p>\n\n\n\n<p>&#8211; Ter a obra exposta em circuito nacional e online<\/p>\n\n\n\n<p>&#8211; Concorrer a premia\u00e7\u00f5es, certificados e men\u00e7\u00f5es honrosas<\/p>\n\n\n\n<p>&#8211; Participar de uma rede de artistas e ativistas culturais engajados com o bem<\/p>\n\n\n\n<p>coletivo<\/p>\n\n\n\n<p><strong>SERVI\u00c7O &#8211; SAL\u00c3O DE HUMOR SOBRE DOA\u00c7\u00c3O DE \u00d3RG\u00c3OS 2025<\/strong><\/p>\n\n\n\n<p><strong>Realiza\u00e7\u00e3o:<\/strong>&nbsp;Instituto GABRIEL com apoio da Prefeitura de Indaiatuba<\/p>\n\n\n\n<p><strong>Curadoria:<\/strong>&nbsp;M\u00e1rio Mastrotti<\/p>\n\n\n\n<p><strong>Tema da edi\u00e7\u00e3o 2025:<\/strong>&nbsp;Para Cartum e Charge o tema \u00e9 &#8220;Doa\u00e7\u00e3o de \u00d3rg\u00e3os &#8211; Solidariedade que salva vidas; Caricatura: Dr. Cristiann Barnard &#8211; m\u00e9dico sul-africano, pioneiro no transplante card\u00edaco)<\/p>\n\n\n\n<p><strong>Per\u00edodo de inscri\u00e7\u00f5es:<\/strong>&nbsp;de 05 de maio de 2025 at\u00e9 1 de agosto de 2025, \u00e0s 23h59 &#8211; Hor\u00e1rio de Bras\u00edlia &#8211; DF -BR<\/p>\n\n\n\n<p><strong>Local da exposi\u00e7\u00e3o:<\/strong>&nbsp;Indaiatuba (SP) + Exposi\u00e7\u00e3o Virtual + Itiner\u00e2ncia nacional<\/p>\n\n\n\n<p><strong>Website oficial:<\/strong>&nbsp;<a href=\"https:\/\/www.gabriel.org.br\/salao-de-humor\">https:\/\/www.gabriel.org.br\/salao-de-humor<\/a><\/p>\n\n\n\n<p><strong>Saiba mais:<\/strong>&nbsp;A organiza\u00e7\u00e3o chama-se GABRIEL, pois nasceu da tentativa de doa\u00e7\u00e3o de \u00f3rg\u00e3os de Gabrielle de Azevedo Carvalho, que nasceu acometida de um quadro de anencefalia (aus\u00eancia de c\u00e9rebro), no dia 24 de maio de 1998. No terceiro m\u00eas de gravidez, o casal Maria In\u00eas e Valdir, ambos com 40 anos na ocasi\u00e3o, constataram atrav\u00e9s de exames pr\u00e9-natais, que o beb\u00ea que estavam esperando era anenc\u00e9falo. Essa era a 2\u00aa ocorr\u00eancia, pois 10 anos antes j\u00e1 haviam perdido outra filha com a mesma malforma\u00e7\u00e3o. Optaram ent\u00e3o por manter a gesta\u00e7\u00e3o at\u00e9 o final e ap\u00f3s o nascimento de Gabrielle e seu inevit\u00e1vel falecimento, efetuar a doa\u00e7\u00e3o de seus \u00f3rg\u00e3os, na tentativa de ajudar crian\u00e7as que aguardam um transplante.<\/p>\n\n\n\n<p><strong>www.institutogabriel.org.br<\/strong><\/p>\n\n\n\n<p><strong>Instituto GABRIEL<\/strong><\/p>\n\n\n\n<p><strong>WhatsApp:<\/strong>&nbsp;+55 (19) 98700-0466<\/p>\n","protected":false},"excerpt":{"rendered":"<p>A\u00e7\u00e3o promove arte, empatia e conscientiza\u00e7\u00e3o em todo o Brasil O Instituto GABRIEL, com apoio da Prefeitura de Indaiatuba, est\u00e1 com os preparativos em andamento para a edi\u00e7\u00e3o 2025 do Sal\u00e3o de Humor sobre Doa\u00e7\u00e3o de \u00d3rg\u00e3os, um dos principais eventos de arte engajada do pa\u00eds. Criado em 2008, o Sal\u00e3o usa o humor gr\u00e1fico [&hellip;]<\/p>\n","protected":false},"author":8,"featured_media":27143,"comment_status":"closed","ping_status":"open","sticky":false,"template":"","format":"standard","meta":{"rop_custom_images_group":[],"rop_custom_messages_group":[],"rop_publish_now":"initial","rop_publish_now_accounts":[],"rop_publish_now_history":[],"rop_publish_now_status":"pending","footnotes":""},"categories":[188],"tags":[73],"class_list":["post-27142","post","type-post","status-publish","format-standard","has-post-thumbnail","hentry","category-indaiatuba","tag-featured"],"amp_enabled":true,"_links":{"self":[{"href":"https:\/\/imais.online\/portal\/wp-json\/wp\/v2\/posts\/27142","targetHints":{"allow":["GET"]}}],"collection":[{"href":"https:\/\/imais.online\/portal\/wp-json\/wp\/v2\/posts"}],"about":[{"href":"https:\/\/imais.online\/portal\/wp-json\/wp\/v2\/types\/post"}],"author":[{"embeddable":true,"href":"https:\/\/imais.online\/portal\/wp-json\/wp\/v2\/users\/8"}],"replies":[{"embeddable":true,"href":"https:\/\/imais.online\/portal\/wp-json\/wp\/v2\/comments?post=27142"}],"version-history":[{"count":1,"href":"https:\/\/imais.online\/portal\/wp-json\/wp\/v2\/posts\/27142\/revisions"}],"predecessor-version":[{"id":27144,"href":"https:\/\/imais.online\/portal\/wp-json\/wp\/v2\/posts\/27142\/revisions\/27144"}],"wp:featuredmedia":[{"embeddable":true,"href":"https:\/\/imais.online\/portal\/wp-json\/wp\/v2\/media\/27143"}],"wp:attachment":[{"href":"https:\/\/imais.online\/portal\/wp-json\/wp\/v2\/media?parent=27142"}],"wp:term":[{"taxonomy":"category","embeddable":true,"href":"https:\/\/imais.online\/portal\/wp-json\/wp\/v2\/categories?post=27142"},{"taxonomy":"post_tag","embeddable":true,"href":"https:\/\/imais.online\/portal\/wp-json\/wp\/v2\/tags?post=27142"}],"curies":[{"name":"wp","href":"https:\/\/api.w.org\/{rel}","templated":true}]}}