{"id":2716,"date":"2021-10-29T11:58:16","date_gmt":"2021-10-29T14:58:16","guid":{"rendered":"https:\/\/imais.online\/portal\/?p=2716"},"modified":"2021-10-29T11:58:20","modified_gmt":"2021-10-29T14:58:20","slug":"litoral-paulista-tera-reveillon-sem-barreiras-e-com-praias-liberadas","status":"publish","type":"post","link":"https:\/\/imais.online\/portal\/litoral-paulista-tera-reveillon-sem-barreiras-e-com-praias-liberadas\/","title":{"rendered":"Litoral paulista ter\u00e1 R\u00e9veillon sem barreiras e com praias liberadas"},"content":{"rendered":"<div class=\"imais-before-content-placement\" id=\"imais-2897699915\"><script async src=\"\/\/pagead2.googlesyndication.com\/pagead\/js\/adsbygoogle.js?client=ca-pub-8787528412751566\" crossorigin=\"anonymous\"><\/script><ins class=\"adsbygoogle\" style=\"display:block;\" data-ad-client=\"ca-pub-8787528412751566\" \ndata-ad-slot=\"\" \ndata-ad-format=\"auto\"><\/ins>\n<script> \n(adsbygoogle = window.adsbygoogle || []).push({}); \n<\/script>\n<\/div>\n<h2 class=\"has-text-align-center wp-block-heading\">Nove cidades da Baixada decidiram que n\u00e3o haver\u00e1 controle sanit\u00e1rio no acesso nem exig\u00eancia da carteira de vacina\u00e7\u00e3o<\/h2>\n\n\n\n<p>Diferentemente do que ocorreu em 2020, quando a pandemia estava no auge, os turistas que pretendem passar o R\u00e9veillon no litoral paulista neste ano n\u00e3o encontrar\u00e3o barreiras pelo caminho. As nove cidades da Baixada Santista j\u00e1 decidiram que, com o avan\u00e7o da vacina\u00e7\u00e3o, n\u00e3o haver\u00e1 controle sanit\u00e1rio no acesso dos visitantes nem ser\u00e1 exigida carteira de vacina\u00e7\u00e3o das pessoas. A mesma decis\u00e3o j\u00e1 foi tomada por S\u00e3o Sebasti\u00e3o, um dos quatro munic\u00edpios do litoral norte. J\u00e1 Ilhabela, Ubatuba e Caraguatatuba ainda avaliam o que far\u00e3o.<\/p>\n\n\n\n<p>No litoral sul, a decis\u00e3o de liberar as praias foi tomada pelo Condesb (Conselho de Desenvolvimento da Regi\u00e3o Metropolitana da Baixada Santista), em reuni\u00e3o na ter\u00e7a-feira (26).<\/p>\n\n\n\n<p>Segundo o prefeito de Santos, Rog\u00e9rio Santos (PSDB), que preside o conselho, o momento atual da pandemia j\u00e1 n\u00e3o exige barreiras sanit\u00e1rias. &#8220;Temos de ficar de olho no futuro e se o quadro epidemiol\u00f3gico n\u00e3o vai sofrer altera\u00e7\u00e3o. A decis\u00e3o pode mudar caso a pandemia piore.&#8221;<\/p>\n\n\n\n<p><strong>Queima de fogos<\/strong><\/p>\n\n\n\n<p>Ainda n\u00e3o houve consenso sobre a queima de fogos na virada do ano, que costuma atrair muitos turistas. As prefeituras de Santos, S\u00e3o Vicente, Guaruj\u00e1 e Bertioga j\u00e1 anunciaram que n\u00e3o haver\u00e1 show de fogos na virada. Um dos objetivos \u00e9 reduzir as aglomera\u00e7\u00f5es. &#8220;A gente sabe que muita gente vem para a queima de fogos, e isso seria incentivar a aglomera\u00e7\u00e3o&#8221;, disse Rog\u00e9rio Santos.<\/p>\n\n\n\n<p>A Prefeitura de Praia Grande tamb\u00e9m decidiu, nesta quarta (27), n\u00e3o fazer queima de fogos. Cubat\u00e3o e Peru\u00edbe, por\u00e9m, preveem shows pirot\u00e9cnicos. O secret\u00e1rio de Turismo de Peru\u00edbe, Edilson Almeida, afirma que o evento est\u00e1 sendo licitado. &#8220;O evento s\u00f3 n\u00e3o ocorrer\u00e1 no caso de impedimentos de outras esferas, como decis\u00e3o estadual.&#8221;<\/p>\n\n\n\n<p><strong>Litoral norte<\/strong><\/p>\n\n\n\n<p>No litoral norte, a programa\u00e7\u00e3o das festas ainda n\u00e3o est\u00e1 totalmente definida. S\u00e3o Sebasti\u00e3o far\u00e1 o R\u00e9veillon com queima de fogos, embora sem megaeventos. &#8220;Nossa temporada de ver\u00e3o ter\u00e1 shows apenas com artistas locais&#8221;, disse o prefeito, Felipe Augusto (PSDB).<\/p>\n\n\n\n<p>Em nota, Caraguatatuba informa que deve ter uma defini\u00e7\u00e3o sobre as festas ap\u00f3s o feriado de Finados. As praias j\u00e1 est\u00e3o abertas aos turistas, sem restri\u00e7\u00f5es.<\/p>\n\n\n\n<p>Ap\u00f3s ter sido o destino mais restrito do litoral no ver\u00e3o passado, com controle rigoroso do acesso pelas balsas, Ilhabela j\u00e1 retomou os eventos n\u00e1uticos e esportivos. Para definir a festa do R\u00e9veillon, ser\u00e1 realizada uma reuni\u00e3o ap\u00f3s o feriado. J\u00e1 Ubatuba afirmou esperar defini\u00e7\u00e3o do governo estadual sobre os feriados de fim de ano. As praias est\u00e3o liberadas para turistas.<\/p>\n\n\n\n<p>Copyright \u00a9 Estad\u00e3o. Todos os direitos reservados.<\/p>\n","protected":false},"excerpt":{"rendered":"<p>Nove cidades da Baixada decidiram que n\u00e3o haver\u00e1 controle sanit\u00e1rio no acesso nem exig\u00eancia da carteira de vacina\u00e7\u00e3o Diferentemente do que ocorreu em 2020, quando a pandemia estava no auge, os turistas que pretendem passar o R\u00e9veillon no litoral paulista neste ano n\u00e3o encontrar\u00e3o barreiras pelo caminho. As nove cidades da Baixada Santista j\u00e1 decidiram [&hellip;]<\/p>\n","protected":false},"author":8,"featured_media":2717,"comment_status":"closed","ping_status":"open","sticky":false,"template":"","format":"standard","meta":{"rop_custom_images_group":[],"rop_custom_messages_group":[],"rop_publish_now":"initial","rop_publish_now_accounts":[],"rop_publish_now_history":[],"rop_publish_now_status":"pending","footnotes":""},"categories":[195],"tags":[73],"class_list":["post-2716","post","type-post","status-publish","format-standard","has-post-thumbnail","hentry","category-sao-paulo","tag-featured"],"amp_enabled":true,"_links":{"self":[{"href":"https:\/\/imais.online\/portal\/wp-json\/wp\/v2\/posts\/2716","targetHints":{"allow":["GET"]}}],"collection":[{"href":"https:\/\/imais.online\/portal\/wp-json\/wp\/v2\/posts"}],"about":[{"href":"https:\/\/imais.online\/portal\/wp-json\/wp\/v2\/types\/post"}],"author":[{"embeddable":true,"href":"https:\/\/imais.online\/portal\/wp-json\/wp\/v2\/users\/8"}],"replies":[{"embeddable":true,"href":"https:\/\/imais.online\/portal\/wp-json\/wp\/v2\/comments?post=2716"}],"version-history":[{"count":1,"href":"https:\/\/imais.online\/portal\/wp-json\/wp\/v2\/posts\/2716\/revisions"}],"predecessor-version":[{"id":2718,"href":"https:\/\/imais.online\/portal\/wp-json\/wp\/v2\/posts\/2716\/revisions\/2718"}],"wp:featuredmedia":[{"embeddable":true,"href":"https:\/\/imais.online\/portal\/wp-json\/wp\/v2\/media\/2717"}],"wp:attachment":[{"href":"https:\/\/imais.online\/portal\/wp-json\/wp\/v2\/media?parent=2716"}],"wp:term":[{"taxonomy":"category","embeddable":true,"href":"https:\/\/imais.online\/portal\/wp-json\/wp\/v2\/categories?post=2716"},{"taxonomy":"post_tag","embeddable":true,"href":"https:\/\/imais.online\/portal\/wp-json\/wp\/v2\/tags?post=2716"}],"curies":[{"name":"wp","href":"https:\/\/api.w.org\/{rel}","templated":true}]}}