{"id":27180,"date":"2025-05-08T11:58:19","date_gmt":"2025-05-08T14:58:19","guid":{"rendered":"https:\/\/imais.online\/portal\/?p=27180"},"modified":"2025-05-08T11:58:20","modified_gmt":"2025-05-08T14:58:20","slug":"entenda-por-que-os-eua-querem-classificar-pcc-e-cv-como-terroristas","status":"publish","type":"post","link":"https:\/\/imais.online\/portal\/entenda-por-que-os-eua-querem-classificar-pcc-e-cv-como-terroristas\/","title":{"rendered":"Entenda por que os EUA querem classificar PCC e CV como terroristas"},"content":{"rendered":"<div class=\"imais-before-content-placement\" id=\"imais-1393120124\"><script async src=\"\/\/pagead2.googlesyndication.com\/pagead\/js\/adsbygoogle.js?client=ca-pub-8787528412751566\" crossorigin=\"anonymous\"><\/script><ins class=\"adsbygoogle\" style=\"display:block;\" data-ad-client=\"ca-pub-8787528412751566\" \ndata-ad-slot=\"\" \ndata-ad-format=\"auto\"><\/ins>\n<script> \n(adsbygoogle = window.adsbygoogle || []).push({}); \n<\/script>\n<\/div>\n<h2 class=\"wp-block-heading\">Governo americano defende que designa\u00e7\u00e3o facilitaria aplica\u00e7\u00e3o de san\u00e7\u00f5es e combate ao crime transnacional<\/h2>\n\n\n\n<p>O&nbsp;<a href=\"https:\/\/noticias.r7.com\/internacional\/suprema-corte-autoriza-politica-que-exclui-militares-transgeneros-implementada-por-trump-06052025\/\"><strong>governo dos Estados Unidos<\/strong><\/a>&nbsp;solicitou ao Brasil que classifique as fac\u00e7\u00f5es criminosas PCC (Primeiro Comando da Capital) e CV (Comando Vermelho) como organiza\u00e7\u00f5es terroristas. A proposta, apresentada por representantes da administra\u00e7\u00e3o Trump em reuni\u00e3o com autoridades brasileiras em Bras\u00edlia, visa permitir a aplica\u00e7\u00e3o de san\u00e7\u00f5es mais severas e refor\u00e7ar o combate ao crime transnacional. O governo brasileiro, no entanto, rejeitou o pedido, argumentando que a legisla\u00e7\u00e3o nacional n\u00e3o permite tal classifica\u00e7\u00e3o para grupos cuja motiva\u00e7\u00e3o principal \u00e9 o lucro, e n\u00e3o ideol\u00f3gica ou religiosa.<\/p>\n\n\n\n<p>Durante encontro realizado em Bras\u00edlia, representantes do governo dos Estados Unidos, liderados por David Gamble, chefe interino da coordena\u00e7\u00e3o de san\u00e7\u00f5es do Departamento de Estado, solicitaram que o Brasil classifique o\u00a0<a href=\"https:\/\/noticias.r7.com\/sao-paulo\/gaeco-denuncia-rato-buda-tatuzao-e-mais-tres-por-elo-com-pcc-em-esquema-de-rifas-06052025\/\"><strong>PCC\u00a0<\/strong><\/a>e o CV como organiza\u00e7\u00f5es terroristas. Segundo os americanos, essa designa\u00e7\u00e3o permitiria a aplica\u00e7\u00e3o de san\u00e7\u00f5es econ\u00f4micas mais rigorosas e facilitaria a coopera\u00e7\u00e3o internacional no combate ao crime organizado.<\/p>\n\n\n\n<p>As autoridades norte-americanas alegam que as fac\u00e7\u00f5es brasileiras t\u00eam presen\u00e7a em pelo menos 12 estados dos EUA, incluindo Nova York, Fl\u00f3rida e Nova Jersey, onde estariam envolvidas em atividades como tr\u00e1fico de armas e lavagem de dinheiro. Al\u00e9m disso, afirmam que a classifica\u00e7\u00e3o como terroristas permitiria a\u00e7\u00f5es mais eficazes para desmantelar as opera\u00e7\u00f5es desses grupos.<\/p>\n\n\n\n<p>O governo brasileiro, por sua vez, rejeitou o pedido, argumentando que, de acordo com a Lei Antiterrorismo (Lei n\u00ba 13.260\/2016), o terrorismo \u00e9 definido como atos motivados por raz\u00f5es ideol\u00f3gicas, religiosas ou de preconceito, o que n\u00e3o se aplica \u00e0s fac\u00e7\u00f5es mencionadas, cuja principal motiva\u00e7\u00e3o \u00e9 o lucro por meio de atividades il\u00edcitas. Autoridades brasileiras tamb\u00e9m expressaram preocupa\u00e7\u00e3o de que tal classifica\u00e7\u00e3o pudesse ter implica\u00e7\u00f5es negativas, como san\u00e7\u00f5es econ\u00f4micas e impactos na imagem internacional do pa\u00eds.<\/p>\n\n\n\n<p>Especialistas em seguran\u00e7a p\u00fablica destacam que, embora as a\u00e7\u00f5es do PCC e do CV possam causar terror e inseguran\u00e7a, enquadr\u00e1-los como organiza\u00e7\u00f5es terroristas poderia trazer desafios legais e diplom\u00e1ticos. A discuss\u00e3o sobre a classifica\u00e7\u00e3o dessas fac\u00e7\u00f5es continua sendo um ponto de diverg\u00eancia entre os dois pa\u00edses.<\/p>\n\n\n\n<p>Fonte R7<\/p>\n","protected":false},"excerpt":{"rendered":"<p>Governo americano defende que designa\u00e7\u00e3o facilitaria aplica\u00e7\u00e3o de san\u00e7\u00f5es e combate ao crime transnacional O&nbsp;governo dos Estados Unidos&nbsp;solicitou ao Brasil que classifique as fac\u00e7\u00f5es criminosas PCC (Primeiro Comando da Capital) e CV (Comando Vermelho) como organiza\u00e7\u00f5es terroristas. A proposta, apresentada por representantes da administra\u00e7\u00e3o Trump em reuni\u00e3o com autoridades brasileiras em Bras\u00edlia, visa permitir a [&hellip;]<\/p>\n","protected":false},"author":8,"featured_media":27181,"comment_status":"closed","ping_status":"open","sticky":false,"template":"","format":"standard","meta":{"rop_custom_images_group":[],"rop_custom_messages_group":[],"rop_publish_now":"initial","rop_publish_now_accounts":[],"rop_publish_now_history":[],"rop_publish_now_status":"pending","footnotes":""},"categories":[212],"tags":[],"class_list":["post-27180","post","type-post","status-publish","format-standard","has-post-thumbnail","hentry","category-internacional"],"amp_enabled":true,"_links":{"self":[{"href":"https:\/\/imais.online\/portal\/wp-json\/wp\/v2\/posts\/27180","targetHints":{"allow":["GET"]}}],"collection":[{"href":"https:\/\/imais.online\/portal\/wp-json\/wp\/v2\/posts"}],"about":[{"href":"https:\/\/imais.online\/portal\/wp-json\/wp\/v2\/types\/post"}],"author":[{"embeddable":true,"href":"https:\/\/imais.online\/portal\/wp-json\/wp\/v2\/users\/8"}],"replies":[{"embeddable":true,"href":"https:\/\/imais.online\/portal\/wp-json\/wp\/v2\/comments?post=27180"}],"version-history":[{"count":1,"href":"https:\/\/imais.online\/portal\/wp-json\/wp\/v2\/posts\/27180\/revisions"}],"predecessor-version":[{"id":27182,"href":"https:\/\/imais.online\/portal\/wp-json\/wp\/v2\/posts\/27180\/revisions\/27182"}],"wp:featuredmedia":[{"embeddable":true,"href":"https:\/\/imais.online\/portal\/wp-json\/wp\/v2\/media\/27181"}],"wp:attachment":[{"href":"https:\/\/imais.online\/portal\/wp-json\/wp\/v2\/media?parent=27180"}],"wp:term":[{"taxonomy":"category","embeddable":true,"href":"https:\/\/imais.online\/portal\/wp-json\/wp\/v2\/categories?post=27180"},{"taxonomy":"post_tag","embeddable":true,"href":"https:\/\/imais.online\/portal\/wp-json\/wp\/v2\/tags?post=27180"}],"curies":[{"name":"wp","href":"https:\/\/api.w.org\/{rel}","templated":true}]}}