{"id":27183,"date":"2025-05-08T12:00:53","date_gmt":"2025-05-08T15:00:53","guid":{"rendered":"https:\/\/imais.online\/portal\/?p=27183"},"modified":"2025-05-08T13:04:50","modified_gmt":"2025-05-08T16:04:50","slug":"guarda-civil-detem-quatro-pessoas-por-furto-em-farmacias-e-recupera-grande-quantidade-de-produtos","status":"publish","type":"post","link":"https:\/\/imais.online\/portal\/guarda-civil-detem-quatro-pessoas-por-furto-em-farmacias-e-recupera-grande-quantidade-de-produtos\/","title":{"rendered":"Guarda Civil det\u00e9m quatro pessoas por furto em farm\u00e1cias e recupera grande quantidade de produtos"},"content":{"rendered":"<div class=\"imais-before-content-placement\" id=\"imais-3043210578\"><script async src=\"\/\/pagead2.googlesyndication.com\/pagead\/js\/adsbygoogle.js?client=ca-pub-8787528412751566\" crossorigin=\"anonymous\"><\/script><ins class=\"adsbygoogle\" style=\"display:block;\" data-ad-client=\"ca-pub-8787528412751566\" \ndata-ad-slot=\"\" \ndata-ad-format=\"auto\"><\/ins>\n<script> \n(adsbygoogle = window.adsbygoogle || []).push({}); \n<\/script>\n<\/div>\n<p><em><small>A\u00e7\u00e3o iniciou ap\u00f3s o COI identificar um ve\u00edculo suspeito transitando na cidade<\/small><\/em><\/p>\n\n\n\n<p>Na tarde da quarta-feira (7), por volta das 14h30, a Guarda Civil de Indaiatuba deteve quatro pessoas suspeitas de envolvimento em furtos a farm\u00e1cias em Indaiatuba. A a\u00e7\u00e3o iniciou ap\u00f3s o COI (Centro de Opera\u00e7\u00f5es e Intelig\u00eancia) identificar um ve\u00edculo suspeito transitando na cidade.<\/p>\n\n\n\n<p>Segundo informa\u00e7\u00f5es, o carro estaria sendo utilizado por indiv\u00edduos que vinham praticando furtos nas farm\u00e1cias. As viaturas em patrulhamento foram acionadas e, em poucos minutos, conseguiram localizar e abordar o ve\u00edculo na Avenida Coronel Ant\u00f4nio Estanislau do Amaral.<\/p>\n\n\n\n<p>No interior do autom\u00f3vel estavam um homem e tr\u00eas mulheres. Durante a averigua\u00e7\u00e3o, os agentes encontraram no interior do ve\u00edculo uma grande quantidade de medicamentos, perfumes e cosm\u00e9ticos subtra\u00eddos de diferentes farm\u00e1cias da cidade.<\/p>\n\n\n\n<figure class=\"wp-block-image size-full\"><img loading=\"lazy\" decoding=\"async\" width=\"886\" height=\"590\" src=\"https:\/\/imais.online\/portal\/wp-content\/uploads\/2025\/05\/image.jpeg\" alt=\"\" class=\"wp-image-27184\" srcset=\"https:\/\/imais.online\/portal\/wp-content\/uploads\/2025\/05\/image.jpeg 886w, https:\/\/imais.online\/portal\/wp-content\/uploads\/2025\/05\/image-300x200.jpeg 300w, https:\/\/imais.online\/portal\/wp-content\/uploads\/2025\/05\/image-768x511.jpeg 768w\" sizes=\"auto, (max-width: 886px) 100vw, 886px\" \/><\/figure>\n\n\n\n<p>O grupo foi detido e conduzido \u00e0 Delegacia de Pol\u00edcia, junto com os itens furtados. Algumas v\u00edtimas dos furtos que j\u00e1 foram identificadas ter\u00e3o seus itens restitu\u00eddos.<\/p>\n\n\n\n<p><\/p>\n","protected":false},"excerpt":{"rendered":"<p>A\u00e7\u00e3o iniciou ap\u00f3s o COI identificar um ve\u00edculo suspeito transitando na cidade Na tarde da quarta-feira (7), por volta das 14h30, a Guarda Civil de Indaiatuba deteve quatro pessoas suspeitas de envolvimento em furtos a farm\u00e1cias em Indaiatuba. A a\u00e7\u00e3o iniciou ap\u00f3s o COI (Centro de Opera\u00e7\u00f5es e Intelig\u00eancia) identificar um ve\u00edculo suspeito transitando na [&hellip;]<\/p>\n","protected":false},"author":8,"featured_media":27184,"comment_status":"closed","ping_status":"open","sticky":false,"template":"","format":"standard","meta":{"rop_custom_images_group":[],"rop_custom_messages_group":[],"rop_publish_now":"initial","rop_publish_now_accounts":[],"rop_publish_now_history":[],"rop_publish_now_status":"pending","footnotes":""},"categories":[188],"tags":[],"class_list":["post-27183","post","type-post","status-publish","format-standard","has-post-thumbnail","hentry","category-indaiatuba"],"amp_enabled":true,"_links":{"self":[{"href":"https:\/\/imais.online\/portal\/wp-json\/wp\/v2\/posts\/27183","targetHints":{"allow":["GET"]}}],"collection":[{"href":"https:\/\/imais.online\/portal\/wp-json\/wp\/v2\/posts"}],"about":[{"href":"https:\/\/imais.online\/portal\/wp-json\/wp\/v2\/types\/post"}],"author":[{"embeddable":true,"href":"https:\/\/imais.online\/portal\/wp-json\/wp\/v2\/users\/8"}],"replies":[{"embeddable":true,"href":"https:\/\/imais.online\/portal\/wp-json\/wp\/v2\/comments?post=27183"}],"version-history":[{"count":1,"href":"https:\/\/imais.online\/portal\/wp-json\/wp\/v2\/posts\/27183\/revisions"}],"predecessor-version":[{"id":27185,"href":"https:\/\/imais.online\/portal\/wp-json\/wp\/v2\/posts\/27183\/revisions\/27185"}],"wp:featuredmedia":[{"embeddable":true,"href":"https:\/\/imais.online\/portal\/wp-json\/wp\/v2\/media\/27184"}],"wp:attachment":[{"href":"https:\/\/imais.online\/portal\/wp-json\/wp\/v2\/media?parent=27183"}],"wp:term":[{"taxonomy":"category","embeddable":true,"href":"https:\/\/imais.online\/portal\/wp-json\/wp\/v2\/categories?post=27183"},{"taxonomy":"post_tag","embeddable":true,"href":"https:\/\/imais.online\/portal\/wp-json\/wp\/v2\/tags?post=27183"}],"curies":[{"name":"wp","href":"https:\/\/api.w.org\/{rel}","templated":true}]}}