{"id":27189,"date":"2025-05-08T15:08:28","date_gmt":"2025-05-08T18:08:28","guid":{"rendered":"https:\/\/imais.online\/portal\/?p=27189"},"modified":"2025-05-08T15:08:29","modified_gmt":"2025-05-08T18:08:29","slug":"cardeal-norte-americano-e-eleito-papa-e-adota-o-nome-leao-xiv","status":"publish","type":"post","link":"https:\/\/imais.online\/portal\/cardeal-norte-americano-e-eleito-papa-e-adota-o-nome-leao-xiv\/","title":{"rendered":"Cardeal norte-americano \u00e9 eleito Papa e adota o nome Le\u00e3o XIV"},"content":{"rendered":"<div class=\"imais-before-content-placement\" id=\"imais-1274448727\"><script async src=\"\/\/pagead2.googlesyndication.com\/pagead\/js\/adsbygoogle.js?client=ca-pub-8787528412751566\" crossorigin=\"anonymous\"><\/script><ins class=\"adsbygoogle\" style=\"display:block;\" data-ad-client=\"ca-pub-8787528412751566\" \ndata-ad-slot=\"\" \ndata-ad-format=\"auto\"><\/ins>\n<script> \n(adsbygoogle = window.adsbygoogle || []).push({}); \n<\/script>\n<\/div>\n<p>A Igreja Cat\u00f3lica tem um novo l\u00edder. O cardeal norte-americano Robert Francis Prevost foi eleito nesta quinta-feira como o 267.\u00ba papa, adotando o nome de Le\u00e3o XIV. A escolha foi anunciada com a tradicional fuma\u00e7a branca \u00e0s 13h09 (hor\u00e1rio de Bras\u00edlia), ap\u00f3s quatro rodadas de vota\u00e7\u00e3o no conclave que reuniu 133 cardeais eleitores \u2014 o maior n\u00famero da hist\u00f3ria.<\/p>\n\n\n\n<p>Natural de Chicago, nos Estados Unidos, Prevost tem 69 anos e pertence \u00e0 Ordem de Santo Agostinho. Ele se torna o primeiro papa norte-americano e o primeiro agostiniano a ocupar o trono de S\u00e3o Pedro desde o s\u00e9culo XV. Sua trajet\u00f3ria inclui extensa atua\u00e7\u00e3o mission\u00e1ria no Peru, onde foi bispo de Chiclayo e, posteriormente, nomeado arcebispo titular. Em 2023, foi chamado a Roma pelo Papa Francisco para comandar o Dicast\u00e9rio para os Bispos, sendo ent\u00e3o elevado ao cardinalato.<\/p>\n\n\n\n<p>Em sua primeira apari\u00e7\u00e3o p\u00fablica na sacada da Bas\u00edlica de S\u00e3o Pedro, Le\u00e3o XIV saudou a multid\u00e3o com a frase \u201cA paz esteja convosco\u201d e refor\u00e7ou compromissos com paz, di\u00e1logo, unidade e amor. O novo pont\u00edfice tamb\u00e9m dirigiu palavras em espanhol \u00e0 comunidade de Chiclayo, demonstrando seu carinho pelas comunidades hispano-americanas.<\/p>\n\n\n\n<p>A elei\u00e7\u00e3o de Le\u00e3o XIV ocorre ap\u00f3s o falecimento do Papa Francisco, em 21 de abril. Observadores do Vaticano apontam que sua escolha representa continuidade com o esp\u00edrito reformista de seu antecessor, com foco na descentraliza\u00e7\u00e3o da Igreja, no di\u00e1logo inter-religioso e na justi\u00e7a social. Seu perfil pastoral e mission\u00e1rio tamb\u00e9m refor\u00e7a o olhar da Igreja para as periferias e para a Am\u00e9rica Latina.<\/p>\n\n\n\n<p>Le\u00e3o XIV assume em um momento de grandes desafios para a Igreja, incluindo quest\u00f5es sociais, ecol\u00f3gicas e de fortalecimento da f\u00e9 em contextos culturais diversos ao redor do mundo.<\/p>\n","protected":false},"excerpt":{"rendered":"<p>A Igreja Cat\u00f3lica tem um novo l\u00edder. O cardeal norte-americano Robert Francis Prevost foi eleito nesta quinta-feira como o 267.\u00ba papa, adotando o nome de Le\u00e3o XIV. A escolha foi anunciada com a tradicional fuma\u00e7a branca \u00e0s 13h09 (hor\u00e1rio de Bras\u00edlia), ap\u00f3s quatro rodadas de vota\u00e7\u00e3o no conclave que reuniu 133 cardeais eleitores \u2014 o [&hellip;]<\/p>\n","protected":false},"author":7,"featured_media":27190,"comment_status":"closed","ping_status":"open","sticky":false,"template":"","format":"standard","meta":{"rop_custom_images_group":[],"rop_custom_messages_group":[],"rop_publish_now":"initial","rop_publish_now_accounts":[],"rop_publish_now_history":[],"rop_publish_now_status":"pending","footnotes":""},"categories":[211],"tags":[73],"class_list":["post-27189","post","type-post","status-publish","format-standard","has-post-thumbnail","hentry","category-mundo","tag-featured"],"amp_enabled":true,"_links":{"self":[{"href":"https:\/\/imais.online\/portal\/wp-json\/wp\/v2\/posts\/27189","targetHints":{"allow":["GET"]}}],"collection":[{"href":"https:\/\/imais.online\/portal\/wp-json\/wp\/v2\/posts"}],"about":[{"href":"https:\/\/imais.online\/portal\/wp-json\/wp\/v2\/types\/post"}],"author":[{"embeddable":true,"href":"https:\/\/imais.online\/portal\/wp-json\/wp\/v2\/users\/7"}],"replies":[{"embeddable":true,"href":"https:\/\/imais.online\/portal\/wp-json\/wp\/v2\/comments?post=27189"}],"version-history":[{"count":1,"href":"https:\/\/imais.online\/portal\/wp-json\/wp\/v2\/posts\/27189\/revisions"}],"predecessor-version":[{"id":27191,"href":"https:\/\/imais.online\/portal\/wp-json\/wp\/v2\/posts\/27189\/revisions\/27191"}],"wp:featuredmedia":[{"embeddable":true,"href":"https:\/\/imais.online\/portal\/wp-json\/wp\/v2\/media\/27190"}],"wp:attachment":[{"href":"https:\/\/imais.online\/portal\/wp-json\/wp\/v2\/media?parent=27189"}],"wp:term":[{"taxonomy":"category","embeddable":true,"href":"https:\/\/imais.online\/portal\/wp-json\/wp\/v2\/categories?post=27189"},{"taxonomy":"post_tag","embeddable":true,"href":"https:\/\/imais.online\/portal\/wp-json\/wp\/v2\/tags?post=27189"}],"curies":[{"name":"wp","href":"https:\/\/api.w.org\/{rel}","templated":true}]}}