{"id":27217,"date":"2025-05-09T16:45:42","date_gmt":"2025-05-09T19:45:42","guid":{"rendered":"https:\/\/imais.online\/portal\/?p=27217"},"modified":"2025-05-09T16:57:18","modified_gmt":"2025-05-09T19:57:18","slug":"analise-plaza-shopping-itu-completa-25-anos-e-se-torna-referencia-para-o-publico-de-indaiatuba","status":"publish","type":"post","link":"https:\/\/imais.online\/portal\/analise-plaza-shopping-itu-completa-25-anos-e-se-torna-referencia-para-o-publico-de-indaiatuba\/","title":{"rendered":"An\u00e1lise: Plaza Shopping Itu completa 25 anos e se torna refer\u00eancia para o p\u00fablico de Indaiatuba"},"content":{"rendered":"<div class=\"imais-before-content-placement\" id=\"imais-1692779234\"><script async src=\"\/\/pagead2.googlesyndication.com\/pagead\/js\/adsbygoogle.js?client=ca-pub-8787528412751566\" crossorigin=\"anonymous\"><\/script><ins class=\"adsbygoogle\" style=\"display:block;\" data-ad-client=\"ca-pub-8787528412751566\" \ndata-ad-slot=\"\" \ndata-ad-format=\"auto\"><\/ins>\n<script> \n(adsbygoogle = window.adsbygoogle || []).push({}); \n<\/script>\n<\/div><div class=\"wp-block-image\">\n<figure class=\"aligncenter size-full\"><img loading=\"lazy\" decoding=\"async\" width=\"600\" height=\"100\" src=\"https:\/\/imais.online\/portal\/wp-content\/uploads\/2025\/05\/image-1.png\" alt=\"\" class=\"wp-image-27218\" srcset=\"https:\/\/imais.online\/portal\/wp-content\/uploads\/2025\/05\/image-1.png 600w, https:\/\/imais.online\/portal\/wp-content\/uploads\/2025\/05\/image-1-300x50.png 300w\" sizes=\"auto, (max-width: 600px) 100vw, 600px\" \/><\/figure>\n<\/div>\n\n\n<p>Ao completar 25 anos de exist\u00eancia em abril, o Plaza Shopping Itu convida a uma reflex\u00e3o sobre sua trajet\u00f3ria e o impacto que exerceu n\u00e3o apenas na paisagem urbana de Itu, mas tamb\u00e9m na din\u00e2mica social e econ\u00f4mica de toda uma regi\u00e3o.<\/p>\n\n\n\n<p>Inaugurado em 27 de abril de 2000, o empreendimento transcendeu sua fun\u00e7\u00e3o primordial de centro de compras para se consolidar como um polo de lazer, servi\u00e7os e, sobretudo, um ponto de encontro que fortalece os v\u00ednculos comunit\u00e1rios, como bem evoca sua campanha comemorativa, \u201cLa\u00e7os que nos Unem\u201d.<\/p>\n\n\n\n<p>A evolu\u00e7\u00e3o do Plaza Shopping Itu ao longo deste quarto de s\u00e9culo \u00e9 not\u00e1vel. Sua chegada representou um marco de modernidade para Itu, cidade conhecida por seu valioso patrim\u00f4nio hist\u00f3rico e arquitetura colonial. O shopping introduziu uma nova escala e um novo conceito de espa\u00e7o comercial e de conviv\u00eancia, diversificando as op\u00e7\u00f5es dispon\u00edveis para os moradores locais e atraindo visitantes de munic\u00edpios vizinhos. Ao longo dos anos, o empreendimento demonstrou capacidade de adapta\u00e7\u00e3o e renova\u00e7\u00e3o, acompanhando as tend\u00eancias do varejo e as mudan\u00e7as nos h\u00e1bitos de consumo, mantendo-se relevante e atrativo.<\/p>\n\n\n\n<figure class=\"wp-block-image\"><img decoding=\"async\" src=\"https:\/\/www.maisindaia.com.br\/wp-content\/uploads\/2025\/05\/Imagem-do-WhatsApp-de-2025-05-09-as-16.18.43_ee817b28-1024x611.jpg\" alt=\"\" class=\"wp-image-716\"\/><\/figure>\n\n\n\n<p>A qualidade do shopping se manifesta n\u00e3o apenas na variedade e no padr\u00e3o das lojas e servi\u00e7os oferecidos, mas tamb\u00e9m na pr\u00f3pria concep\u00e7\u00e3o do espa\u00e7o, que busca proporcionar uma experi\u00eancia agrad\u00e1vel e completa aos seus frequentadores. A presen\u00e7a de marcas reconhecidas, op\u00e7\u00f5es gastron\u00f4micas diversificadas e uma agenda de eventos e entretenimento, como a ic\u00f4nica \u00e1rvore de Natal gigante que se tornou um s\u00edmbolo regional, contribuem para atrair um p\u00fablico variado, que busca conveni\u00eancia, seguran\u00e7a e op\u00e7\u00f5es de lazer qualificadas. Este p\u00fablico, oriundo de diversas cidades, reflete a abrang\u00eancia e a consolida\u00e7\u00e3o do shopping como refer\u00eancia regional.<\/p>\n\n\n\n<p>Nesse contexto, a rela\u00e7\u00e3o do Plaza Shopping Itu com a cidade de Indaiatuba merece destaque especial. Situada a uma curta dist\u00e2ncia geogr\u00e1fica, Indaiatuba encontra no shopping ituano uma extens\u00e3o natural de suas op\u00e7\u00f5es de consumo e lazer. A proximidade f\u00edsica \u00e9 um fator inegavelmente facilitador, tornando o deslocamento r\u00e1pido e conveniente para os indaiatubanos. Mais do que mera conveni\u00eancia, contudo, o Plaza Shopping Itu parece ter conquistado um lugar de prefer\u00eancia entre os moradores de Indaiatuba. Seja pela busca por marcas espec\u00edficas, pela variedade de op\u00e7\u00f5es de entretenimento ou pela pr\u00f3pria experi\u00eancia de compra em um ambiente consolidado e reconhecido por sua qualidade, o shopping se estabeleceu como um destino frequente para fam\u00edlias e indiv\u00edduos de Indaiatuba, tanto para as compras do dia a dia quanto para momentos de lazer e confraterniza\u00e7\u00e3o.<\/p>\n\n\n\n<figure class=\"wp-block-image\"><img decoding=\"async\" src=\"https:\/\/www.maisindaia.com.br\/wp-content\/uploads\/2025\/05\/Imagem-do-WhatsApp-de-2025-05-09-as-16.36.35_2677dc4e-1024x768.jpg\" alt=\"\" class=\"wp-image-719\"\/><figcaption class=\"wp-element-caption\">Exposi\u00e7\u00e3o Plaza Shopping Itu \u2013 25 anos.<\/figcaption><\/figure>\n\n\n\n<p>Em suma, os 25 anos do Plaza Shopping Itu n\u00e3o marcam apenas uma data cronol\u00f3gica, mas celebram a consolida\u00e7\u00e3o de um empreendimento que soube se integrar \u00e0 vida da regi\u00e3o, oferecendo modernidade, qualidade e conveni\u00eancia. Sua capacidade de atrair e fidelizar um p\u00fablico diversificado, incluindo de forma significativa os moradores da vizinha Indaiatuba, atesta seu sucesso e sua import\u00e2ncia como um centro vital para o com\u00e9rcio, o lazer e a intera\u00e7\u00e3o social no interior paulista.<\/p>\n\n\n\n<p>O gerente de marketing, do Plaza Shopping Itu, Edgar Silveira, comenta sobre as campanhas que o shopping tem promovido para as comemora\u00e7\u00f5es dos 25 anos do empreendimento unindo tamb\u00e9m o Dia das M\u00e3es e Dia dos Namorados:<\/p>\n\n\n\n<p><strong>Mais Indai\u00e1 \u2013 A campanha de anivers\u00e1rio enfatiza os \u201cLa\u00e7os que nos Unem\u201d. Al\u00e9m da oferta comercial, quais estrat\u00e9gias e iniciativas o shopping desenvolve para cultivar um relacionamento duradouro com seus clientes, incluindo os de cidades vizinhas como Indaiatuba, transformando a visita em uma experi\u00eancia que vai al\u00e9m das compras?<\/strong><\/p>\n\n\n\n<p><em>Edgar Silveira \u2013 A campanha de 25 anos teve in\u00edcio em abril e seguir\u00e1 por todo o ano, trazendo as pessoas como protagonistas dessa trajet\u00f3ria de sucesso. Depoimentos de lojistas, clientes e colaboradores marcam as redes sociais do Plaza e tamb\u00e9m na exposi\u00e7\u00e3o comemorativa, ressaltando esses la\u00e7os que nos unem com os consumidores de toda a regi\u00e3o. A mostra tamb\u00e9m registra a chegada de diversas marcas ao Shopping, a exemplo de Daiso e Outback, no \u00faltimo ano, que conquistaram&nbsp;o&nbsp;p\u00fablico<\/em>.<\/p>\n\n\n\n<p><strong>Mais Indai\u00e1 \u2013 O Dia das M\u00e3es \u00e9 uma data crucial para o varejo. Quais s\u00e3o as expectativas espec\u00edficas do Plaza Shopping Itu para a data este ano, especialmente considerando o marco dos 25 anos? Que a\u00e7\u00f5es e diferenciais est\u00e3o sendo preparados para atrair os consumidores e impulsionar as vendas?<\/strong><\/p>\n\n\n\n<p><em>Edgar Silveira \u2013 Nesse per\u00edodo comemorativo, o Plaza tamb\u00e9m traz uma campanha promocional que une os dias das M\u00e3es e Namorados. A a\u00e7\u00e3o come\u00e7ou no dia 30 de abril e se estender\u00e1 at\u00e9 16 de junho, a cada R$ 400 em compras nas lojas participantes, os consumidores concorrem a um Jeep Compass. Os clientes do Programa de Fidelidade Plaza Prime ganham n\u00fameros da sorte em dobro nas compras e cadastros de segunda a quinta. Uma campanha promocional que destaca o Plaza de todo o cen\u00e1rio&nbsp;regional.<\/em><\/p>\n\n\n\n<figure class=\"wp-block-image\"><img decoding=\"async\" src=\"https:\/\/www.maisindaia.com.br\/wp-content\/uploads\/2025\/05\/Plaza-Shopping-Itu-carro-1024x768.jpg\" alt=\"\" class=\"wp-image-586\"\/><\/figure>\n","protected":false},"excerpt":{"rendered":"<p>Ao completar 25 anos de exist\u00eancia em abril, o Plaza Shopping Itu convida a uma reflex\u00e3o sobre sua trajet\u00f3ria e o impacto que exerceu n\u00e3o apenas na paisagem urbana de Itu, mas tamb\u00e9m na din\u00e2mica social e econ\u00f4mica de toda uma regi\u00e3o. Inaugurado em 27 de abril de 2000, o empreendimento transcendeu sua fun\u00e7\u00e3o primordial [&hellip;]<\/p>\n","protected":false},"author":7,"featured_media":27219,"comment_status":"closed","ping_status":"open","sticky":false,"template":"","format":"standard","meta":{"rop_custom_images_group":[],"rop_custom_messages_group":[],"rop_publish_now":"initial","rop_publish_now_accounts":[],"rop_publish_now_history":[],"rop_publish_now_status":"pending","footnotes":""},"categories":[194],"tags":[],"class_list":["post-27217","post","type-post","status-publish","format-standard","has-post-thumbnail","hentry","category-regia"],"amp_enabled":true,"_links":{"self":[{"href":"https:\/\/imais.online\/portal\/wp-json\/wp\/v2\/posts\/27217","targetHints":{"allow":["GET"]}}],"collection":[{"href":"https:\/\/imais.online\/portal\/wp-json\/wp\/v2\/posts"}],"about":[{"href":"https:\/\/imais.online\/portal\/wp-json\/wp\/v2\/types\/post"}],"author":[{"embeddable":true,"href":"https:\/\/imais.online\/portal\/wp-json\/wp\/v2\/users\/7"}],"replies":[{"embeddable":true,"href":"https:\/\/imais.online\/portal\/wp-json\/wp\/v2\/comments?post=27217"}],"version-history":[{"count":3,"href":"https:\/\/imais.online\/portal\/wp-json\/wp\/v2\/posts\/27217\/revisions"}],"predecessor-version":[{"id":27222,"href":"https:\/\/imais.online\/portal\/wp-json\/wp\/v2\/posts\/27217\/revisions\/27222"}],"wp:featuredmedia":[{"embeddable":true,"href":"https:\/\/imais.online\/portal\/wp-json\/wp\/v2\/media\/27219"}],"wp:attachment":[{"href":"https:\/\/imais.online\/portal\/wp-json\/wp\/v2\/media?parent=27217"}],"wp:term":[{"taxonomy":"category","embeddable":true,"href":"https:\/\/imais.online\/portal\/wp-json\/wp\/v2\/categories?post=27217"},{"taxonomy":"post_tag","embeddable":true,"href":"https:\/\/imais.online\/portal\/wp-json\/wp\/v2\/tags?post=27217"}],"curies":[{"name":"wp","href":"https:\/\/api.w.org\/{rel}","templated":true}]}}