{"id":27226,"date":"2025-05-10T19:50:26","date_gmt":"2025-05-10T22:50:26","guid":{"rendered":"https:\/\/imais.online\/portal\/?p=27226"},"modified":"2025-05-10T19:50:27","modified_gmt":"2025-05-10T22:50:27","slug":"leao-xiv-recebeu-mais-de-100-votos-no-conclave-diz-cardeal","status":"publish","type":"post","link":"https:\/\/imais.online\/portal\/leao-xiv-recebeu-mais-de-100-votos-no-conclave-diz-cardeal\/","title":{"rendered":"Le\u00e3o XIV recebeu &#8216;mais de 100 votos no Conclave&#8217;, diz cardeal"},"content":{"rendered":"<div class=\"imais-before-content-placement\" id=\"imais-1734688083\"><script async src=\"\/\/pagead2.googlesyndication.com\/pagead\/js\/adsbygoogle.js?client=ca-pub-8787528412751566\" crossorigin=\"anonymous\"><\/script><ins class=\"adsbygoogle\" style=\"display:block;\" data-ad-client=\"ca-pub-8787528412751566\" \ndata-ad-slot=\"\" \ndata-ad-format=\"auto\"><\/ins>\n<script> \n(adsbygoogle = window.adsbygoogle || []).push({}); \n<\/script>\n<\/div>\n<h2 class=\"wp-block-heading\">D\u00e9sir\u00e9 Tsarahazana, de Madagascar, comentou neste s\u00e1bado (10) que Robert Francis Prevost recebeu mais que os 89 votos necess\u00e1rios para ser eleito papa.<\/h2>\n\n\n\n<p>Para ser eleito papa durante o conclave secreto de 7 a 8 de maio na Capela Sistina, o papa Le\u00e3o XIV precisava de uma maioria de dois ter\u00e7os de 89 dos 133 cardeais votantes.<\/p>\n\n\n\n<p>O cardeal de Madagascar, D\u00e9sir\u00e9 Tsarahazana, disse \u00e0 ag\u00eancia Reuters que&nbsp;<strong>Robert Francis Prevost recebeu mais de 100 votos na<\/strong><a class=\"\" href=\"https:\/\/g1.globo.com\/mundo\/noticia\/2025\/05\/08\/robert-francis-prevost-vira-o-papa-leao-xiv.ghtml\"><strong>&nbsp;vota\u00e7\u00e3o final na tarde de 8 de maio<\/strong><\/a><strong>.<\/strong><\/p>\n\n\n\n<p>Le\u00e3o XIV participou de uma&nbsp;<a class=\"\" href=\"https:\/\/g1.globo.com\/mundo\/noticia\/2025\/05\/10\/leao-xiv-saiba-por-que-o-novo-papa-escolheu-esse-nome.ghtml\">reuni\u00e3o&nbsp;<\/a>neste s\u00e1bado (10) com os cardeais.<\/p>\n\n\n\n<p>Esse&nbsp;<a class=\"\" href=\"https:\/\/g1.globo.com\/mundo\/noticia\/2025\/05\/10\/na-1a-reuniao-com-todos-os-cardeais-papa-leao-pede-que-continuem-legado-precioso-de-francisco.ghtml\">encontro<\/a>&nbsp;teve um&nbsp;formato diferente&nbsp;daquele usado pelos papas anteriores, que normalmente faziam um discurso e esperavam que os cl\u00e9rigos apenas ouvissem.<\/p>\n\n\n\n<p>Desta vez, Le\u00e3o fez um discurso preparado e depois\u00a0abriu a palavra para qualquer cardeal\u00a0que quisesse fazer um coment\u00e1rio \u2013\u00a0permitindo que os cl\u00e9rigos expressassem suas opini\u00f5es\u00a0e preocupa\u00e7\u00f5es sobre as principais quest\u00f5es enfrentadas pela Igreja global.<\/p>\n\n\n\n<p>&#8220;Ele ouviu com muita aten\u00e7\u00e3o, mas sabe que ter\u00e1 que tomar as decis\u00f5es&#8221;, disse o cardeal irland\u00eas Sean Brady \u00e0 ag\u00eancia Reuters. &#8220;Mas estamos aqui para ajud\u00e1-lo.&#8221;<\/p>\n\n\n\n<p>O cardeal espanhol Aquilino Bocos Merino descreveu o encontro como&nbsp;&#8220;muito cordial e comunit\u00e1rio&#8221;.<\/p>\n\n\n\n<p>O cardeal tcheco Dominik Duka disse que um t\u00f3pico que surgiu foi a situa\u00e7\u00e3o dos&nbsp;cat\u00f3licos na China.<\/p>\n\n\n\n<p>O&nbsp;<a class=\"\" href=\"https:\/\/g1.globo.com\/tudo-sobre\/vaticano\/\">Vaticano<\/a>&nbsp;e a China&nbsp;<a class=\"\" href=\"https:\/\/g1.globo.com\/mundo\/noticia\/2020\/10\/22\/china-e-vaticano-renovam-acordo-historico.ghtml\">assinaram em 2018 um acordo controverso<\/a>&nbsp;sobre a nomea\u00e7\u00e3o de bispos no pa\u00eds, o que d\u00e1 a Pequim alguma contribui\u00e7\u00e3o em sua sele\u00e7\u00e3o.<\/p>\n\n\n\n<p><strong>Os conservadores atacaram o acordo ainda secreto como uma trai\u00e7\u00e3o<\/strong>, mas Duka comentou que era necess\u00e1rio manter um di\u00e1logo aberto em lugares onde a Igreja \u00e9 oprimida, comparando-o ao di\u00e1logo entre o Vaticano e os pa\u00edses do leste europeu durante a Guerra Fria.<\/p>\n\n\n\n<p>O cardeal alem\u00e3o Gerhard Mueller, que entrou em conflito abertamente com Francisco sobre quest\u00f5es relativas ao ensino moral cat\u00f3lico, disse que o encontro de s\u00e1bado foi &#8220;muito bom e harmonioso&#8221;.<\/p>\n\n\n\n<p>Fonte G1<\/p>\n","protected":false},"excerpt":{"rendered":"<p>D\u00e9sir\u00e9 Tsarahazana, de Madagascar, comentou neste s\u00e1bado (10) que Robert Francis Prevost recebeu mais que os 89 votos necess\u00e1rios para ser eleito papa. Para ser eleito papa durante o conclave secreto de 7 a 8 de maio na Capela Sistina, o papa Le\u00e3o XIV precisava de uma maioria de dois ter\u00e7os de 89 dos 133 [&hellip;]<\/p>\n","protected":false},"author":8,"featured_media":27227,"comment_status":"closed","ping_status":"open","sticky":false,"template":"","format":"standard","meta":{"rop_custom_images_group":[],"rop_custom_messages_group":[],"rop_publish_now":"initial","rop_publish_now_accounts":[],"rop_publish_now_history":[],"rop_publish_now_status":"pending","footnotes":""},"categories":[212],"tags":[73],"class_list":["post-27226","post","type-post","status-publish","format-standard","has-post-thumbnail","hentry","category-internacional","tag-featured"],"amp_enabled":true,"_links":{"self":[{"href":"https:\/\/imais.online\/portal\/wp-json\/wp\/v2\/posts\/27226","targetHints":{"allow":["GET"]}}],"collection":[{"href":"https:\/\/imais.online\/portal\/wp-json\/wp\/v2\/posts"}],"about":[{"href":"https:\/\/imais.online\/portal\/wp-json\/wp\/v2\/types\/post"}],"author":[{"embeddable":true,"href":"https:\/\/imais.online\/portal\/wp-json\/wp\/v2\/users\/8"}],"replies":[{"embeddable":true,"href":"https:\/\/imais.online\/portal\/wp-json\/wp\/v2\/comments?post=27226"}],"version-history":[{"count":1,"href":"https:\/\/imais.online\/portal\/wp-json\/wp\/v2\/posts\/27226\/revisions"}],"predecessor-version":[{"id":27228,"href":"https:\/\/imais.online\/portal\/wp-json\/wp\/v2\/posts\/27226\/revisions\/27228"}],"wp:featuredmedia":[{"embeddable":true,"href":"https:\/\/imais.online\/portal\/wp-json\/wp\/v2\/media\/27227"}],"wp:attachment":[{"href":"https:\/\/imais.online\/portal\/wp-json\/wp\/v2\/media?parent=27226"}],"wp:term":[{"taxonomy":"category","embeddable":true,"href":"https:\/\/imais.online\/portal\/wp-json\/wp\/v2\/categories?post=27226"},{"taxonomy":"post_tag","embeddable":true,"href":"https:\/\/imais.online\/portal\/wp-json\/wp\/v2\/tags?post=27226"}],"curies":[{"name":"wp","href":"https:\/\/api.w.org\/{rel}","templated":true}]}}