{"id":27229,"date":"2025-05-10T20:02:35","date_gmt":"2025-05-10T23:02:35","guid":{"rendered":"https:\/\/imais.online\/portal\/?p=27229"},"modified":"2025-05-10T20:02:36","modified_gmt":"2025-05-10T23:02:36","slug":"entenda-por-que-91-mil-eleitores-da-regiao-de-campinas-podem-ter-titulo-cancelado-em-maio-e-quais-as-consequencias","status":"publish","type":"post","link":"https:\/\/imais.online\/portal\/entenda-por-que-91-mil-eleitores-da-regiao-de-campinas-podem-ter-titulo-cancelado-em-maio-e-quais-as-consequencias\/","title":{"rendered":"Entenda por que 91 mil eleitores da regi\u00e3o de Campinas podem ter t\u00edtulo cancelado em maio e quais as consequ\u00eancias"},"content":{"rendered":"<div class=\"imais-before-content-placement\" id=\"imais-4117739257\"><script async src=\"\/\/pagead2.googlesyndication.com\/pagead\/js\/adsbygoogle.js?client=ca-pub-8787528412751566\" crossorigin=\"anonymous\"><\/script><ins class=\"adsbygoogle\" style=\"display:block;\" data-ad-client=\"ca-pub-8787528412751566\" \ndata-ad-slot=\"\" \ndata-ad-format=\"auto\"><\/ins>\n<script> \n(adsbygoogle = window.adsbygoogle || []).push({}); \n<\/script>\n<\/div>\n<h2 class=\"wp-block-heading\">N\u00famero inclui eleitores que deixaram de votar em tr\u00eas turnos consecutivos. Pessoas com t\u00edtulo cancelado n\u00e3o podem ter passaporte ou tomar posse em cargo p\u00fablico.<\/h2>\n\n\n\n<p>A regi\u00e3o de&nbsp;<a class=\"\" href=\"https:\/\/g1.globo.com\/sp\/campinas-regiao\/cidade\/campinas\/\">Campinas (SP)<\/a>&nbsp;tem&nbsp;91.263 t\u00edtulos de eleitor pass\u00edveis de cancelamento&nbsp;a partir do dia&nbsp;<strong>19 de maio<\/strong>. De acordo com dados do&nbsp;<a class=\"\" href=\"https:\/\/g1.globo.com\/tudo-sobre\/tribunal-superior-eleitoral\/\">Tribunal Superior Eleitoral<\/a>&nbsp;(TSE), \u00e9 esse o n\u00famero de votantes que n\u00e3o compareceram nos \u00faltimos tr\u00eas pleitos.<\/p>\n\n\n\n<p><strong>Entenda:<\/strong>&nbsp;a medida se aplica aos casos em que o eleitor&nbsp;n\u00e3o justificou a aus\u00eancia dentro do prazo e n\u00e3o pagou a respectiva multa, com exce\u00e7\u00e3o dos grupos facultativos, como analfabetos, pessoas com menos de 18 anos ou acima de 70.<\/p>\n\n\n\n<p>O n\u00famero registrado neste s\u00e1bado (10) corresponde a 3,5% do eleitorado apto a votar. At\u00e9 o fim do prazo,\u00a0\u00e9 poss\u00edvel regularizar a situa\u00e7\u00e3o\u00a0pela internet ou indo pessoalmente a um cart\u00f3rio eleitoral\u00a0<strong>(confira abaixo o que fazer)<\/strong>.<\/p>\n\n\n\n<h2 class=\"wp-block-heading\">Seis motivos para regularizar o t\u00edtulo de eleitor<\/h2>\n\n\n\n<ol class=\"wp-block-list\">\n<li><strong>Participa\u00e7\u00e3o em concursos p\u00fablicos:<\/strong>&nbsp;o t\u00edtulo em dia permite \u00e0 pessoa se candidatar a cargos p\u00fablicos, que exigem a comprova\u00e7\u00e3o de quita\u00e7\u00e3o eleitoral. Sem ela, o cidad\u00e3o n\u00e3o pode se inscrever em concurso, tomar posse nem ser investido em fun\u00e7\u00e3o p\u00fablica, em qualquer esfera de governo.<\/li>\n\n\n\n<li><strong>Receber sal\u00e1rio em emprego p\u00fablico:<\/strong>&nbsp;funcion\u00e1rios de \u00f3rg\u00e3os p\u00fablicos, autarquias, funda\u00e7\u00f5es governamentais e empresas que prestam servi\u00e7os delegados pelo poder p\u00fablico podem ter o pagamento suspenso se estiverem com pend\u00eancias eleitorais.<\/li>\n\n\n\n<li><strong>Concorrer em licita\u00e7\u00f5es e processos p\u00fablicos:<\/strong>&nbsp;cidad\u00e3os que desejam participar de licita\u00e7\u00f5es p\u00fablicas \u2014 como o fornecimento de servi\u00e7os ou de produtos ao governo \u2014 precisam estar com a situa\u00e7\u00e3o eleitoral regularizada. A exig\u00eancia vale para as esferas federal, estadual e municipal.<\/li>\n\n\n\n<li><strong>Obter passaporte e carteira de identidade:&nbsp;<\/strong>a emiss\u00e3o de documentos, como carteira de identidade e passaporte, tamb\u00e9m pode ser bloqueada caso o cidad\u00e3o esteja em d\u00e9bito com a Justi\u00e7a Eleitoral.<\/li>\n\n\n\n<li><strong>Renovar matr\u00edcula em institui\u00e7\u00e3o p\u00fablica de ensino:&nbsp;<\/strong>alunos de institui\u00e7\u00f5es de ensino oficiais ou fiscalizadas pelo governo podem ter a matr\u00edcula negada se n\u00e3o apresentarem prova de regularidade perante a Justi\u00e7a Eleitoral.<\/li>\n\n\n\n<li><strong>Comprova\u00e7\u00e3o de quita\u00e7\u00e3o de obriga\u00e7\u00f5es legais:<\/strong>&nbsp;a certid\u00e3o de quita\u00e7\u00e3o eleitoral \u00e9 exigida para diversos atos civis, incluindo a comprova\u00e7\u00e3o de regularidade com o servi\u00e7o militar.<\/li>\n<\/ol>\n\n\n\n<blockquote class=\"wp-block-quote is-layout-flow wp-block-quote-is-layout-flow\">\n<p>Sem o t\u00edtulo de eleitor em dia, o cidad\u00e3o pode enfrentar dificuldades em processos administrativos e legais.<\/p>\n<\/blockquote>\n\n\n\n<h2 class=\"wp-block-heading\">Como consultar e regularizar<\/h2>\n\n\n\n<p>Para consultar a situa\u00e7\u00e3o, basta acessar a p\u00e1gina de autoatendimento eleitoral ou o aplicativo e-T\u00edtulo at\u00e9 o dia 19 de maio. Caso exista irregularidade, o eleitor dever\u00e1 pagar as&nbsp;multas de R$ 3,51 para cada turno que deixou de comparecer.<\/p>\n\n\n\n<p>O pagamento pode ser feito de forma on-line ou em um cart\u00f3rio eleitoral, que atende de segunda a sexta-feira, das 11h \u00e0s 17h. No caso do atendimento presencial, \u00e9 necess\u00e1rio fazer\u00a0<a class=\"\" rel=\"noreferrer noopener\" href=\"https:\/\/apps.tre-sp.jus.br\/AgendaBioOrdinario\/publico\/\" target=\"_blank\">agendamento pr\u00e9vio pela internet<\/a>.<\/p>\n\n\n\n<p>Fonte EPTV Campinas <\/p>\n","protected":false},"excerpt":{"rendered":"<p>N\u00famero inclui eleitores que deixaram de votar em tr\u00eas turnos consecutivos. Pessoas com t\u00edtulo cancelado n\u00e3o podem ter passaporte ou tomar posse em cargo p\u00fablico. A regi\u00e3o de&nbsp;Campinas (SP)&nbsp;tem&nbsp;91.263 t\u00edtulos de eleitor pass\u00edveis de cancelamento&nbsp;a partir do dia&nbsp;19 de maio. De acordo com dados do&nbsp;Tribunal Superior Eleitoral&nbsp;(TSE), \u00e9 esse o n\u00famero de votantes que n\u00e3o [&hellip;]<\/p>\n","protected":false},"author":8,"featured_media":27230,"comment_status":"closed","ping_status":"open","sticky":false,"template":"","format":"standard","meta":{"rop_custom_images_group":[],"rop_custom_messages_group":[],"rop_publish_now":"initial","rop_publish_now_accounts":[],"rop_publish_now_history":[],"rop_publish_now_status":"pending","footnotes":""},"categories":[194],"tags":[],"class_list":["post-27229","post","type-post","status-publish","format-standard","has-post-thumbnail","hentry","category-regia"],"amp_enabled":true,"_links":{"self":[{"href":"https:\/\/imais.online\/portal\/wp-json\/wp\/v2\/posts\/27229","targetHints":{"allow":["GET"]}}],"collection":[{"href":"https:\/\/imais.online\/portal\/wp-json\/wp\/v2\/posts"}],"about":[{"href":"https:\/\/imais.online\/portal\/wp-json\/wp\/v2\/types\/post"}],"author":[{"embeddable":true,"href":"https:\/\/imais.online\/portal\/wp-json\/wp\/v2\/users\/8"}],"replies":[{"embeddable":true,"href":"https:\/\/imais.online\/portal\/wp-json\/wp\/v2\/comments?post=27229"}],"version-history":[{"count":1,"href":"https:\/\/imais.online\/portal\/wp-json\/wp\/v2\/posts\/27229\/revisions"}],"predecessor-version":[{"id":27231,"href":"https:\/\/imais.online\/portal\/wp-json\/wp\/v2\/posts\/27229\/revisions\/27231"}],"wp:featuredmedia":[{"embeddable":true,"href":"https:\/\/imais.online\/portal\/wp-json\/wp\/v2\/media\/27230"}],"wp:attachment":[{"href":"https:\/\/imais.online\/portal\/wp-json\/wp\/v2\/media?parent=27229"}],"wp:term":[{"taxonomy":"category","embeddable":true,"href":"https:\/\/imais.online\/portal\/wp-json\/wp\/v2\/categories?post=27229"},{"taxonomy":"post_tag","embeddable":true,"href":"https:\/\/imais.online\/portal\/wp-json\/wp\/v2\/tags?post=27229"}],"curies":[{"name":"wp","href":"https:\/\/api.w.org\/{rel}","templated":true}]}}