{"id":27234,"date":"2025-05-13T09:15:44","date_gmt":"2025-05-13T12:15:44","guid":{"rendered":"https:\/\/imais.online\/portal\/?p=27234"},"modified":"2025-05-13T09:15:45","modified_gmt":"2025-05-13T12:15:45","slug":"com-safra-de-laranja-em-alta-sp-reforca-acoes-para-fortalecer-a-citricultura","status":"publish","type":"post","link":"https:\/\/imais.online\/portal\/com-safra-de-laranja-em-alta-sp-reforca-acoes-para-fortalecer-a-citricultura\/","title":{"rendered":"Com safra de laranja em alta, SP refor\u00e7a a\u00e7\u00f5es para fortalecer a citricultura"},"content":{"rendered":"<div class=\"imais-before-content-placement\" id=\"imais-2378591378\"><script async src=\"\/\/pagead2.googlesyndication.com\/pagead\/js\/adsbygoogle.js?client=ca-pub-8787528412751566\" crossorigin=\"anonymous\"><\/script><ins class=\"adsbygoogle\" style=\"display:block;\" data-ad-client=\"ca-pub-8787528412751566\" \ndata-ad-slot=\"\" \ndata-ad-format=\"auto\"><\/ins>\n<script> \n(adsbygoogle = window.adsbygoogle || []).push({}); \n<\/script>\n<\/div>\n<p class=\"has-text-align-center\">Secretaria de Agricultura investe em cr\u00e9dito, pesquisa e defesa sanit\u00e1ria para apoiar produtores e combater o greening no principal cintur\u00e3o citr\u00edcola do pa\u00eds<\/p>\n\n\n\n<p>O Fundo de Defesa da Citricultura (Fundecitrus) divulgou na sexta-feira (9) a&nbsp;estimativa da safra de laranja 2025\/26&nbsp;para o cintur\u00e3o citr\u00edcola de S\u00e3o Paulo e Tri\u00e2ngulo\/Sudoeste Mineiro, com previs\u00e3o de 314,11 milh\u00f5es de caixas de 40,8 kg. A proje\u00e7\u00e3o representa um crescimento de 26,4% em rela\u00e7\u00e3o \u00e0 safra anterior, que foi fortemente impactada por condi\u00e7\u00f5es clim\u00e1ticas adversas.<\/p>\n\n\n\n<p>A citricultura paulista \u00e9 respons\u00e1vel por cerca de 80% da produ\u00e7\u00e3o nacional de laranja e por 90% do suco de laranja processado no pa\u00eds, consolidando o estado como l\u00edder global do setor. A cadeia produtiva movimenta mais de US$3 bilh\u00f5es ao ano e gera aproximadamente 200 mil empregos diretos e indiretos. Em 2024, o grupo de sucos respondeu por 9,6% das exporta\u00e7\u00f5es do agroneg\u00f3cio paulista, totalizando R$17,78 bilh\u00f5es, sendo o suco de laranja o principal item, respons\u00e1vel por 98,1% desse valor.<\/p>\n\n\n\n<h2 class=\"wp-block-heading\"><strong>S\u00e3o Paulo no combate ao greening<\/strong><\/h2>\n\n\n\n<p>Para fortalecer ainda mais o setor, a Secretaria de Agricultura e Abastecimento do Estado de S\u00e3o Paulo lan\u00e7ou, em 2024, a linha de cr\u00e9dito \u201cCombate ao Greening\u201d, com o objetivo de apoiar os produtores na ado\u00e7\u00e3o de medidas preventivas e de controle da doen\u00e7a que afeta os pomares. Foram liberados mais de R$6 milh\u00f5es para 32 produtores.<\/p>\n\n\n\n<p>A Coordenadoria de Defesa Agropecu\u00e1ria (CDA) atua com a\u00e7\u00f5es sanit\u00e1rias, fiscaliza\u00e7\u00e3o e orienta\u00e7\u00e3o t\u00e9cnica em todo o estado, al\u00e9m de seguir na linha de frente no combate \u00e0 doen\u00e7as como o Greening\/HLB e o Cancro C\u00edtrico. A legisla\u00e7\u00e3o em vigor estabelece medidas rigorosas de defesa sanit\u00e1ria vegetal, como a proibi\u00e7\u00e3o do com\u00e9rcio ambulante de mudas c\u00edtricas, pr\u00e1tica que representa risco significativo \u00e0 sanidade dos pomares comerciais. Em 2024, foram 1743 fiscaliza\u00e7\u00f5es de HLB , totalizando 4.502.358 mudas retiradas. Al\u00e9m disso, foram realizadas 37 palestras educativas para p\u00fablico externo.<\/p>\n\n\n\n<p>Al\u00e9m disso, a Coordenadoria mant\u00e9m um canal direto para den\u00fancias sobre pomares abandonados ou mal manejados. Em abril foram atendidos 57 chamados. A presen\u00e7a desses pomares, sem controle do psil\u00eddeo (Diaphorina citri) \u2014 vetor do greening \u2014 ou sem a devida erradica\u00e7\u00e3o de plantas contaminadas, representa uma amea\u00e7a \u00e0 citricultura paulista, ao funcionar como fonte permanente de dissemina\u00e7\u00e3o da doen\u00e7a.<\/p>\n\n\n\n<h2 class=\"wp-block-heading\"><strong>Pesquisa e inova\u00e7\u00e3o para citricultura<\/strong><\/h2>\n\n\n\n<p>Para ampliar a base de conhecimento e promover inova\u00e7\u00e3o no setor, foi criado o Centro de Pesquisa Aplicada em Inova\u00e7\u00e3o e Sustentabilidade da Citricultura (CPA), resultado de uma parceria entre a Secretaria de Agricultura e Abastecimento (SAA), o Fundecitrus, a Funda\u00e7\u00e3o de Amparo \u00e0 Pesquisa do Estado de S\u00e3o Paulo (FAPESP) e a Escola Superior de Agricultura Luiz de Queiroz (Esalq\/USP).<\/p>\n\n\n\n<p>Com investimento previsto de R$ 90 milh\u00f5es nos pr\u00f3ximos cinco anos, o CPA tem como miss\u00e3o promover a forma\u00e7\u00e3o de novos grupos de pesquisa e consolidar iniciativas existentes, com foco priorit\u00e1rio no enfrentamento ao greening. Sediado na Esalq\/USP, em Piracicaba (SP), o centro representa um avan\u00e7o estrat\u00e9gico e promete ser um divisor de \u00e1guas para a citricultura brasileira, integrando ci\u00eancia, inova\u00e7\u00e3o e pol\u00edticas p\u00fablicas no combate aos principais desafios do setor.<\/p>\n","protected":false},"excerpt":{"rendered":"<p>Secretaria de Agricultura investe em cr\u00e9dito, pesquisa e defesa sanit\u00e1ria para apoiar produtores e combater o greening no principal cintur\u00e3o citr\u00edcola do pa\u00eds O Fundo de Defesa da Citricultura (Fundecitrus) divulgou na sexta-feira (9) a&nbsp;estimativa da safra de laranja 2025\/26&nbsp;para o cintur\u00e3o citr\u00edcola de S\u00e3o Paulo e Tri\u00e2ngulo\/Sudoeste Mineiro, com previs\u00e3o de 314,11 milh\u00f5es de [&hellip;]<\/p>\n","protected":false},"author":7,"featured_media":27235,"comment_status":"closed","ping_status":"open","sticky":false,"template":"","format":"standard","meta":{"rop_custom_images_group":[],"rop_custom_messages_group":[],"rop_publish_now":"initial","rop_publish_now_accounts":[],"rop_publish_now_history":[],"rop_publish_now_status":"pending","footnotes":""},"categories":[195],"tags":[],"class_list":["post-27234","post","type-post","status-publish","format-standard","has-post-thumbnail","hentry","category-sao-paulo"],"amp_enabled":true,"_links":{"self":[{"href":"https:\/\/imais.online\/portal\/wp-json\/wp\/v2\/posts\/27234","targetHints":{"allow":["GET"]}}],"collection":[{"href":"https:\/\/imais.online\/portal\/wp-json\/wp\/v2\/posts"}],"about":[{"href":"https:\/\/imais.online\/portal\/wp-json\/wp\/v2\/types\/post"}],"author":[{"embeddable":true,"href":"https:\/\/imais.online\/portal\/wp-json\/wp\/v2\/users\/7"}],"replies":[{"embeddable":true,"href":"https:\/\/imais.online\/portal\/wp-json\/wp\/v2\/comments?post=27234"}],"version-history":[{"count":1,"href":"https:\/\/imais.online\/portal\/wp-json\/wp\/v2\/posts\/27234\/revisions"}],"predecessor-version":[{"id":27236,"href":"https:\/\/imais.online\/portal\/wp-json\/wp\/v2\/posts\/27234\/revisions\/27236"}],"wp:featuredmedia":[{"embeddable":true,"href":"https:\/\/imais.online\/portal\/wp-json\/wp\/v2\/media\/27235"}],"wp:attachment":[{"href":"https:\/\/imais.online\/portal\/wp-json\/wp\/v2\/media?parent=27234"}],"wp:term":[{"taxonomy":"category","embeddable":true,"href":"https:\/\/imais.online\/portal\/wp-json\/wp\/v2\/categories?post=27234"},{"taxonomy":"post_tag","embeddable":true,"href":"https:\/\/imais.online\/portal\/wp-json\/wp\/v2\/tags?post=27234"}],"curies":[{"name":"wp","href":"https:\/\/api.w.org\/{rel}","templated":true}]}}