{"id":27237,"date":"2025-05-13T09:17:15","date_gmt":"2025-05-13T12:17:15","guid":{"rendered":"https:\/\/imais.online\/portal\/?p=27237"},"modified":"2025-05-13T09:17:16","modified_gmt":"2025-05-13T12:17:16","slug":"policia-de-sp-prende-criminoso-responsavel-pelo-controle-do-trafico-no-estado","status":"publish","type":"post","link":"https:\/\/imais.online\/portal\/policia-de-sp-prende-criminoso-responsavel-pelo-controle-do-trafico-no-estado\/","title":{"rendered":"Pol\u00edcia de SP prende criminoso respons\u00e1vel pelo controle do tr\u00e1fico no estado"},"content":{"rendered":"<div class=\"imais-before-content-placement\" id=\"imais-1460044528\"><script async src=\"\/\/pagead2.googlesyndication.com\/pagead\/js\/adsbygoogle.js?client=ca-pub-8787528412751566\" crossorigin=\"anonymous\"><\/script><ins class=\"adsbygoogle\" style=\"display:block;\" data-ad-client=\"ca-pub-8787528412751566\" \ndata-ad-slot=\"\" \ndata-ad-format=\"auto\"><\/ins>\n<script> \n(adsbygoogle = window.adsbygoogle || []).push({}); \n<\/script>\n<\/div>\n<p class=\"has-text-align-center\">Apontado como lideran\u00e7a de fac\u00e7\u00e3o, traficante estava foragido h\u00e1 oito anos<\/p>\n\n\n\n<p>As equipes das Rondas Ostensivas Tobias de Aguiar (Rota) capturaram um criminoso foragido da Justi\u00e7a que \u00e9 apontado como respons\u00e1vel pelo controle do tr\u00e1fico de drogas no estado de S\u00e3o Paulo. A opera\u00e7\u00e3o para localizar e deter o traficante foi realizada no domingo (11).<\/p>\n\n\n\n<p>A a\u00e7\u00e3o realizada pelos policiais da Rota localizou o criminoso no bairro da \u00c1gua Rasa, na zona leste de S\u00e3o Paulo. Dois celulares foram apreendidos com ele. O homem, condenado por tr\u00e1fico de drogas, estava foragido da Justi\u00e7a desde 2017. Nas ruas, ele exercia a lideran\u00e7a de uma fac\u00e7\u00e3o criminosa.<\/p>\n\n\n\n<p>Segundo a Rota, o criminoso estava vinculado a uma rede de tr\u00e1fico de drogas onde exercia a supervis\u00e3o da cadeia log\u00edstica, desde o recebimento, processamento at\u00e9 a distribui\u00e7\u00e3o de entorpecentes aos pontos finais de venda.&nbsp;<\/p>\n\n\n\n<p>O dinheiro obtido com as atividades il\u00edcitas era revertido para financiar as a\u00e7\u00f5es da fac\u00e7\u00e3o criminosa no estado.<\/p>\n\n\n\n<p>O foragido possui um hist\u00f3rico criminal extenso, incluindo participa\u00e7\u00e3o em um motim e 11 pris\u00f5es anteriores por tr\u00e1fico de drogas, roubos, extors\u00e3o mediante sequestro e forma\u00e7\u00e3o de quadrilha.<\/p>\n\n\n\n<p><\/p>\n","protected":false},"excerpt":{"rendered":"<p>Apontado como lideran\u00e7a de fac\u00e7\u00e3o, traficante estava foragido h\u00e1 oito anos As equipes das Rondas Ostensivas Tobias de Aguiar (Rota) capturaram um criminoso foragido da Justi\u00e7a que \u00e9 apontado como respons\u00e1vel pelo controle do tr\u00e1fico de drogas no estado de S\u00e3o Paulo. A opera\u00e7\u00e3o para localizar e deter o traficante foi realizada no domingo (11). [&hellip;]<\/p>\n","protected":false},"author":7,"featured_media":27238,"comment_status":"closed","ping_status":"open","sticky":false,"template":"","format":"standard","meta":{"rop_custom_images_group":[],"rop_custom_messages_group":[],"rop_publish_now":"initial","rop_publish_now_accounts":[],"rop_publish_now_history":[],"rop_publish_now_status":"pending","footnotes":""},"categories":[195],"tags":[73],"class_list":["post-27237","post","type-post","status-publish","format-standard","has-post-thumbnail","hentry","category-sao-paulo","tag-featured"],"amp_enabled":true,"_links":{"self":[{"href":"https:\/\/imais.online\/portal\/wp-json\/wp\/v2\/posts\/27237","targetHints":{"allow":["GET"]}}],"collection":[{"href":"https:\/\/imais.online\/portal\/wp-json\/wp\/v2\/posts"}],"about":[{"href":"https:\/\/imais.online\/portal\/wp-json\/wp\/v2\/types\/post"}],"author":[{"embeddable":true,"href":"https:\/\/imais.online\/portal\/wp-json\/wp\/v2\/users\/7"}],"replies":[{"embeddable":true,"href":"https:\/\/imais.online\/portal\/wp-json\/wp\/v2\/comments?post=27237"}],"version-history":[{"count":1,"href":"https:\/\/imais.online\/portal\/wp-json\/wp\/v2\/posts\/27237\/revisions"}],"predecessor-version":[{"id":27239,"href":"https:\/\/imais.online\/portal\/wp-json\/wp\/v2\/posts\/27237\/revisions\/27239"}],"wp:featuredmedia":[{"embeddable":true,"href":"https:\/\/imais.online\/portal\/wp-json\/wp\/v2\/media\/27238"}],"wp:attachment":[{"href":"https:\/\/imais.online\/portal\/wp-json\/wp\/v2\/media?parent=27237"}],"wp:term":[{"taxonomy":"category","embeddable":true,"href":"https:\/\/imais.online\/portal\/wp-json\/wp\/v2\/categories?post=27237"},{"taxonomy":"post_tag","embeddable":true,"href":"https:\/\/imais.online\/portal\/wp-json\/wp\/v2\/tags?post=27237"}],"curies":[{"name":"wp","href":"https:\/\/api.w.org\/{rel}","templated":true}]}}