{"id":27240,"date":"2025-05-13T09:19:37","date_gmt":"2025-05-13T12:19:37","guid":{"rendered":"https:\/\/imais.online\/portal\/?p=27240"},"modified":"2025-05-13T09:20:25","modified_gmt":"2025-05-13T12:20:25","slug":"percentual-de-pessoas-com-deficiencia-aumenta-entre-matriculados-na-unicamp-em-2025","status":"publish","type":"post","link":"https:\/\/imais.online\/portal\/percentual-de-pessoas-com-deficiencia-aumenta-entre-matriculados-na-unicamp-em-2025\/","title":{"rendered":"Percentual de pessoas com defici\u00eancia aumenta entre matriculados na Unicamp em 2025"},"content":{"rendered":"<div class=\"imais-before-content-placement\" id=\"imais-2484285776\"><script async src=\"\/\/pagead2.googlesyndication.com\/pagead\/js\/adsbygoogle.js?client=ca-pub-8787528412751566\" crossorigin=\"anonymous\"><\/script><ins class=\"adsbygoogle\" style=\"display:block;\" data-ad-client=\"ca-pub-8787528412751566\" \ndata-ad-slot=\"\" \ndata-ad-format=\"auto\"><\/ins>\n<script> \n(adsbygoogle = window.adsbygoogle || []).push({}); \n<\/script>\n<\/div>\n<p class=\"has-text-align-center\">Dados sobre o perfil de ingressantes foram divulgados pela Comvest<\/p>\n\n\n\n<p>Dados divulgados pela Comiss\u00e3o Permanente para os Vestibulares (Comvest) da Unicamp mostram um aumento na participa\u00e7\u00e3o de pessoas com defici\u00eancia entre os alunos matriculados na Universidade para os cursos de gradua\u00e7\u00e3o em 2025 na compara\u00e7\u00e3o com os anos anteriores. Do total de 3.274 novos alunos \u2014 excetuados ingressantes por meio do Prov\u00e3o Paulista e egressos Programa de Forma\u00e7\u00e3o Interdisciplinar Superior (Profis) \u2014, 6,05% s\u00e3o pessoas com defici\u00eancia (198) ante 4,77% em 2024 e 3,82% em 2023.<\/p>\n\n\n\n<p>O resultado do balan\u00e7o a respeito do perfil dos novos alunos explica-se por conta da decis\u00e3o do Conselho Universit\u00e1rio (Consu) da Unicamp, proferida em setembro de 2024, de adotar um sistema de cotas destinado especificamente a estudantes com defici\u00eancia para ingresso nos cursos de gradua\u00e7\u00e3o. A Universidade tornou-se a primeira das universidades estaduais p\u00fablicas de S\u00e3o Paulo a adotar o sistema de cotas para pessoas com defici\u00eancia.<\/p>\n\n\n\n<p>Por conta dessa iniciativa, 22 matriculados pelas cotas foram beneficiados. \u201cH\u00e1 a perspectiva de, no pr\u00f3ximo ano, termos um n\u00famero de vagas ainda mais robusto\u201d, afirma Jos\u00e9 Alves de Freitas Neto, o diretor da Comvest. \u201c\u00c9 uma sinaliza\u00e7\u00e3o das pol\u00edticas de inclus\u00e3o e a da consolida\u00e7\u00e3o de outras medidas que a Unicamp vem adotando nos \u00faltimos anos.\u201d<\/p>\n\n\n\n<p>A consolida\u00e7\u00e3o da presen\u00e7a expressiva de alunos provenientes da rede p\u00fablica de ensino, j\u00e1 observada nos anos anteriores, seguiu como tend\u00eancia em 2025: o percentual foi de 45,95%, o que representa 1.593 estudantes. O patamar aproxima-se do apurado nos anos de 2022 (45,7%) e 2020 (45,4%). \u201cOs dados sinalizam uma const\u00e2ncia das pol\u00edticas adotadas desde 2018, o que inclui \u00edndices de inclus\u00e3o pr\u00f3ximos a 50% para alunos da rede p\u00fablica e acima de 30% para pretos, pardos e ind\u00edgenas\u201d, explica.<\/p>\n\n\n\n<p>Em 2025, os cotistas representaram 24% dos discentes ingressantes, com um montante de 31,87% do total se autodeclarando preto, pardo ou ind\u00edgena. Destaque-se ainda que, entre os matriculados, 13,73% usufru\u00edram da isen\u00e7\u00e3o da taxa de inscri\u00e7\u00e3o, op\u00e7\u00e3o oferecida pela Unicamp para atender a estudantes em situa\u00e7\u00e3o de vulnerabilidade socioecon\u00f4mica \u2013 nas modalidades Vagas Ol\u00edmpicas e Vestibular Ind\u00edgena, as inscri\u00e7\u00f5es s\u00e3o gratuitas.<\/p>\n\n\n\n<p>O Vestibular da Unicamp continua como a principal porta de entrada para a Universidade, respondendo por 75,51% dos matriculados em 2025. O edital referente ao ingresso via Exame Nacional do Ensino M\u00e9dio (Enem) viabilizou o acesso \u00e0 Unicamp para 11,71%; o Prov\u00e3o Paulista, por sua vez, a 5,57% do total. Houve ainda 2,08% de alunos aprovados pelo Vestibular Ind\u00edgena e 1,5%, pelas Vagas Ol\u00edmpicas.<\/p>\n\n\n\n<p>Ainda quanto \u00e0s modalidades de acesso \u00e0 Unicamp, 71,24% dos alunos vieram do ensino m\u00e9dio comum e 22,79%, de cursos t\u00e9cnicos.<\/p>\n\n\n\n<p>A maior parte dos novos graduandos saiu da Regi\u00e3o Metropolitana de Campinas (RMC): 1.297 alunos, ou 37,57% do total. Outros 693 (20,08%) declararam residir na Regi\u00e3o Metropolitana de S\u00e3o Paulo e 990 (28,68%), em outras regi\u00f5es do Estado.<\/p>\n\n\n\n<h2 class=\"wp-block-heading\"><strong>Vestibular 2026<\/strong><\/h2>\n\n\n\n<p>As inscri\u00e7\u00f5es para o Vestibular Unicamp 2026 dever\u00e3o ser realizadas entre 1\u00ba de agosto a 1\u00ba de setembro,&nbsp;<a href=\"https:\/\/www.comvest.unicamp.br\/\" target=\"_blank\" rel=\"noreferrer noopener\">pela internet<\/a>. A primeira fase ocorrer\u00e1 no dia 26 de outubro de 2025 e a segunda fase, nos dias 30 de novembro e 1\u00ba de dezembro do mesmo ano.<\/p>\n\n\n\n<p>Solicita\u00e7\u00f5es de isen\u00e7\u00e3o da taxa de inscri\u00e7\u00e3o \u2013 v\u00e1lida tanto para o Vestibular Unicamp 2026 como para o Enem-Unicamp 2026 \u2013&nbsp;<a href=\"https:\/\/www.agenciasp.sp.gov.br\/vestibular-da-unicamp-abertas-as-inscricoes-para-pedidos-de-isencao-da-taxa\/\">poder\u00e3o ser feitas a partir de 12 de maio<\/a>, exclusivamente pela internet. O prazo vai at\u00e9 6 de junho.<\/p>\n","protected":false},"excerpt":{"rendered":"<p>Dados sobre o perfil de ingressantes foram divulgados pela Comvest Dados divulgados pela Comiss\u00e3o Permanente para os Vestibulares (Comvest) da Unicamp mostram um aumento na participa\u00e7\u00e3o de pessoas com defici\u00eancia entre os alunos matriculados na Universidade para os cursos de gradua\u00e7\u00e3o em 2025 na compara\u00e7\u00e3o com os anos anteriores. Do total de 3.274 novos alunos [&hellip;]<\/p>\n","protected":false},"author":7,"featured_media":27242,"comment_status":"closed","ping_status":"open","sticky":false,"template":"","format":"standard","meta":{"rop_custom_images_group":[],"rop_custom_messages_group":[],"rop_publish_now":"initial","rop_publish_now_accounts":[],"rop_publish_now_history":[],"rop_publish_now_status":"pending","footnotes":""},"categories":[272],"tags":[],"class_list":["post-27240","post","type-post","status-publish","format-standard","has-post-thumbnail","hentry","category-campinas"],"amp_enabled":true,"_links":{"self":[{"href":"https:\/\/imais.online\/portal\/wp-json\/wp\/v2\/posts\/27240","targetHints":{"allow":["GET"]}}],"collection":[{"href":"https:\/\/imais.online\/portal\/wp-json\/wp\/v2\/posts"}],"about":[{"href":"https:\/\/imais.online\/portal\/wp-json\/wp\/v2\/types\/post"}],"author":[{"embeddable":true,"href":"https:\/\/imais.online\/portal\/wp-json\/wp\/v2\/users\/7"}],"replies":[{"embeddable":true,"href":"https:\/\/imais.online\/portal\/wp-json\/wp\/v2\/comments?post=27240"}],"version-history":[{"count":1,"href":"https:\/\/imais.online\/portal\/wp-json\/wp\/v2\/posts\/27240\/revisions"}],"predecessor-version":[{"id":27241,"href":"https:\/\/imais.online\/portal\/wp-json\/wp\/v2\/posts\/27240\/revisions\/27241"}],"wp:featuredmedia":[{"embeddable":true,"href":"https:\/\/imais.online\/portal\/wp-json\/wp\/v2\/media\/27242"}],"wp:attachment":[{"href":"https:\/\/imais.online\/portal\/wp-json\/wp\/v2\/media?parent=27240"}],"wp:term":[{"taxonomy":"category","embeddable":true,"href":"https:\/\/imais.online\/portal\/wp-json\/wp\/v2\/categories?post=27240"},{"taxonomy":"post_tag","embeddable":true,"href":"https:\/\/imais.online\/portal\/wp-json\/wp\/v2\/tags?post=27240"}],"curies":[{"name":"wp","href":"https:\/\/api.w.org\/{rel}","templated":true}]}}