{"id":27243,"date":"2025-05-13T09:22:15","date_gmt":"2025-05-13T12:22:15","guid":{"rendered":"https:\/\/imais.online\/portal\/?p=27243"},"modified":"2025-05-13T09:22:16","modified_gmt":"2025-05-13T12:22:16","slug":"sp-apresenta-projetos-do-novo-centro-administrativo-e-do-tunel-santos-guaruja-na-brazilian-week","status":"publish","type":"post","link":"https:\/\/imais.online\/portal\/sp-apresenta-projetos-do-novo-centro-administrativo-e-do-tunel-santos-guaruja-na-brazilian-week\/","title":{"rendered":"SP apresenta projetos do novo Centro Administrativo e do t\u00fanel Santos-Guaruj\u00e1 na Brazilian Week"},"content":{"rendered":"<div class=\"imais-before-content-placement\" id=\"imais-710491926\"><script async src=\"\/\/pagead2.googlesyndication.com\/pagead\/js\/adsbygoogle.js?client=ca-pub-8787528412751566\" crossorigin=\"anonymous\"><\/script><ins class=\"adsbygoogle\" style=\"display:block;\" data-ad-client=\"ca-pub-8787528412751566\" \ndata-ad-slot=\"\" \ndata-ad-format=\"auto\"><\/ins>\n<script> \n(adsbygoogle = window.adsbygoogle || []).push({}); \n<\/script>\n<\/div>\n<p class=\"has-text-align-center\">Primeiro dia de reuni\u00f5es com fundos internacionais de investimentos tamb\u00e9m destacou outras iniciativas do Programa de Parcerias de Investimentos<\/p>\n\n\n\n<p>No primeiro dia de eventos na Brazilian Week, nesta segunda-feira (12) em Nova Iorque, o Governo de S\u00e3o Paulo exp\u00f4s a investidores internacionais a carteira de projetos do Programa de Parcerias de Investimentos (PPI-SP), com destaque para a parceria p\u00fablico-privada (PPP) do t\u00fanel Santos-Guaruj\u00e1 e para a concess\u00e3o do novo Centro Administrativo do Estado, que ser\u00e1 constru\u00eddo em Campos El\u00edseos, na capital paulista.<\/p>\n\n\n\n<p>\u201cEstamos participando da Brazilian Week para apresentar nosso programa de parcerias, que tem j\u00e1 uma s\u00e9rie de a\u00e7\u00f5es j\u00e1 bem sucedidas, com R$ 354 bilh\u00f5es de investimentos contratados. Temos tamb\u00e9m na sequ\u00eancia iniciativas como o t\u00fanel Santos-Guaruj\u00e1, o Trem Intercidades (TIC) Sorocaba-S\u00e3o Paulo, que devem ser licitadas no segundo semestre, e o Centro Administrativo. Apresentamos aqui tamb\u00e9m os motivos pelos quais S\u00e3o Paulo tem se destacado tanto na economia do conhecimento quanto na transi\u00e7\u00e3o energ\u00e9tica\u201d, afirmou o governador Tarc\u00edsio de Freitas.<\/p>\n\n\n\n<p>Nos encontros com executivos e representantes de fundos de investimentos e bancos, o grupo liderado por Tarc\u00edsio tamb\u00e9m discutir\u00e1, at\u00e9 o encerramento, na quinta-feira (15) oportunidades como infraestrutura digital e expans\u00e3o de data centers. Na pauta tamb\u00e9m est\u00e3o temas como mobilidade urbana com foco nos transportes, energia renov\u00e1vel e convencional, al\u00e9m de pol\u00edtica clim\u00e1tica, recursos h\u00eddricos e res\u00edduos.<\/p>\n\n\n\n<p>\u201cOs investidores est\u00e3o mostrando muito interesse na nossa carteira, apresentando sugest\u00f5es importantes. Estamos estudando como podemos potencializar ainda mais a vinda de recursos para nosso estado. S\u00e3o Paulo tem feito a li\u00e7\u00e3o de casa do ponto de vista fiscal e tem se tornado um porto seguro em termos de boa estrutura\u00e7\u00e3o de projeto. \u00c9 por isso que nosso programa tem tido tanto destaque e gerado tanto interesse\u201d, completou Tarc\u00edsio.<\/p>\n\n\n\n<h2 class=\"wp-block-heading\">Agenda<\/h2>\n\n\n\n<p>O governador tamb\u00e9m participar\u00e1 de f\u00f3runs em que falar\u00e1 sobre oportunidades no Brasil e em S\u00e3o Paulo. Nesta ter\u00e7a-feira (13), durante o painel da XP Investimentos, Tarc\u00edsio debater\u00e1 sobre o tema \u201cEtanol nas Novas Fronteiras da Mobilidade\u201d.<\/p>\n\n\n\n<p>J\u00e1 nesta quarta-feira (14), durante o evento Brazil &amp; The World Economy, Tarc\u00edsio discute \u201cOportunidades e Desafios no Brasil\u201d. No mesmo dia, o governador integrar\u00e1 o painel Summit Valor Econ\u00f4mico Brazil-USA, em que detalhar\u00e1 as oportunidades de neg\u00f3cios no estado. Ainda na quarta-feira, participar\u00e1 do painel \u201cAproveitando Oportunidades de Crescimento em Infraestrutura Privada\u201d, organizado por uma gestora de fundos.<\/p>\n\n\n\n<p>Encerrando a participa\u00e7\u00e3o na Brazilian Week no Ita\u00fa CEO Conference, na quinta-feira (15), Tarc\u00edsio abordar\u00e1 iniciativas bem-sucedidas nesta gest\u00e3o, como a privatiza\u00e7\u00e3o da Sabesp, finalizada em julho do ano passado, e o plano de moderniza\u00e7\u00e3o administrativa S\u00e3o Paulo na Dire\u00e7\u00e3o Certa.<\/p>\n","protected":false},"excerpt":{"rendered":"<p>Primeiro dia de reuni\u00f5es com fundos internacionais de investimentos tamb\u00e9m destacou outras iniciativas do Programa de Parcerias de Investimentos No primeiro dia de eventos na Brazilian Week, nesta segunda-feira (12) em Nova Iorque, o Governo de S\u00e3o Paulo exp\u00f4s a investidores internacionais a carteira de projetos do Programa de Parcerias de Investimentos (PPI-SP), com destaque [&hellip;]<\/p>\n","protected":false},"author":7,"featured_media":27244,"comment_status":"closed","ping_status":"open","sticky":false,"template":"","format":"standard","meta":{"rop_custom_images_group":[],"rop_custom_messages_group":[],"rop_publish_now":"initial","rop_publish_now_accounts":[],"rop_publish_now_history":[],"rop_publish_now_status":"pending","footnotes":""},"categories":[195],"tags":[73],"class_list":["post-27243","post","type-post","status-publish","format-standard","has-post-thumbnail","hentry","category-sao-paulo","tag-featured"],"amp_enabled":true,"_links":{"self":[{"href":"https:\/\/imais.online\/portal\/wp-json\/wp\/v2\/posts\/27243","targetHints":{"allow":["GET"]}}],"collection":[{"href":"https:\/\/imais.online\/portal\/wp-json\/wp\/v2\/posts"}],"about":[{"href":"https:\/\/imais.online\/portal\/wp-json\/wp\/v2\/types\/post"}],"author":[{"embeddable":true,"href":"https:\/\/imais.online\/portal\/wp-json\/wp\/v2\/users\/7"}],"replies":[{"embeddable":true,"href":"https:\/\/imais.online\/portal\/wp-json\/wp\/v2\/comments?post=27243"}],"version-history":[{"count":1,"href":"https:\/\/imais.online\/portal\/wp-json\/wp\/v2\/posts\/27243\/revisions"}],"predecessor-version":[{"id":27245,"href":"https:\/\/imais.online\/portal\/wp-json\/wp\/v2\/posts\/27243\/revisions\/27245"}],"wp:featuredmedia":[{"embeddable":true,"href":"https:\/\/imais.online\/portal\/wp-json\/wp\/v2\/media\/27244"}],"wp:attachment":[{"href":"https:\/\/imais.online\/portal\/wp-json\/wp\/v2\/media?parent=27243"}],"wp:term":[{"taxonomy":"category","embeddable":true,"href":"https:\/\/imais.online\/portal\/wp-json\/wp\/v2\/categories?post=27243"},{"taxonomy":"post_tag","embeddable":true,"href":"https:\/\/imais.online\/portal\/wp-json\/wp\/v2\/tags?post=27243"}],"curies":[{"name":"wp","href":"https:\/\/api.w.org\/{rel}","templated":true}]}}