{"id":27248,"date":"2025-05-13T09:27:25","date_gmt":"2025-05-13T12:27:25","guid":{"rendered":"https:\/\/imais.online\/portal\/?p=27248"},"modified":"2025-05-13T09:27:26","modified_gmt":"2025-05-13T12:27:26","slug":"funssol-e-a-eptv-realizam-arrecadacao-de-roupas-para-a-campanha-do-agasalho-2025","status":"publish","type":"post","link":"https:\/\/imais.online\/portal\/funssol-e-a-eptv-realizam-arrecadacao-de-roupas-para-a-campanha-do-agasalho-2025\/","title":{"rendered":"Funssol e a EPTV realizam arrecada\u00e7\u00e3o de roupas para a Campanha do Agasalho 2025"},"content":{"rendered":"<div class=\"imais-before-content-placement\" id=\"imais-2457610381\"><script async src=\"\/\/pagead2.googlesyndication.com\/pagead\/js\/adsbygoogle.js?client=ca-pub-8787528412751566\" crossorigin=\"anonymous\"><\/script><ins class=\"adsbygoogle\" style=\"display:block;\" data-ad-client=\"ca-pub-8787528412751566\" \ndata-ad-slot=\"\" \ndata-ad-format=\"auto\"><\/ins>\n<script> \n(adsbygoogle = window.adsbygoogle || []).push({}); \n<\/script>\n<\/div>\n<p>A Prefeitura de Indaiatuba, por meio do Fundo Social de Solidariedade (Funssol) inicia no s\u00e1bado (17\/5) a Campanha do Agasalho 2025, em parceria com a EPTV. O projeto receber\u00e1 doa\u00e7\u00f5es de roupas de frio em bom estado e limpas, al\u00e9m de cobertores, sapatos e acess\u00f3rios.<\/p>\n\n\n\n<p><strong>Dia D<\/strong><\/p>\n\n\n\n<p>O \u201cDia D\u201d acontece neste ano no dia 17 de maio em modelo Drive Thru, das 9h \u00e0s 17h, em frente \u00e0 Prefeitura de Indaiatuba. Para quem deseja doar, a recomenda\u00e7\u00e3o \u00e9 contribuir com agasalhos, cal\u00e7ados, cobertores, meias e demais pe\u00e7as de inverno, como luvas, toucas. Os itens masculinos s\u00e3o muito requisitados e muitas vezes s\u00e3o os mais dif\u00edceis de conseguir doa\u00e7\u00e3o. Tudo deve estar em bom estado e limpo. Ap\u00f3s a doa\u00e7\u00e3o, todas as pe\u00e7as passar\u00e3o pela triagem para serem armazenadas e, posteriormente, ser\u00e3o repassadas para a distribui\u00e7\u00e3o.<\/p>\n\n\n\n<p><strong>Guarda-Roupa Solid\u00e1rio<\/strong><\/p>\n\n\n\n<p>Este ano o Funssol ir\u00e1 inovar na distribui\u00e7\u00e3o de roupas e agasalhos para a popula\u00e7\u00e3o em vulnerabilidade social. O espa\u00e7o na subprefeitura foi reformulado para receber as pessoas com mais organiza\u00e7\u00e3o e conforto. Araras\/cabideiros ser\u00e3o alocados com as roupas separadas por g\u00eaneros e categorias. Este novo modelo foi colocado para facilitar que o mun\u00edcipe encontre o que precisa.<\/p>\n\n\n\n<p>O Guarda-roupa Solid\u00e1rio ser\u00e1 realizado na antiga Subprefeitura, ter\u00e7as e sextas-feiras, das 8h \u00e0s 11h&nbsp;e das 13h \u00e0s 16h, e 54 senhas ser\u00e3o distribu\u00eddas em cada per\u00edodo, seis pessoas por vez, ter\u00e3o 15 minutos para escolher at\u00e9 20 pe\u00e7as por pessoa, nos dias 13, 16, 20, 23, 27 e 30 de maio. No m\u00eas de junho estar\u00e1 aberto nos dias 03, 06, 10, 13, 17, 24 e 27 de junho. Para retirar os agasalhos \u00e9 necess\u00e1rio ter acima de 16 anos, apresentar RG pessoal, e se for pegar roupas c\u00f4njuge, deve levar certid\u00e3o de casamento ou uni\u00e3o est\u00e1vel e parentes apenas para os de 1\u00ba grau: pai, m\u00e3e e filhos, tamb\u00e9m com documenta\u00e7\u00e3o.<\/p>\n\n\n\n<p>\u201cEu quis que o local ficasse mais acolhedor e organizado para que as pessoas encontrem o que precisam, se sintam \u00e0 vontade e tenham uma experi\u00eancia agrad\u00e1vel\u201d, destacou a primeira-dama e Presidente do Funssol. \u201cEu acredito que um ambiente bem cuidado reflete o respeito por quem o utiliza\u201d, complementou.<\/p>\n\n\n\n<p><strong>Parceiros<\/strong><\/p>\n\n\n\n<p>Os com\u00e9rcios, empresas e institui\u00e7\u00f5es que tiverem interesse em ser um ponto de coleta poder\u00e3o retirar os cartazes e a caixa personalizada no Funssol. \u00c9 de responsabilidade dos locais participantes, ao t\u00e9rmino da campanha, entregar os itens arrecadados no Fundo Social. Mais informa\u00e7\u00f5es pelo telefone (19) 3834-9033.<\/p>\n\n\n\n<p><strong>Servi\u00e7o:<\/strong><\/p>\n\n\n\n<p><strong>Dia&nbsp; D (Drive Thru)<\/strong><\/p>\n\n\n\n<p><strong>Data:&nbsp;<\/strong>17 de maio.<\/p>\n\n\n\n<p><strong>Hor\u00e1rio:&nbsp;<\/strong>9h \u00e0s 17h.<\/p>\n\n\n\n<p><strong>Local:&nbsp;<\/strong>Estacionamento da Prefeitura de Indaiatuba \u2013 Av. F\u00e1bio Roberto Barnab\u00e9, 2.800.<\/p>\n\n\n\n<p><strong>Doa\u00e7\u00f5es aceitas:&nbsp;<\/strong>cobertores, agasalhos de frio, sapatos, luvas, toucas e meias&nbsp;(Masculinas, femininas e infantis).<\/p>\n\n\n\n<p><strong>Campanha do Agasalho<\/strong><\/p>\n\n\n\n<p><strong>Data:&nbsp;<\/strong>17 de maio a 31 de julho.<\/p>\n\n\n\n<p><strong>Hor\u00e1rio:&nbsp;<\/strong>8h \u00e0s 16h30.<\/p>\n\n\n\n<p><strong>Pontos de Coleta:<\/strong><\/p>\n\n\n\n<p>Funssol (Prefeitura de Indaiatuba) \u2013 Av. F\u00e1bio Roberto Barnab\u00e9, 2.800<\/p>\n\n\n\n<p>Espa\u00e7o Bem Viver &#8211;&nbsp;Av. Eng. F\u00e1bio Roberto Barnab\u00e9, 585 &#8211; Vila Teller<\/p>\n\n\n\n<p>Ponto Cidad\u00e3o &#8211;&nbsp;R. Vinte e Quatro de Maio, 1670 &#8211; Centro<\/p>\n\n\n\n<p><strong>Doa\u00e7\u00f5es aceitas:&nbsp;<\/strong>Roupas de frio em bom estado e cobertores.<\/p>\n\n\n\n<p><strong><br>Guarda-Roupa Solid\u00e1rio (Distribui\u00e7\u00e3o)<\/strong><\/p>\n\n\n\n<p><strong>Datas (maio):&nbsp;<\/strong>13, 16, 20, 23, 27 e 30<strong><\/strong><\/p>\n\n\n\n<p><strong>Datas (junho):&nbsp;<\/strong>03, 06, 10, 13, 17, 24 e 27<strong><\/strong><\/p>\n\n\n\n<p><strong>Hor\u00e1rio:<\/strong>&nbsp;8h \u00e0s 11h&nbsp;e das 13h \u00e0s 16h<\/p>\n\n\n\n<p><strong>Local:&nbsp;<\/strong>Antiga subprefeitura &#8211; Rua Zephiro Puccinelli, s\/n\u00ba. \u2013 Jardim Morada do Sol<\/p>\n","protected":false},"excerpt":{"rendered":"<p>A Prefeitura de Indaiatuba, por meio do Fundo Social de Solidariedade (Funssol) inicia no s\u00e1bado (17\/5) a Campanha do Agasalho 2025, em parceria com a EPTV. O projeto receber\u00e1 doa\u00e7\u00f5es de roupas de frio em bom estado e limpas, al\u00e9m de cobertores, sapatos e acess\u00f3rios. Dia D O \u201cDia D\u201d acontece neste ano no dia [&hellip;]<\/p>\n","protected":false},"author":7,"featured_media":27249,"comment_status":"closed","ping_status":"open","sticky":false,"template":"","format":"standard","meta":{"rop_custom_images_group":[],"rop_custom_messages_group":[],"rop_publish_now":"initial","rop_publish_now_accounts":[],"rop_publish_now_history":[],"rop_publish_now_status":"pending","footnotes":""},"categories":[188],"tags":[],"class_list":["post-27248","post","type-post","status-publish","format-standard","has-post-thumbnail","hentry","category-indaiatuba"],"amp_enabled":true,"_links":{"self":[{"href":"https:\/\/imais.online\/portal\/wp-json\/wp\/v2\/posts\/27248","targetHints":{"allow":["GET"]}}],"collection":[{"href":"https:\/\/imais.online\/portal\/wp-json\/wp\/v2\/posts"}],"about":[{"href":"https:\/\/imais.online\/portal\/wp-json\/wp\/v2\/types\/post"}],"author":[{"embeddable":true,"href":"https:\/\/imais.online\/portal\/wp-json\/wp\/v2\/users\/7"}],"replies":[{"embeddable":true,"href":"https:\/\/imais.online\/portal\/wp-json\/wp\/v2\/comments?post=27248"}],"version-history":[{"count":1,"href":"https:\/\/imais.online\/portal\/wp-json\/wp\/v2\/posts\/27248\/revisions"}],"predecessor-version":[{"id":27250,"href":"https:\/\/imais.online\/portal\/wp-json\/wp\/v2\/posts\/27248\/revisions\/27250"}],"wp:featuredmedia":[{"embeddable":true,"href":"https:\/\/imais.online\/portal\/wp-json\/wp\/v2\/media\/27249"}],"wp:attachment":[{"href":"https:\/\/imais.online\/portal\/wp-json\/wp\/v2\/media?parent=27248"}],"wp:term":[{"taxonomy":"category","embeddable":true,"href":"https:\/\/imais.online\/portal\/wp-json\/wp\/v2\/categories?post=27248"},{"taxonomy":"post_tag","embeddable":true,"href":"https:\/\/imais.online\/portal\/wp-json\/wp\/v2\/tags?post=27248"}],"curies":[{"name":"wp","href":"https:\/\/api.w.org\/{rel}","templated":true}]}}