{"id":27251,"date":"2025-05-13T15:13:31","date_gmt":"2025-05-13T18:13:31","guid":{"rendered":"https:\/\/imais.online\/portal\/?p=27251"},"modified":"2025-05-13T15:13:32","modified_gmt":"2025-05-13T18:13:32","slug":"cidades-da-regiao-de-campinas-estao-representadas-no-primeiro-revelando-sp-do-ano-que-acontece-em-barretos","status":"publish","type":"post","link":"https:\/\/imais.online\/portal\/cidades-da-regiao-de-campinas-estao-representadas-no-primeiro-revelando-sp-do-ano-que-acontece-em-barretos\/","title":{"rendered":"Cidades da regi\u00e3o de Campinas est\u00e3o representadas no primeiro Revelando SP do ano, que acontece em Barretos"},"content":{"rendered":"<div class=\"imais-before-content-placement\" id=\"imais-3737774793\"><script async src=\"\/\/pagead2.googlesyndication.com\/pagead\/js\/adsbygoogle.js?client=ca-pub-8787528412751566\" crossorigin=\"anonymous\"><\/script><ins class=\"adsbygoogle\" style=\"display:block;\" data-ad-client=\"ca-pub-8787528412751566\" \ndata-ad-slot=\"\" \ndata-ad-format=\"auto\"><\/ins>\n<script> \n(adsbygoogle = window.adsbygoogle || []).push({}); \n<\/script>\n<\/div>\n<p>Come\u00e7a no dia<strong>&nbsp;16 de maio, sexta-feira<\/strong>,&nbsp;a primeira edi\u00e7\u00e3o de 2025 do&nbsp;<strong>Revelando SP,&nbsp;<\/strong>maior festival da valoriza\u00e7\u00e3o das culturas tradicionais paulistas, iniciativa do Governo do Estado de S\u00e3o Paulo, por meio da Secretaria da Cultura, Economia e Ind\u00fastria Criativas, com gest\u00e3o e produ\u00e7\u00e3o da Associa\u00e7\u00e3o Paulista dos Amigos da Arte. Essa edi\u00e7\u00e3o conta com a correaliza\u00e7\u00e3o da Prefeitura da Est\u00e2ncia Tur\u00edstica de Barretos. O festival, que tem entrada gratuita, acontece at\u00e9 domingo, dia 18.<\/p>\n\n\n\n<p>A edi\u00e7\u00e3o de Barretos, que ser\u00e1 realizada no Recinto Paulo de Lima Correa, tem 80 participantes, com 29 expositores de artesanato, 26 culinaristas e 25 manifesta\u00e7\u00f5es art\u00edsticas. Ao todo, 44 munic\u00edpios est\u00e3o representados no evento. A regi\u00e3o administrativa de&nbsp;<strong>Campinas<\/strong>&nbsp;marca presen\u00e7a no festival &#8211;&nbsp;<strong>Bragan\u00e7a Paulista<\/strong>&nbsp;traz a Lingui\u00e7a Bragantina Artesanal com Polenta Frita Crocante;&nbsp;<strong>Itapira<\/strong>, os Vinhos Canivezi e Panifica\u00e7\u00f5es;&nbsp;<strong>Joan\u00f3polis<\/strong>&nbsp;traz a Comida do Lobisomem;&nbsp;<strong>S\u00e3o Jo\u00e3o da Boa Vista<\/strong>&nbsp;leva o Doce de Leite com Marolo, Tronquinho e Doces cristalizados, de corte e pingados; e&nbsp;<strong>Torrinha<\/strong>&nbsp;marca presen\u00e7a com o Bloco da Mariona.<\/p>\n\n\n\n<p>O Revelando SP Barretos tem ainda uma programa\u00e7\u00e3o de shows, com o cantor e compositor Renato Teixeira, o trio Barra da Saia fazendo uma homenagem ao centen\u00e1rio de Inezita Barroso, a dupla Carreiro &amp; Capataz e a Big Band \u2013 Orquestra Sinf\u00f4nica Municipal de Barretos, al\u00e9m de abrigar o lan\u00e7amento do livro \u201cO folclore \u00e9 um processo\u201d, de Estev\u00e3o Amaro dos Reis, a exposi\u00e7\u00e3o \u201cArte Sacra para ver e sentir\u201d, uma parceria com o Museu de Arte Sacra de S\u00e3o Paulo, e muito mais.<\/p>\n\n\n\n<p>O Revelando SP j\u00e1 teve mais de 60 edi\u00e7\u00f5es ao longo de quase tr\u00eas d\u00e9cadas, consolidando-se como o principal evento de promo\u00e7\u00e3o e difus\u00e3o da cultura de raiz paulista, fortalecendo os v\u00ednculos entre tradi\u00e7\u00e3o e identidade. Ap\u00f3s Barretos, o festival passa em Iguape, em junho, em S\u00e3o Jos\u00e9 dos Campos, em julho, em Presidente Prudente, em agosto, e encerra seu calend\u00e1rio de 2025 em S\u00e3o Paulo, em setembro.<\/p>\n\n\n\n<p><strong>SERVI\u00c7O<\/strong><strong>Revelando SP \u2013 Barretos<\/strong><br><strong>Data:<\/strong>&nbsp;16 a 18 de maio de 2025, a partir das 10h<br><strong>Local:<\/strong>&nbsp;Recinto Paulo de Lima Correa (Av. Vinte e Tr\u00eas \u2013 Centro)<br><strong>Entrada:<\/strong>&nbsp;Gratuita<br><strong>Classifica\u00e7\u00e3o:<\/strong>&nbsp;Livre<\/p>\n","protected":false},"excerpt":{"rendered":"<p>Come\u00e7a no dia&nbsp;16 de maio, sexta-feira,&nbsp;a primeira edi\u00e7\u00e3o de 2025 do&nbsp;Revelando SP,&nbsp;maior festival da valoriza\u00e7\u00e3o das culturas tradicionais paulistas, iniciativa do Governo do Estado de S\u00e3o Paulo, por meio da Secretaria da Cultura, Economia e Ind\u00fastria Criativas, com gest\u00e3o e produ\u00e7\u00e3o da Associa\u00e7\u00e3o Paulista dos Amigos da Arte. Essa edi\u00e7\u00e3o conta com a correaliza\u00e7\u00e3o da [&hellip;]<\/p>\n","protected":false},"author":7,"featured_media":27252,"comment_status":"closed","ping_status":"open","sticky":false,"template":"","format":"standard","meta":{"rop_custom_images_group":[],"rop_custom_messages_group":[],"rop_publish_now":"initial","rop_publish_now_accounts":[],"rop_publish_now_history":[],"rop_publish_now_status":"pending","footnotes":""},"categories":[194],"tags":[],"class_list":["post-27251","post","type-post","status-publish","format-standard","has-post-thumbnail","hentry","category-regia"],"amp_enabled":true,"_links":{"self":[{"href":"https:\/\/imais.online\/portal\/wp-json\/wp\/v2\/posts\/27251","targetHints":{"allow":["GET"]}}],"collection":[{"href":"https:\/\/imais.online\/portal\/wp-json\/wp\/v2\/posts"}],"about":[{"href":"https:\/\/imais.online\/portal\/wp-json\/wp\/v2\/types\/post"}],"author":[{"embeddable":true,"href":"https:\/\/imais.online\/portal\/wp-json\/wp\/v2\/users\/7"}],"replies":[{"embeddable":true,"href":"https:\/\/imais.online\/portal\/wp-json\/wp\/v2\/comments?post=27251"}],"version-history":[{"count":1,"href":"https:\/\/imais.online\/portal\/wp-json\/wp\/v2\/posts\/27251\/revisions"}],"predecessor-version":[{"id":27253,"href":"https:\/\/imais.online\/portal\/wp-json\/wp\/v2\/posts\/27251\/revisions\/27253"}],"wp:featuredmedia":[{"embeddable":true,"href":"https:\/\/imais.online\/portal\/wp-json\/wp\/v2\/media\/27252"}],"wp:attachment":[{"href":"https:\/\/imais.online\/portal\/wp-json\/wp\/v2\/media?parent=27251"}],"wp:term":[{"taxonomy":"category","embeddable":true,"href":"https:\/\/imais.online\/portal\/wp-json\/wp\/v2\/categories?post=27251"},{"taxonomy":"post_tag","embeddable":true,"href":"https:\/\/imais.online\/portal\/wp-json\/wp\/v2\/tags?post=27251"}],"curies":[{"name":"wp","href":"https:\/\/api.w.org\/{rel}","templated":true}]}}