{"id":27263,"date":"2025-05-13T15:38:18","date_gmt":"2025-05-13T18:38:18","guid":{"rendered":"https:\/\/imais.online\/portal\/?p=27263"},"modified":"2025-05-13T15:38:19","modified_gmt":"2025-05-13T18:38:19","slug":"prefeitura-de-indaiatuba-da-andamento-a-obra-de-recapeamento-nas-avenidas-da-cidade","status":"publish","type":"post","link":"https:\/\/imais.online\/portal\/prefeitura-de-indaiatuba-da-andamento-a-obra-de-recapeamento-nas-avenidas-da-cidade\/","title":{"rendered":"Prefeitura de Indaiatuba d\u00e1 andamento \u00e0 obra de recapeamento nas avenidas da cidade"},"content":{"rendered":"<div class=\"imais-before-content-placement\" id=\"imais-1681905404\"><script async src=\"\/\/pagead2.googlesyndication.com\/pagead\/js\/adsbygoogle.js?client=ca-pub-8787528412751566\" crossorigin=\"anonymous\"><\/script><ins class=\"adsbygoogle\" style=\"display:block;\" data-ad-client=\"ca-pub-8787528412751566\" \ndata-ad-slot=\"\" \ndata-ad-format=\"auto\"><\/ins>\n<script> \n(adsbygoogle = window.adsbygoogle || []).push({}); \n<\/script>\n<\/div>\n<p class=\"has-text-align-center\"><em>Trechos da Marginal Direita e Avenida Paula Leite foram recapeados com recursos de conv\u00eanio com Estado<\/em><\/p>\n\n\n\n<p>A obra de recapeamento asf\u00e1ltico realizada por meio de um conv\u00eanio com o Governo do Estado de S\u00e3o Paulo continua a todo vapor. O trecho da avenida Engenheiro F\u00e1bio Roberto Barnab\u00e9 &#8211; Marginal Direita, pr\u00f3ximo \u00e0 Prefeitura, foi conclu\u00eddo na semana passada. Nesta semana os trabalhos se concentraram no trecho da Marginal Esquerda e na avenida Francisco de Paula Leite. Juntos, os trechos somam 2,6 quil\u00f4metros. A obra recebe recursos de R$ 1.174.992,96 provenientes de conv\u00eanio com o Governo do Estado, que foi intermediado pelo deputado estadual Rog\u00e9rio Nogueira. Os trabalhos devem ser conclu\u00eddos no in\u00edcio da pr\u00f3xima semana.<\/p>\n\n\n\n<p>O trecho beneficiado na Marginal Direita da avenida Engenheiro F\u00e1bio Roberto Barnab\u00e9 est\u00e1 localizado entre as ruas Guilherme Sierbert Magnusson e Ivan Roberto Canavezi. Na Marginal Esquerda, o recapeamento foi entre a rua Miguel Domingues e a Rua Jos\u00e9 Bernardinetti.<\/p>\n\n\n\n<p>A avenida Francisco de Paula Leite ser\u00e1 beneficiada no sentido bairro-centro, entre a Rua Professora Sin\u00e9sia Martini e Rua dos Indai\u00e1s, e entre a Alameda Filtros Mann e Rua Silvio Waldemarin.<\/p>\n\n\n\n<p><strong>Jardim Morada do Sol<\/strong><\/p>\n\n\n\n<p>Em abril a Secretaria de Obras e Vias P\u00fablicas concluiu o recapeamento de 1.866 metros de asfalto da Avenida Engenheiro F\u00e1bio Roberto Barnab\u00e9, sendo 870 metros na Marginal Direita e mais 996 metros na Marginal Esquerda. Esse recape foi executado com m\u00e3o de obra e recursos pr\u00f3prios da Prefeitura, e integra o projeto de revitaliza\u00e7\u00e3o do Parque Ecol\u00f3gico entre a Avenida \u00c1rio Barnab\u00e9 e Rua Ant\u00f4nio Angelino Rossi.<\/p>\n","protected":false},"excerpt":{"rendered":"<p>Trechos da Marginal Direita e Avenida Paula Leite foram recapeados com recursos de conv\u00eanio com Estado A obra de recapeamento asf\u00e1ltico realizada por meio de um conv\u00eanio com o Governo do Estado de S\u00e3o Paulo continua a todo vapor. O trecho da avenida Engenheiro F\u00e1bio Roberto Barnab\u00e9 &#8211; Marginal Direita, pr\u00f3ximo \u00e0 Prefeitura, foi conclu\u00eddo [&hellip;]<\/p>\n","protected":false},"author":7,"featured_media":27264,"comment_status":"closed","ping_status":"open","sticky":false,"template":"","format":"standard","meta":{"rop_custom_images_group":[],"rop_custom_messages_group":[],"rop_publish_now":"initial","rop_publish_now_accounts":[],"rop_publish_now_history":[],"rop_publish_now_status":"pending","footnotes":""},"categories":[188],"tags":[],"class_list":["post-27263","post","type-post","status-publish","format-standard","has-post-thumbnail","hentry","category-indaiatuba"],"amp_enabled":true,"_links":{"self":[{"href":"https:\/\/imais.online\/portal\/wp-json\/wp\/v2\/posts\/27263","targetHints":{"allow":["GET"]}}],"collection":[{"href":"https:\/\/imais.online\/portal\/wp-json\/wp\/v2\/posts"}],"about":[{"href":"https:\/\/imais.online\/portal\/wp-json\/wp\/v2\/types\/post"}],"author":[{"embeddable":true,"href":"https:\/\/imais.online\/portal\/wp-json\/wp\/v2\/users\/7"}],"replies":[{"embeddable":true,"href":"https:\/\/imais.online\/portal\/wp-json\/wp\/v2\/comments?post=27263"}],"version-history":[{"count":1,"href":"https:\/\/imais.online\/portal\/wp-json\/wp\/v2\/posts\/27263\/revisions"}],"predecessor-version":[{"id":27265,"href":"https:\/\/imais.online\/portal\/wp-json\/wp\/v2\/posts\/27263\/revisions\/27265"}],"wp:featuredmedia":[{"embeddable":true,"href":"https:\/\/imais.online\/portal\/wp-json\/wp\/v2\/media\/27264"}],"wp:attachment":[{"href":"https:\/\/imais.online\/portal\/wp-json\/wp\/v2\/media?parent=27263"}],"wp:term":[{"taxonomy":"category","embeddable":true,"href":"https:\/\/imais.online\/portal\/wp-json\/wp\/v2\/categories?post=27263"},{"taxonomy":"post_tag","embeddable":true,"href":"https:\/\/imais.online\/portal\/wp-json\/wp\/v2\/tags?post=27263"}],"curies":[{"name":"wp","href":"https:\/\/api.w.org\/{rel}","templated":true}]}}