{"id":27266,"date":"2025-05-13T15:40:59","date_gmt":"2025-05-13T18:40:59","guid":{"rendered":"https:\/\/imais.online\/portal\/?p=27266"},"modified":"2025-05-13T15:41:00","modified_gmt":"2025-05-13T18:41:00","slug":"faici-2025-divulga-mais-uma-atracao-para-a-primeira-semana-da-festa","status":"publish","type":"post","link":"https:\/\/imais.online\/portal\/faici-2025-divulga-mais-uma-atracao-para-a-primeira-semana-da-festa\/","title":{"rendered":"FAICI 2025 divulga mais uma atra\u00e7\u00e3o para a primeira semana da festa"},"content":{"rendered":"<div class=\"imais-before-content-placement\" id=\"imais-2491076721\"><script async src=\"\/\/pagead2.googlesyndication.com\/pagead\/js\/adsbygoogle.js?client=ca-pub-8787528412751566\" crossorigin=\"anonymous\"><\/script><ins class=\"adsbygoogle\" style=\"display:block;\" data-ad-client=\"ca-pub-8787528412751566\" \ndata-ad-slot=\"\" \ndata-ad-format=\"auto\"><\/ins>\n<script> \n(adsbygoogle = window.adsbygoogle || []).push({}); \n<\/script>\n<\/div>\n<p>Sempre surpreendendo, a Comiss\u00e3o Organizadora da FAICI 2025 segue anunciando mais atra\u00e7\u00f5es para a festa, que acontece entre os dias&nbsp;08 e 16 de agosto. Nesta semana, foi confirmado o show do cantor e compositor Fabricio Renno para o dia 09, mesma noite das apresenta\u00e7\u00f5es do DJ Jiraya Uai e da cantora Simone Mendes.<\/p>\n\n\n\n<p>Natural da cidade do Ipiranga do Piau\u00ed\/PI, Fabricio Renno carrega consigo a ess\u00eancia do sertanejo, unindo as ra\u00edzes do g\u00eanero \u00e0s novas tend\u00eancias do mercado musical. Com um talento singular, uma voz carregada de emo\u00e7\u00e3o e um repert\u00f3rio que promete tocar o cora\u00e7\u00e3o do p\u00fablico, Fabricio Renno chega para marcar uma nova era no sertanejo. Seu compromisso com a m\u00fasica e sua autenticidade s\u00e3o os pilares de uma carreira promissora, que est\u00e1 apenas come\u00e7ando a escrever sua hist\u00f3ria.<\/p>\n\n\n\n<p>Sua identidade art\u00edstica \u00e9 a de um sertanejo jovem, que dialoga com a nova gera\u00e7\u00e3o, mas sem perder as refer\u00eancias dos grandes artistas que constru\u00edram a base do g\u00eanero. Seu diferencial est\u00e1 justamente nessa fus\u00e3o entre a tradi\u00e7\u00e3o e a modernidade, trazendo um som atual, mas sem deixar de lado a emo\u00e7\u00e3o caracter\u00edstica do sertanejo.<\/p>\n\n\n\n<p><strong>SHOWS<\/strong><\/p>\n\n\n\n<p>No dia 08 de agosto, a abertura da FAICI chega com dose dupla e shows de Fernando &amp; Sorocaba e P\u00e9ricles, que faz sua estreia no evento. No dia 09, quem volta ao palco da Festa do Pe\u00e3o de Indaiatuba \u00e9 a cantora Simone Mendes, o&nbsp;DJ&nbsp;Jiraya Uai e o cantor Fabricio Renno, que debutam na festa.<\/p>\n\n\n\n<p>Abrindo a segunda semana de festa, no dia 14 \u00e9 a vez de Lauana Prado, que tamb\u00e9m faz sua estreia na FAICI. No dia 15, Felipe Nogueira mant\u00e9m a tradi\u00e7\u00e3o do evento em abrir portas para talentos locais. Em seguida, Z\u00e9 Neto &amp; Cristiano celebram seu retorno a Indaiatuba. Encerrando a programa\u00e7\u00e3o, no dia 16, grandes shows com Maiara &amp; Mara\u00edsa e Hugo &amp; Guilherme.<\/p>\n\n\n\n<p><strong>LOJA FAICI<\/strong><\/p>\n\n\n\n<p>A FAICI 2025 inaugurou uma loja pr\u00f3pria dentro do Polo Shopping Indaiatuba. No espa\u00e7o, o p\u00fablico poder\u00e1 adquirir todos os tipos de ingressos para a festa, sem taxas administrativas. Al\u00e9m dos ingressos, diversos itens personalizados da festa, como bon\u00e9s, copos t\u00e9rmicos, cal\u00e7as e camisetas estar\u00e3o dispon\u00edveis para venda.<\/p>\n\n\n\n<p>A loja da FAICI est\u00e1 localizada pr\u00f3ximo \u00e0 entrada principal do shopping. O espa\u00e7o funcionar\u00e1 de segunda a s\u00e1bado das 10h \u00e0s 22h e domingos e feriados das 12h \u00e0s 18h.<\/p>\n\n\n\n<p><strong>INGRESSOS<\/strong><\/p>\n\n\n\n<p>A venda de ingressos para Pista e camarotes Super Premium e Infinity Prime, al\u00e9m do Passaporte FAICI, tamb\u00e9m j\u00e1 come\u00e7ou, atrav\u00e9s da Ticket Imediato (<a href=\"https:\/\/bit.ly\/Faici2025Ingressos\">https:\/\/bit.ly\/Faici2025Ingressos<\/a>). Os endere\u00e7os dos pontos de venda f\u00edsicos, tamb\u00e9m sem taxas administrativas, podem ser conferidos nas redes sociais da festa. Pelo segundo ano consecutivo, o Passaporte FAICI pode ser adquirido de forma online, garantindo assim acesso aos cinco dias de evento com pre\u00e7o promocional.<\/p>\n\n\n\n<p><strong>FAICI<\/strong><\/p>\n\n\n\n<p>Em seu recinto de 120 mil metros quadrados, a FAICI 2025 traz pra\u00e7a de alimenta\u00e7\u00e3o e arquibancadas cobertas, monitoramento em tempo real de todas as \u00e1reas e equipe de seguran\u00e7a especializada.<\/p>\n\n\n\n<p>O Palco Cultural tamb\u00e9m est\u00e1 de volta e agita a \u00e1rea da pra\u00e7a de alimenta\u00e7\u00e3o todos os dias, com talentos de Indaiatuba e toda regi\u00e3o. Quem tamb\u00e9m retorna \u00e9 o Banco de Empregos FAICI, novidade da edi\u00e7\u00e3o 2024.<\/p>\n\n\n\n<p>Grande fomentadora da economia local, a FAICI mant\u00e9m o Banco de Empregos para fortalecer ainda mais a festa com m\u00e3o de obra e servi\u00e7os locais, valorizando o munic\u00edpio e a regi\u00e3o. Para se cadastrar, basta enviar curr\u00edculo para o e-mail&nbsp;<a href=\"mailto:trabalheconosco@faici.com\">trabalheconosco@faici.com<\/a>, destacando sua fun\u00e7\u00e3o. Por exemplo: Emprego FAICI &#8211; montador ou Emprego FAICI &#8211; eletricista.<\/p>\n\n\n\n<p>Os interessados em adquirir cotas de patroc\u00ednio e camarotes corporativos devem entrar em contato pelo WhatsApp (19) 9 9620 2320 para mais detalhes.&nbsp;<\/p>\n\n\n\n<p><strong>SHOWS<\/strong><\/p>\n\n\n\n<p>08\/08 \u2013&nbsp;P\u00e9ricles&nbsp;e&nbsp;Fernando &amp; Sorocaba<\/p>\n\n\n\n<p>09\/08 &#8211;&nbsp;Simone Mendes, DJ&nbsp;Jiraya Uai e&nbsp;Fabricio Renno<\/p>\n\n\n\n<p>14\/08 &#8211;&nbsp;Lauana Prado<\/p>\n\n\n\n<p>15\/08 &#8211;&nbsp;Z\u00e9 Neto &amp; Cristiano&nbsp;e&nbsp;Felipe Nogueira<\/p>\n\n\n\n<p>16\/08 \u2013&nbsp;Maiara &amp; Maraisa&nbsp;e&nbsp;Hugo &amp; Guilherme<\/p>\n\n\n\n<p><strong>FAICI<\/strong><\/p>\n\n\n\n<p>Data: 08 a 16 de agosto<\/p>\n\n\n\n<p>Local:&nbsp;Avenida General Motors &#8211; SP-75 (ao lado da Toyota) \u2013 Indaiatuba\/SP<br>Informa\u00e7\u00f5es: (19) 9 9620 2320 \/&nbsp;<a href=\"http:\/\/www.faici.com\/\">www.faici.com<\/a><\/p>\n","protected":false},"excerpt":{"rendered":"<p>Sempre surpreendendo, a Comiss\u00e3o Organizadora da FAICI 2025 segue anunciando mais atra\u00e7\u00f5es para a festa, que acontece entre os dias&nbsp;08 e 16 de agosto. Nesta semana, foi confirmado o show do cantor e compositor Fabricio Renno para o dia 09, mesma noite das apresenta\u00e7\u00f5es do DJ Jiraya Uai e da cantora Simone Mendes. Natural da [&hellip;]<\/p>\n","protected":false},"author":7,"featured_media":27267,"comment_status":"closed","ping_status":"open","sticky":false,"template":"","format":"standard","meta":{"rop_custom_images_group":[],"rop_custom_messages_group":[],"rop_publish_now":"initial","rop_publish_now_accounts":[],"rop_publish_now_history":[],"rop_publish_now_status":"pending","footnotes":""},"categories":[188],"tags":[],"class_list":["post-27266","post","type-post","status-publish","format-standard","has-post-thumbnail","hentry","category-indaiatuba"],"amp_enabled":true,"_links":{"self":[{"href":"https:\/\/imais.online\/portal\/wp-json\/wp\/v2\/posts\/27266","targetHints":{"allow":["GET"]}}],"collection":[{"href":"https:\/\/imais.online\/portal\/wp-json\/wp\/v2\/posts"}],"about":[{"href":"https:\/\/imais.online\/portal\/wp-json\/wp\/v2\/types\/post"}],"author":[{"embeddable":true,"href":"https:\/\/imais.online\/portal\/wp-json\/wp\/v2\/users\/7"}],"replies":[{"embeddable":true,"href":"https:\/\/imais.online\/portal\/wp-json\/wp\/v2\/comments?post=27266"}],"version-history":[{"count":1,"href":"https:\/\/imais.online\/portal\/wp-json\/wp\/v2\/posts\/27266\/revisions"}],"predecessor-version":[{"id":27268,"href":"https:\/\/imais.online\/portal\/wp-json\/wp\/v2\/posts\/27266\/revisions\/27268"}],"wp:featuredmedia":[{"embeddable":true,"href":"https:\/\/imais.online\/portal\/wp-json\/wp\/v2\/media\/27267"}],"wp:attachment":[{"href":"https:\/\/imais.online\/portal\/wp-json\/wp\/v2\/media?parent=27266"}],"wp:term":[{"taxonomy":"category","embeddable":true,"href":"https:\/\/imais.online\/portal\/wp-json\/wp\/v2\/categories?post=27266"},{"taxonomy":"post_tag","embeddable":true,"href":"https:\/\/imais.online\/portal\/wp-json\/wp\/v2\/tags?post=27266"}],"curies":[{"name":"wp","href":"https:\/\/api.w.org\/{rel}","templated":true}]}}