{"id":27272,"date":"2025-05-13T15:53:52","date_gmt":"2025-05-13T18:53:52","guid":{"rendered":"https:\/\/imais.online\/portal\/?p=27272"},"modified":"2025-05-13T15:53:53","modified_gmt":"2025-05-13T18:53:53","slug":"policia-civil-fecha-desmanche-clandestino-em-oficina-irregular-no-distrito-industrial-de-indaiatuba","status":"publish","type":"post","link":"https:\/\/imais.online\/portal\/policia-civil-fecha-desmanche-clandestino-em-oficina-irregular-no-distrito-industrial-de-indaiatuba\/","title":{"rendered":"Pol\u00edcia Civil fecha desmanche clandestino em oficina irregular no Distrito Industrial de Indaiatuba"},"content":{"rendered":"<div class=\"imais-before-content-placement\" id=\"imais-850229549\"><script async src=\"\/\/pagead2.googlesyndication.com\/pagead\/js\/adsbygoogle.js?client=ca-pub-8787528412751566\" crossorigin=\"anonymous\"><\/script><ins class=\"adsbygoogle\" style=\"display:block;\" data-ad-client=\"ca-pub-8787528412751566\" \ndata-ad-slot=\"\" \ndata-ad-format=\"auto\"><\/ins>\n<script> \n(adsbygoogle = window.adsbygoogle || []).push({}); \n<\/script>\n<\/div>\n<p>A Pol\u00edcia Civil descobriu, na tarde desta segunda-feira (12), um desmanche de ve\u00edculos em funcionamento dentro de uma oficina mec\u00e2nica irregular, localizada no Distrito Industrial da cidade. A opera\u00e7\u00e3o foi deflagrada ap\u00f3s uma den\u00fancia an\u00f4nima, resultando na pris\u00e3o de duas pessoas.<\/p>\n\n\n\n<p>Durante a a\u00e7\u00e3o, os policiais identificaram o despejo irregular de \u00f3leo diretamente no solo, sem qualquer sistema de conten\u00e7\u00e3o ou tratamento, o que configura crime ambiental. De acordo com o delegado-assistente Luis Fernando Dias de Oliveira, a atividade criminosa ocorria em um terreno onde, oficialmente, funcionava uma oficina de caminh\u00f5es. Uma parte da \u00e1rea \u2013 cerca de um ter\u00e7o \u2013 estava isolada por uma defensa met\u00e1lica e tapumes, onde operava o desmanche ilegal.<\/p>\n\n\n\n<p>No local, foram encontradas ao menos 100 pe\u00e7as automotivas, que est\u00e3o sendo removidas para contagem e posterior encaminhamento ao p\u00e1tio da Pol\u00edcia Civil. Os detidos dever\u00e3o responder por crimes ambientais e econ\u00f4micos, incluindo recepta\u00e7\u00e3o de pe\u00e7as de ve\u00edculos.<\/p>\n\n\n\n<p>A Prefeitura de Indaiatuba, informou que foi acionada para tomar as medidas administrativas cab\u00edveis. Na manh\u00e3 desta ter\u00e7a-feira (13), t\u00e9cnicos da Secretaria Municipal de Meio Ambiente estiveram no im\u00f3vel para avaliar os danos e determinar as san\u00e7\u00f5es administrativas aos respons\u00e1veis.<\/p>\n","protected":false},"excerpt":{"rendered":"<p>A Pol\u00edcia Civil descobriu, na tarde desta segunda-feira (12), um desmanche de ve\u00edculos em funcionamento dentro de uma oficina mec\u00e2nica irregular, localizada no Distrito Industrial da cidade. A opera\u00e7\u00e3o foi deflagrada ap\u00f3s uma den\u00fancia an\u00f4nima, resultando na pris\u00e3o de duas pessoas. Durante a a\u00e7\u00e3o, os policiais identificaram o despejo irregular de \u00f3leo diretamente no solo, [&hellip;]<\/p>\n","protected":false},"author":7,"featured_media":27273,"comment_status":"closed","ping_status":"open","sticky":false,"template":"","format":"standard","meta":{"rop_custom_images_group":[],"rop_custom_messages_group":[],"rop_publish_now":"initial","rop_publish_now_accounts":[],"rop_publish_now_history":[],"rop_publish_now_status":"pending","footnotes":""},"categories":[188],"tags":[73],"class_list":["post-27272","post","type-post","status-publish","format-standard","has-post-thumbnail","hentry","category-indaiatuba","tag-featured"],"amp_enabled":true,"_links":{"self":[{"href":"https:\/\/imais.online\/portal\/wp-json\/wp\/v2\/posts\/27272","targetHints":{"allow":["GET"]}}],"collection":[{"href":"https:\/\/imais.online\/portal\/wp-json\/wp\/v2\/posts"}],"about":[{"href":"https:\/\/imais.online\/portal\/wp-json\/wp\/v2\/types\/post"}],"author":[{"embeddable":true,"href":"https:\/\/imais.online\/portal\/wp-json\/wp\/v2\/users\/7"}],"replies":[{"embeddable":true,"href":"https:\/\/imais.online\/portal\/wp-json\/wp\/v2\/comments?post=27272"}],"version-history":[{"count":1,"href":"https:\/\/imais.online\/portal\/wp-json\/wp\/v2\/posts\/27272\/revisions"}],"predecessor-version":[{"id":27274,"href":"https:\/\/imais.online\/portal\/wp-json\/wp\/v2\/posts\/27272\/revisions\/27274"}],"wp:featuredmedia":[{"embeddable":true,"href":"https:\/\/imais.online\/portal\/wp-json\/wp\/v2\/media\/27273"}],"wp:attachment":[{"href":"https:\/\/imais.online\/portal\/wp-json\/wp\/v2\/media?parent=27272"}],"wp:term":[{"taxonomy":"category","embeddable":true,"href":"https:\/\/imais.online\/portal\/wp-json\/wp\/v2\/categories?post=27272"},{"taxonomy":"post_tag","embeddable":true,"href":"https:\/\/imais.online\/portal\/wp-json\/wp\/v2\/tags?post=27272"}],"curies":[{"name":"wp","href":"https:\/\/api.w.org\/{rel}","templated":true}]}}