{"id":27282,"date":"2025-05-14T11:01:13","date_gmt":"2025-05-14T14:01:13","guid":{"rendered":"https:\/\/imais.online\/portal\/?p=27282"},"modified":"2025-05-14T11:01:14","modified_gmt":"2025-05-14T14:01:14","slug":"empregos-em-indaiatuba-sumerbol-abre-200-vagas-durante-feirao-em-elias-fausto-nesta-segunda-feira-19-de-maio","status":"publish","type":"post","link":"https:\/\/imais.online\/portal\/empregos-em-indaiatuba-sumerbol-abre-200-vagas-durante-feirao-em-elias-fausto-nesta-segunda-feira-19-de-maio\/","title":{"rendered":"Empregos em Indaiatuba: Sumerbol abre 200 vagas durante Feir\u00e3o em Elias Fausto nesta segunda-feira, 19 de maio"},"content":{"rendered":"<div class=\"imais-before-content-placement\" id=\"imais-2032043468\"><script async src=\"\/\/pagead2.googlesyndication.com\/pagead\/js\/adsbygoogle.js?client=ca-pub-8787528412751566\" crossorigin=\"anonymous\"><\/script><ins class=\"adsbygoogle\" style=\"display:block;\" data-ad-client=\"ca-pub-8787528412751566\" \ndata-ad-slot=\"\" \ndata-ad-format=\"auto\"><\/ins>\n<script> \n(adsbygoogle = window.adsbygoogle || []).push({}); \n<\/script>\n<\/div>\n<p class=\"has-text-align-center\"><em>Postos de trabalho est\u00e3o dispon\u00edveis para diversas fun\u00e7\u00f5es e n\u00e3o h\u00e1 necessidade de experi\u00eancia<\/em><\/p>\n\n\n\n<p>O Sumerbol Supermercados realiza o Feir\u00e3o de Vagas na pr\u00f3xima segunda-feira, 19 de maio, das 8 \u00e0s 16 horas no Balc\u00e3o de Empregos, em Elias Fausto. As vagas s\u00e3o para as tr\u00eas lojas localizadas em Indaiatuba.<\/p>\n\n\n\n<p>Em franco crescimento e investindo na amplia\u00e7\u00e3o das suas unidades, o Sumerbol vai reinaugurar a Loja 1 ainda este semestre, o que resultar\u00e1 na gera\u00e7\u00e3o de novas oportunidades de emprego e no fortalecimento do atendimento aos clientes, com um ambiente moderno para proporcionar melhor experi\u00eancia de compra.<\/p>\n\n\n\n<p>O Feir\u00e3o oferece diversas oportunidades de emprego para vagas permanentes, com posi\u00e7\u00f5es abertas para a\u00e7ougueiro, auxiliar de dep\u00f3sito, balconista de frios, balconista de padaria, cozinheiro, empacotador, fiscal de caixa, l\u00edder de setor, operadora de caixa, padeiro, repositor de hortifruti, repositor de mercearia, entre outras.<\/p>\n\n\n\n<p>Os candidatos n\u00e3o precisam ter experi\u00eancia anterior ou forma\u00e7\u00e3o espec\u00edfica, sendo necess\u00e1rio apenas ter mais de 18 anos.<\/p>\n\n\n\n<p>O que precisa levar?<\/p>\n\n\n\n<ul class=\"wp-block-list\">\n<li>Documento com foto<\/li>\n\n\n\n<li>Curr\u00edculo atualizado (impresso ou digital)<\/li>\n\n\n\n<li>Carteira de Trabalho f\u00edsica ou digital<\/li>\n<\/ul>\n\n\n\n<p>Os trabalhadores contratatos ter\u00e3o benef\u00edcios como: Plano de carreira, Cart\u00e3o Vale Recompensa, Vale-Alimenta\u00e7\u00e3o, Conv\u00eanio M\u00e9dico opcional, Cart\u00e3o Conv\u00eanio para Compras no Sumerbol, Seguro de Vida e pagamento de horas extras.<\/p>\n\n\n\n<p><strong>Sobre o Sumerbol<\/strong><\/p>\n\n\n\n<p>O Sumerbol Supermercados est\u00e1 celebrando 55 anos de hist\u00f3ria, e reafirma seu compromisso com a qualidade no atendimento, proporcionando um ambiente de trabalho inclusivo e oferecendo oportunidades de crescimento para seus colaboradores.<\/p>\n\n\n\n<p>Ao longo de sua hist\u00f3ria em constante evolu\u00e7\u00e3o, o Sumerbol segue expandindo e investindo em melhorias em suas tr\u00eas lojas em Indaiatuba, sempre com o objetivo de atender melhor seus clientes, colaboradores e fornecedores.<\/p>\n\n\n\n<p>Reconhecido por oferecer uma ampla variedade de produtos com as melhores marcas, o Sumerbol se destaca tamb\u00e9m pelos descontos especiais e pelo atendimento diferenciado, sendo refer\u00eancia na regi\u00e3o.<\/p>\n\n\n\n<p><strong>Servi\u00e7o<\/strong><\/p>\n\n\n\n<p>Feir\u00e3o de Vagas Sumerbol<\/p>\n\n\n\n<p><strong>Data:<\/strong>&nbsp;19\/05\/2024 (segunda-feira) \u2502 8 \u00e0s 11h30 e 13h30 \u00e0s 16 horas<\/p>\n\n\n\n<p><strong>Local:<\/strong>&nbsp;Balc\u00e3o de Emprego &#8211; Rua Coronel Domingos Ferreira, 318 \u2013 Centro<\/p>\n\n\n\n<p><strong>Cidade:<\/strong>&nbsp;Elias Fausto\/SP<\/p>\n","protected":false},"excerpt":{"rendered":"<p>Postos de trabalho est\u00e3o dispon\u00edveis para diversas fun\u00e7\u00f5es e n\u00e3o h\u00e1 necessidade de experi\u00eancia O Sumerbol Supermercados realiza o Feir\u00e3o de Vagas na pr\u00f3xima segunda-feira, 19 de maio, das 8 \u00e0s 16 horas no Balc\u00e3o de Empregos, em Elias Fausto. As vagas s\u00e3o para as tr\u00eas lojas localizadas em Indaiatuba. Em franco crescimento e investindo [&hellip;]<\/p>\n","protected":false},"author":7,"featured_media":27283,"comment_status":"closed","ping_status":"open","sticky":false,"template":"","format":"standard","meta":{"rop_custom_images_group":[],"rop_custom_messages_group":[],"rop_publish_now":"initial","rop_publish_now_accounts":[],"rop_publish_now_history":[],"rop_publish_now_status":"pending","footnotes":""},"categories":[188],"tags":[],"class_list":["post-27282","post","type-post","status-publish","format-standard","has-post-thumbnail","hentry","category-indaiatuba"],"amp_enabled":true,"_links":{"self":[{"href":"https:\/\/imais.online\/portal\/wp-json\/wp\/v2\/posts\/27282","targetHints":{"allow":["GET"]}}],"collection":[{"href":"https:\/\/imais.online\/portal\/wp-json\/wp\/v2\/posts"}],"about":[{"href":"https:\/\/imais.online\/portal\/wp-json\/wp\/v2\/types\/post"}],"author":[{"embeddable":true,"href":"https:\/\/imais.online\/portal\/wp-json\/wp\/v2\/users\/7"}],"replies":[{"embeddable":true,"href":"https:\/\/imais.online\/portal\/wp-json\/wp\/v2\/comments?post=27282"}],"version-history":[{"count":1,"href":"https:\/\/imais.online\/portal\/wp-json\/wp\/v2\/posts\/27282\/revisions"}],"predecessor-version":[{"id":27284,"href":"https:\/\/imais.online\/portal\/wp-json\/wp\/v2\/posts\/27282\/revisions\/27284"}],"wp:featuredmedia":[{"embeddable":true,"href":"https:\/\/imais.online\/portal\/wp-json\/wp\/v2\/media\/27283"}],"wp:attachment":[{"href":"https:\/\/imais.online\/portal\/wp-json\/wp\/v2\/media?parent=27282"}],"wp:term":[{"taxonomy":"category","embeddable":true,"href":"https:\/\/imais.online\/portal\/wp-json\/wp\/v2\/categories?post=27282"},{"taxonomy":"post_tag","embeddable":true,"href":"https:\/\/imais.online\/portal\/wp-json\/wp\/v2\/tags?post=27282"}],"curies":[{"name":"wp","href":"https:\/\/api.w.org\/{rel}","templated":true}]}}