{"id":27289,"date":"2025-05-14T19:12:05","date_gmt":"2025-05-14T22:12:05","guid":{"rendered":"https:\/\/imais.online\/portal\/?p=27289"},"modified":"2025-05-14T19:12:06","modified_gmt":"2025-05-14T22:12:06","slug":"plaza-shopping-itu-recebe-feira-de-discos-no-proximo-domingo","status":"publish","type":"post","link":"https:\/\/imais.online\/portal\/plaza-shopping-itu-recebe-feira-de-discos-no-proximo-domingo\/","title":{"rendered":"Plaza Shopping Itu recebe Feira de Discos no pr\u00f3ximo domingo"},"content":{"rendered":"<div class=\"imais-before-content-placement\" id=\"imais-2617873\"><script async src=\"\/\/pagead2.googlesyndication.com\/pagead\/js\/adsbygoogle.js?client=ca-pub-8787528412751566\" crossorigin=\"anonymous\"><\/script><ins class=\"adsbygoogle\" style=\"display:block;\" data-ad-client=\"ca-pub-8787528412751566\" \ndata-ad-slot=\"\" \ndata-ad-format=\"auto\"><\/ins>\n<script> \n(adsbygoogle = window.adsbygoogle || []).push({}); \n<\/script>\n<\/div>\n<p class=\"has-text-align-center\">Evento gratuito re\u00fane milhares de itens, incluindo edi\u00e7\u00f5es especiais para colecionadores e amantes da m\u00fasica de todas as gera\u00e7\u00f5es<\/p>\n\n\n\n<p>No domingo, 18 de maio, os apaixonados por m\u00fasica t\u00eam um encontro marcado no&nbsp;<strong>Plaza Shopping Itu<\/strong>. Das 12h \u00e0s 20h, o empreendimento ser\u00e1 palco de mais uma edi\u00e7\u00e3o da&nbsp;<em>Feira de Discos<\/em>, prometendo reunir colecionadores, f\u00e3s e curiosos em torno de rel\u00edquias em vinil e CDs. A entrada \u00e9 gratuita e a programa\u00e7\u00e3o acontecer\u00e1 no corredor da entrada 2, entre as lojas Hope e Hobby.<\/p>\n\n\n\n<p>Organizada pela Warlock Discos, a feira traz um acervo com mais de 7 mil itens, com destaque para discos raros e edi\u00e7\u00f5es especiais de diversas partes do mundo. Do rock cl\u00e1ssico ao pop contempor\u00e2neo, passando por g\u00eaneros como MPB, jazz, blues, m\u00fasica eletr\u00f4nica, entre outros.<\/p>\n\n\n\n<p>Um dos itens mais aguardados \u00e9 o lend\u00e1rio disco que une as bandas Sepultura e Overdose, considerado uma raridade entre os f\u00e3s do heavy metal. Tamb\u00e9m chamam aten\u00e7\u00e3o singles europeus de dance music e t\u00edtulos dif\u00edceis de encontrar no mercado tradicional.<\/p>\n\n\n\n<p>Entre os destaques desta edi\u00e7\u00e3o, estar\u00e3o \u00e1lbuns novos e lacrados de bandas ic\u00f4nicas como: Beatles, Pink Floyd, Iron Maiden e Metallica, al\u00e9m de discos de artistas atuais como Taylor Swift, Ed Sheeran, Lana Del Rey e Lady Gaga. Tamb\u00e9m estar\u00e3o dispon\u00edveis edi\u00e7\u00f5es especiais importadas, com livretos exclusivos do Jap\u00e3o, Reino Unido e Argentina.<\/p>\n\n\n\n<p>Al\u00e9m da comercializa\u00e7\u00e3o dos produtos, a&nbsp;<em>Feira de Discos<\/em>&nbsp;abre espa\u00e7o para a troca de materiais usados, incentivando os visitantes a levarem seus vinis, CDs e at\u00e9 equipamentos antigos para negociarem com os expositores.<\/p>\n\n\n\n<p>Mais do que um ponto de encontro para colecionadores e f\u00e3s de m\u00fasica, as edi\u00e7\u00f5es da&nbsp;<em>Feira de Discos&nbsp;<\/em>no shopping fazem parte de uma&nbsp;<strong>programa\u00e7\u00e3o cultural<\/strong>. Eventos como esse valorizam a experi\u00eancia dos visitantes, transformando o empreendimento em um espa\u00e7o de conviv\u00eancia e entretenimento. A cada edi\u00e7\u00e3o, o p\u00fablico tem a oportunidade de redescobrir cl\u00e1ssicos, conhecer novidades e se conectar com a m\u00fasica de forma \u00fanica.<\/p>\n\n\n\n<p>\u201cA&nbsp;<em>Feira de Discos<\/em>&nbsp;traz uma mem\u00f3ria afetiva que aproxima as diferentes gera\u00e7\u00f5es em torno da m\u00fasica e do formato de vinil. Assim, oferecemos uma experi\u00eancia diferenciada ao p\u00fablico, com uma programa\u00e7\u00e3o que valoriza o entretenimento e a diversidade cultural\u201d, comenta Edgar Silveira, gerente de marketing do&nbsp;<strong>Plaza Shopping Itu<\/strong>.<\/p>\n\n\n\n<p><strong>Feira de Discos no Plaza Shopping Itu<\/strong><\/p>\n\n\n\n<p>Data: 18 de maio<\/p>\n\n\n\n<p>Hor\u00e1rio: das 12h \u00e0s 20h<\/p>\n\n\n\n<p>Local: Corredor da entrada 2, entre as lojas Hope e Hobby<\/p>\n\n\n\n<p>Site:&nbsp;<a href=\"http:\/\/www.plazashoppingitu.com.br\/\">www.plazashoppingitu.com.br<\/a><\/p>\n\n\n\n<p>Redes sociais: @plazashoppingitu<\/p>\n\n\n\n<p>Endere\u00e7o: Avenida Doutor Ermelindo Maffei, 1.199, no Jardim Para\u00edso, em Itu, S\u00e3o Paulo<\/p>\n","protected":false},"excerpt":{"rendered":"<p>Evento gratuito re\u00fane milhares de itens, incluindo edi\u00e7\u00f5es especiais para colecionadores e amantes da m\u00fasica de todas as gera\u00e7\u00f5es No domingo, 18 de maio, os apaixonados por m\u00fasica t\u00eam um encontro marcado no&nbsp;Plaza Shopping Itu. Das 12h \u00e0s 20h, o empreendimento ser\u00e1 palco de mais uma edi\u00e7\u00e3o da&nbsp;Feira de Discos, prometendo reunir colecionadores, f\u00e3s e [&hellip;]<\/p>\n","protected":false},"author":7,"featured_media":27290,"comment_status":"closed","ping_status":"open","sticky":false,"template":"","format":"standard","meta":{"rop_custom_images_group":[],"rop_custom_messages_group":[],"rop_publish_now":"initial","rop_publish_now_accounts":[],"rop_publish_now_history":[],"rop_publish_now_status":"pending","footnotes":""},"categories":[271],"tags":[],"class_list":["post-27289","post","type-post","status-publish","format-standard","has-post-thumbnail","hentry","category-itu"],"amp_enabled":true,"_links":{"self":[{"href":"https:\/\/imais.online\/portal\/wp-json\/wp\/v2\/posts\/27289","targetHints":{"allow":["GET"]}}],"collection":[{"href":"https:\/\/imais.online\/portal\/wp-json\/wp\/v2\/posts"}],"about":[{"href":"https:\/\/imais.online\/portal\/wp-json\/wp\/v2\/types\/post"}],"author":[{"embeddable":true,"href":"https:\/\/imais.online\/portal\/wp-json\/wp\/v2\/users\/7"}],"replies":[{"embeddable":true,"href":"https:\/\/imais.online\/portal\/wp-json\/wp\/v2\/comments?post=27289"}],"version-history":[{"count":1,"href":"https:\/\/imais.online\/portal\/wp-json\/wp\/v2\/posts\/27289\/revisions"}],"predecessor-version":[{"id":27291,"href":"https:\/\/imais.online\/portal\/wp-json\/wp\/v2\/posts\/27289\/revisions\/27291"}],"wp:featuredmedia":[{"embeddable":true,"href":"https:\/\/imais.online\/portal\/wp-json\/wp\/v2\/media\/27290"}],"wp:attachment":[{"href":"https:\/\/imais.online\/portal\/wp-json\/wp\/v2\/media?parent=27289"}],"wp:term":[{"taxonomy":"category","embeddable":true,"href":"https:\/\/imais.online\/portal\/wp-json\/wp\/v2\/categories?post=27289"},{"taxonomy":"post_tag","embeddable":true,"href":"https:\/\/imais.online\/portal\/wp-json\/wp\/v2\/tags?post=27289"}],"curies":[{"name":"wp","href":"https:\/\/api.w.org\/{rel}","templated":true}]}}