{"id":27292,"date":"2025-05-14T19:15:32","date_gmt":"2025-05-14T22:15:32","guid":{"rendered":"https:\/\/imais.online\/portal\/?p=27292"},"modified":"2025-05-14T19:15:33","modified_gmt":"2025-05-14T22:15:33","slug":"com-27-bares-e-restaurantes-de-oito-cidades-da-regiao-festival-brasil-sabor-de-campinas-comeca-nesta-quinta-15","status":"publish","type":"post","link":"https:\/\/imais.online\/portal\/com-27-bares-e-restaurantes-de-oito-cidades-da-regiao-festival-brasil-sabor-de-campinas-comeca-nesta-quinta-15\/","title":{"rendered":"Com 27 bares e restaurantes de oito cidades da regi\u00e3o, Festival Brasil Sabor de Campinas come\u00e7a nesta quinta (15)"},"content":{"rendered":"<div class=\"imais-before-content-placement\" id=\"imais-1042646761\"><script async src=\"\/\/pagead2.googlesyndication.com\/pagead\/js\/adsbygoogle.js?client=ca-pub-8787528412751566\" crossorigin=\"anonymous\"><\/script><ins class=\"adsbygoogle\" style=\"display:block;\" data-ad-client=\"ca-pub-8787528412751566\" \ndata-ad-slot=\"\" \ndata-ad-format=\"auto\"><\/ins>\n<script> \n(adsbygoogle = window.adsbygoogle || []).push({}); \n<\/script>\n<\/div>\n<p class=\"has-text-align-center\">Sexta edi\u00e7\u00e3o local do evento gastron\u00f4mico vai at\u00e9 15 de junho, com pratos de R$ 49,90 a R$ 99,90<\/p>\n\n\n\n<p>J\u00e1 consolidado no calend\u00e1rio gastron\u00f4mico regional, a 5\u00aa edi\u00e7\u00e3o do Festival Brasil Sabor promovido pela Associa\u00e7\u00e3o Brasileira de Bares e Restaurantes (Abrasel) Regional Campinas vai acontecer no per\u00edodo de 15 de maio e a 15 de junho, com participa\u00e7\u00f5es de bares e restaurantes para valorizar a diversidade da culin\u00e1ria nacional e estimular o setor gastron\u00f4mico. A edi\u00e7\u00e3o deste ano contar\u00e1 com 27 participantes de Campinas, Valinhos, Indaiatuba, Santa B\u00e1rbara D\u2019Oeste, Sumar\u00e9, Socorro, Jundia\u00ed, Holambra, com pratos que variam de R$ 49,90 a R$ 99,90.<\/p>\n\n\n\n<p>Brasil Sabor, que no Brasil chega \u00e0 sua 19\u00aa edi\u00e7\u00e3o, se consolidou como um dos principais festivais do segmento, proporcionando aos participantes um aumento no fluxo de clientes e fortalecendo suas marcas no mercado. A iniciativa tamb\u00e9m fomenta a inova\u00e7\u00e3o nos card\u00e1pios, incentivando os estabelecimentos a explorarem novos sabores e experi\u00eancias gastron\u00f4micas diferenciadas.<\/p>\n\n\n\n<p>Os estabelecimentos inscritos desenvolvem um prato exclusivo para o festival, inspirado nos ingredientes e tradi\u00e7\u00f5es da gastronomia local. Durante o per\u00edodo do evento, o p\u00fablico tem a oportunidade de experimentar essas cria\u00e7\u00f5es a pre\u00e7os promocionais, o que amplia o acesso e incentiva a experimenta\u00e7\u00e3o de novos sabores.<\/p>\n\n\n\n<p>Os restaurantes participantes t\u00eam flexibilidade para oferecer os pratos tanto no sal\u00e3o quanto por delivery e take away (para levar), adaptando-se \u00e0s prefer\u00eancias dos consumidores e ampliando seu alcance. Essa diversidade de formatos permite que mais pessoas conhe\u00e7am a receita criada, fortalecendo a conex\u00e3o entre o neg\u00f3cio e o p\u00fablico.<\/p>\n\n\n\n<p>Em 2024, o Brasil Sabor reuniu mais de 740 restaurantes distribu\u00eddos em 79 cidades e 18 estados, consolidando-se como um dos maiores festivais gastron\u00f4micos do pa\u00eds. Na regi\u00e3o de Campinas foram 23 participantes.<\/p>\n\n\n\n<p>A proposta do Festival Brasil Sabor \u00e9 desafiar os chefs dos restaurantes da regi\u00e3o para que criassem receitas criativas. \u201cO Brasil Sabor \u00e9 o maior festival gastron\u00f4mico do pa\u00eds e busca celebrar a diversidade da gastronomia brasileira, promovendo a cria\u00e7\u00e3o de pratos especiais em restaurantes de cada regi\u00e3o onde a Abrasel est\u00e1 presente\u201d, explica Andr\u00e9 Mandetta, presidente da Abrasel Regional Campinas.<\/p>\n\n\n\n<p>\u201cO Brasil Sabor tem como fun\u00e7\u00e3o estimular os chefs a criarem novos pratos dentro da proposta apresentada, utilizando a diversidade dos produtos nacionais e fazer com que os estabelecimentos atraiam novos p\u00fablicos consumidores\u201d, explica. \u201cNos preocupamos em incentivar os chefs a apresentarem o que t\u00eam de melhor, desenvolvendo receitas novas, usando a rica diversidade dos produtos, ingredientes e sabores peculiares encontrados em cada regi\u00e3o do nosso Brasil e oferecer uma experi\u00eancia diferenciada aos clientes\u201d, conta.<\/p>\n\n\n\n<p><strong>RESTAURANTES PARTICIPANTES EDI\u00c7\u00c3O 2025<\/strong><\/p>\n\n\n\n<p>8 Meia 0 Bar &amp; Restaurante<\/p>\n\n\n\n<p>Banana Caf\u00e9<\/p>\n\n\n\n<p>Bar Candreva &#8211; Bar\u00e3o Geraldo<\/p>\n\n\n\n<p>Bar Candreva &#8211; Proen\u00e7a<\/p>\n\n\n\n<p>Bar Candreva &#8211; Taquaral<\/p>\n\n\n\n<p>Bar Candreva &#8211; Valinhos<\/p>\n\n\n\n<p>Bar do Bigodi e da Tia Eli<\/p>\n\n\n\n<p>Benedito Restaurante<\/p>\n\n\n\n<p>Carn\u00ed Gastronomia<\/p>\n\n\n\n<p>Casa Bela Restaurante<\/p>\n\n\n\n<p>Dona Beleza Bar e Restaurante<\/p>\n\n\n\n<p>Esta\u00e7\u00e3o Marupiara Restaurante<\/p>\n\n\n\n<p>Leve Alimenta\u00e7\u00e3o Saud\u00e1vel<\/p>\n\n\n\n<p>Los Vaqueros<\/p>\n\n\n\n<p>Obeij\u00fa<\/p>\n\n\n\n<p>Pecorino Bar &amp; Trattoria &#8211; Parque D. Pedro Shopping<\/p>\n\n\n\n<p>Pecorino Cucina Mediterr\u00e2nea<\/p>\n\n\n\n<p>Poke Cambu\u00ed<\/p>\n\n\n\n<p>Ref\u00fagio dos Navegantes<\/p>\n\n\n\n<p>Restaurante Rancho do Pescador<\/p>\n\n\n\n<p>Rock &amp; Soul<\/p>\n\n\n\n<p>Rotisseria Dom Pasquale<\/p>\n\n\n\n<p>Sulina Parrilla e Restaurante<\/p>\n\n\n\n<p>Samurai Sushi<\/p>\n\n\n\n<p>Varanda Santiago<\/p>\n\n\n\n<p>Vila Cat\u00e1 Gastrobar<\/p>\n\n\n\n<p>Arlindo\u2019s&nbsp; Restaurantes<\/p>\n\n\n\n<p>Servi\u00e7o:<\/p>\n\n\n\n<p>6\u00aa edi\u00e7\u00e3o do Brasil Sabor Regional Campinas<\/p>\n\n\n\n<p>15 de maio a 15 de junho<\/p>\n\n\n\n<p>Realiza\u00e7\u00e3o: Abrasel<\/p>\n\n\n\n<p>Patroc\u00ednio nacional: Ambev<\/p>\n\n\n\n<p>Mais informa\u00e7\u00f5es em: https:\/\/brasilsaborrmc.com.br\/<\/p>\n","protected":false},"excerpt":{"rendered":"<p>Sexta edi\u00e7\u00e3o local do evento gastron\u00f4mico vai at\u00e9 15 de junho, com pratos de R$ 49,90 a R$ 99,90 J\u00e1 consolidado no calend\u00e1rio gastron\u00f4mico regional, a 5\u00aa edi\u00e7\u00e3o do Festival Brasil Sabor promovido pela Associa\u00e7\u00e3o Brasileira de Bares e Restaurantes (Abrasel) Regional Campinas vai acontecer no per\u00edodo de 15 de maio e a 15 de [&hellip;]<\/p>\n","protected":false},"author":7,"featured_media":27293,"comment_status":"closed","ping_status":"open","sticky":false,"template":"","format":"standard","meta":{"rop_custom_images_group":[],"rop_custom_messages_group":[],"rop_publish_now":"initial","rop_publish_now_accounts":[],"rop_publish_now_history":[],"rop_publish_now_status":"pending","footnotes":""},"categories":[272],"tags":[],"class_list":["post-27292","post","type-post","status-publish","format-standard","has-post-thumbnail","hentry","category-campinas"],"amp_enabled":true,"_links":{"self":[{"href":"https:\/\/imais.online\/portal\/wp-json\/wp\/v2\/posts\/27292","targetHints":{"allow":["GET"]}}],"collection":[{"href":"https:\/\/imais.online\/portal\/wp-json\/wp\/v2\/posts"}],"about":[{"href":"https:\/\/imais.online\/portal\/wp-json\/wp\/v2\/types\/post"}],"author":[{"embeddable":true,"href":"https:\/\/imais.online\/portal\/wp-json\/wp\/v2\/users\/7"}],"replies":[{"embeddable":true,"href":"https:\/\/imais.online\/portal\/wp-json\/wp\/v2\/comments?post=27292"}],"version-history":[{"count":1,"href":"https:\/\/imais.online\/portal\/wp-json\/wp\/v2\/posts\/27292\/revisions"}],"predecessor-version":[{"id":27294,"href":"https:\/\/imais.online\/portal\/wp-json\/wp\/v2\/posts\/27292\/revisions\/27294"}],"wp:featuredmedia":[{"embeddable":true,"href":"https:\/\/imais.online\/portal\/wp-json\/wp\/v2\/media\/27293"}],"wp:attachment":[{"href":"https:\/\/imais.online\/portal\/wp-json\/wp\/v2\/media?parent=27292"}],"wp:term":[{"taxonomy":"category","embeddable":true,"href":"https:\/\/imais.online\/portal\/wp-json\/wp\/v2\/categories?post=27292"},{"taxonomy":"post_tag","embeddable":true,"href":"https:\/\/imais.online\/portal\/wp-json\/wp\/v2\/tags?post=27292"}],"curies":[{"name":"wp","href":"https:\/\/api.w.org\/{rel}","templated":true}]}}