{"id":27298,"date":"2025-05-14T19:27:08","date_gmt":"2025-05-14T22:27:08","guid":{"rendered":"https:\/\/imais.online\/portal\/?p=27298"},"modified":"2025-05-14T19:27:09","modified_gmt":"2025-05-14T22:27:09","slug":"aereas-podem-se-negar-a-embarcar-animais-de-suporte-emocional-diz-stj","status":"publish","type":"post","link":"https:\/\/imais.online\/portal\/aereas-podem-se-negar-a-embarcar-animais-de-suporte-emocional-diz-stj\/","title":{"rendered":"A\u00e9reas podem se negar a embarcar animais de suporte emocional, diz STJ"},"content":{"rendered":"<div class=\"imais-before-content-placement\" id=\"imais-585829423\"><script async src=\"\/\/pagead2.googlesyndication.com\/pagead\/js\/adsbygoogle.js?client=ca-pub-8787528412751566\" crossorigin=\"anonymous\"><\/script><ins class=\"adsbygoogle\" style=\"display:block;\" data-ad-client=\"ca-pub-8787528412751566\" \ndata-ad-slot=\"\" \ndata-ad-format=\"auto\"><\/ins>\n<script> \n(adsbygoogle = window.adsbygoogle || []).push({}); \n<\/script>\n<\/div>\n<p class=\"has-text-align-center\">Ministra relatora argumentou falta de regulamenta\u00e7\u00e3o da quest\u00e3o<\/p>\n\n\n\n<p><strong>O Superior Tribunal de Justi\u00e7a (STJ) decidiu que as empresas a\u00e9reas n\u00e3o s\u00e3o obrigadas a\u00a0transportar na cabine do avi\u00e3o animais de suporte emocional\u00a0em voos nacionais e internacionais.<\/strong><img decoding=\"async\" src=\"https:\/\/agenciabrasil.ebc.com.br\/ebc.png?id=1642712&amp;o=node\"><img decoding=\"async\" src=\"https:\/\/agenciabrasil.ebc.com.br\/ebc.gif?id=1642712&amp;o=node\"><\/p>\n\n\n\n<p>O caso foi decidido durante julgamento realizado nesta quarta-feira (14) pela Quarta Turma do STJ. Os detalhes do caso n\u00e3o foram divulgados porque o processo est\u00e1 em segredo de Justi\u00e7a.<\/p>\n\n\n\n<p>Animais de apoio emocional s\u00e3o aqueles que auxiliam pessoas com defici\u00eancia ou transtornos mentais.&nbsp;Conforme a decis\u00e3o, diante da falta de lei espec\u00edfica,&nbsp;<strong>as companhias a\u00e9reas podem recusar o embarque de pets que n\u00e3o estejam nos padr\u00f5es especificados pelas pr\u00f3prias empresas, como peso e altura.<\/strong><\/p>\n\n\n\n<p><strong>Durante o julgamento, a ministra Maria Isabel Galotti, relatora do caso, disse que n\u00e3o \u00e9 poss\u00edvel comparar o transporte de c\u00e3es de suporte emocional e de c\u00e3es-guia.<\/strong><\/p>\n\n\n\n<p>Para a ministra, a admiss\u00e3o de embarque de animais fora dos padr\u00f5es estabelecidos pelas companhias coloca em risco a seguran\u00e7a dos voos e dos demais passageiros.<\/p>\n\n\n\n<blockquote class=\"wp-block-quote is-layout-flow wp-block-quote-is-layout-flow\">\n<p>&#8220;N\u00e3o h\u00e1 como comparar c\u00e3es de suporte emocional, que n\u00e3o s\u00e3o regulamentados no Brasil, a c\u00e3es-guia, os quais passam por longo e rigoroso treinamento, conseguem controlar suas necessidades fisiol\u00f3gicas, tem identifica\u00e7\u00e3o pr\u00f3pria, afim de dar suporte a pessoas com defici\u00eancia visual nos termos da lei&#8221;, afirmou.<\/p>\n<\/blockquote>\n\n\n\n<p>O voto foi acompanhado por unanimidade.<\/p>\n","protected":false},"excerpt":{"rendered":"<p>Ministra relatora argumentou falta de regulamenta\u00e7\u00e3o da quest\u00e3o O Superior Tribunal de Justi\u00e7a (STJ) decidiu que as empresas a\u00e9reas n\u00e3o s\u00e3o obrigadas a\u00a0transportar na cabine do avi\u00e3o animais de suporte emocional\u00a0em voos nacionais e internacionais. O caso foi decidido durante julgamento realizado nesta quarta-feira (14) pela Quarta Turma do STJ. Os detalhes do caso n\u00e3o [&hellip;]<\/p>\n","protected":false},"author":7,"featured_media":27299,"comment_status":"closed","ping_status":"open","sticky":false,"template":"","format":"standard","meta":{"rop_custom_images_group":[],"rop_custom_messages_group":[],"rop_publish_now":"initial","rop_publish_now_accounts":[],"rop_publish_now_history":[],"rop_publish_now_status":"pending","footnotes":""},"categories":[189],"tags":[73],"class_list":["post-27298","post","type-post","status-publish","format-standard","has-post-thumbnail","hentry","category-brasil","tag-featured"],"amp_enabled":true,"_links":{"self":[{"href":"https:\/\/imais.online\/portal\/wp-json\/wp\/v2\/posts\/27298","targetHints":{"allow":["GET"]}}],"collection":[{"href":"https:\/\/imais.online\/portal\/wp-json\/wp\/v2\/posts"}],"about":[{"href":"https:\/\/imais.online\/portal\/wp-json\/wp\/v2\/types\/post"}],"author":[{"embeddable":true,"href":"https:\/\/imais.online\/portal\/wp-json\/wp\/v2\/users\/7"}],"replies":[{"embeddable":true,"href":"https:\/\/imais.online\/portal\/wp-json\/wp\/v2\/comments?post=27298"}],"version-history":[{"count":1,"href":"https:\/\/imais.online\/portal\/wp-json\/wp\/v2\/posts\/27298\/revisions"}],"predecessor-version":[{"id":27300,"href":"https:\/\/imais.online\/portal\/wp-json\/wp\/v2\/posts\/27298\/revisions\/27300"}],"wp:featuredmedia":[{"embeddable":true,"href":"https:\/\/imais.online\/portal\/wp-json\/wp\/v2\/media\/27299"}],"wp:attachment":[{"href":"https:\/\/imais.online\/portal\/wp-json\/wp\/v2\/media?parent=27298"}],"wp:term":[{"taxonomy":"category","embeddable":true,"href":"https:\/\/imais.online\/portal\/wp-json\/wp\/v2\/categories?post=27298"},{"taxonomy":"post_tag","embeddable":true,"href":"https:\/\/imais.online\/portal\/wp-json\/wp\/v2\/tags?post=27298"}],"curies":[{"name":"wp","href":"https:\/\/api.w.org\/{rel}","templated":true}]}}