{"id":27304,"date":"2025-05-15T11:44:40","date_gmt":"2025-05-15T14:44:40","guid":{"rendered":"https:\/\/imais.online\/portal\/?p=27304"},"modified":"2025-05-15T11:44:41","modified_gmt":"2025-05-15T14:44:41","slug":"feira-da-gestante-campinas-traz-produtos-com-personalizacao-e-com-tecnologia-de-ponta","status":"publish","type":"post","link":"https:\/\/imais.online\/portal\/feira-da-gestante-campinas-traz-produtos-com-personalizacao-e-com-tecnologia-de-ponta\/","title":{"rendered":"Feira da Gestante Campinas traz produtos com personaliza\u00e7\u00e3o e com tecnologia de ponta"},"content":{"rendered":"<div class=\"imais-before-content-placement\" id=\"imais-1426094639\"><script async src=\"\/\/pagead2.googlesyndication.com\/pagead\/js\/adsbygoogle.js?client=ca-pub-8787528412751566\" crossorigin=\"anonymous\"><\/script><ins class=\"adsbygoogle\" style=\"display:block;\" data-ad-client=\"ca-pub-8787528412751566\" \ndata-ad-slot=\"\" \ndata-ad-format=\"auto\"><\/ins>\n<script> \n(adsbygoogle = window.adsbygoogle || []).push({}); \n<\/script>\n<\/div>\n<p class=\"has-text-align-center\"><em>Com pre\u00e7os a partir de R$ 1,99 e uma gama de produtos que v\u00e3o das chupetas ao mobili\u00e1rio completo para o beb\u00ea, o evento ser\u00e1 realizado de hoje a domingo no ExpoBoulevard Iguatemi Campinas. A entrada \u00e9 gratuita. Entre os produtos tecnol\u00f3gicos, est\u00e3o as bab\u00e1s eletr\u00f4nicas com intelig\u00eancia artificial que identificam o tipo de choro da crian\u00e7a e a mamadeira que mostra a temperatura do leite. O mercado da maternidade no Brasil vive uma expans\u00e3o puxada por inova\u00e7\u00f5es e personaliza\u00e7\u00e3o de produtos.<\/em><\/p>\n\n\n\n<p>De roupinhas delicadas por R$ 1,99 a mobili\u00e1rios completos e tecnologia de \u00faltima gera\u00e7\u00e3o, a Feira da Gestante Campinas 2025, que acontece de 14 a 18 de maio no ExpoBoulevard Iguatemi, promete ser uma vitrine da revolu\u00e7\u00e3o que o setor de maternidade est\u00e1 vivendo no Brasil. O evento, com entrada gratuita, re\u00fane cerca de 50 expositores e apresenta desde itens tradicionais at\u00e9 novidades que unem conforto, praticidade e inova\u00e7\u00e3o.\u00a0Entre os destaques est\u00e1 uma bab\u00e1 eletr\u00f4nica equipada com intelig\u00eancia artificial, capaz de identificar o motivo do choro do beb\u00ea \u2014 se \u00e9 fome, sono, c\u00f3lica ou irritabilidade. O equipamento ainda conta com vis\u00e3o noturna em alta defini\u00e7\u00e3o, fun\u00e7\u00e3o de \u201cru\u00eddo branco\u201d para indu\u00e7\u00e3o do sono, conectividade com a Alexa e dispositivos da casa, e criptografia de ponta que garante a seguran\u00e7a das imagens. \u00c9 o tipo de produto que transforma o cuidado com o beb\u00ea em uma experi\u00eancia conectada e inteligente.\u00a0Outro exemplo da moderniza\u00e7\u00e3o no setor \u00e9 a mamadeira que monitora a temperatura do leite. O kit com tr\u00eas unidades, al\u00e9m de possuir bico anat\u00f4mico antic\u00f3lica que imita o seio materno, alerta os pais quando o l\u00edquido est\u00e1 muito quente \u2014 um recurso especialmente \u00fatil para o dia a dia agitado de fam\u00edlias com rec\u00e9m-nascidos.<\/p>\n\n\n\n<p>\u201cO consumidor moderno busca mais do que praticidade: quer identidade, exclusividade e, acima de tudo, significado\u201d, afirma Renan Maroni Paim, organizador da feira. Segundo ele, a personaliza\u00e7\u00e3o virou um diferencial competitivo. Enxovais bordados na hora, mantas com frases escolhidas pelos pais e m\u00f3veis customizados para o quarto do beb\u00ea s\u00e3o cada vez mais procurados.A acessibilidade tamb\u00e9m \u00e9 um ponto forte do evento. H\u00e1 ofertas para todos os bolsos, com produtos a partir de R$ 1,99, o que inclui desde meias e bodies at\u00e9 pequenos acess\u00f3rios para o enxoval. E para quem busca itens mais robustos, op\u00e7\u00f5es como o ber\u00e7o &#8220;lado a lado&#8221;, que se acopla \u00e0 cama dos pais e se transforma em mala de viagem, tamb\u00e9m estar\u00e3o \u00e0 disposi\u00e7\u00e3o.\u00a0O cen\u00e1rio \u00e9 reflexo de um mercado em ascens\u00e3o. Segundo dados da consultoria Business Research Insights, o setor de produtos e servi\u00e7os para gestantes e beb\u00eas foi avaliado em R$ 14,49 bilh\u00f5es em 2023 e deve atingir R$ 23,57 bilh\u00f5es at\u00e9 2032, com um crescimento m\u00e9dio de 5,5% ao ano.Tecnologia, personaliza\u00e7\u00e3o, sustentabilidade e acessibilidade formam o novo alicerce do consumo materno-infantil no Brasil. E a Feira da Gestante Campinas se firma como um retrato atual dessa transforma\u00e7\u00e3o \u2014 um espa\u00e7o onde inova\u00e7\u00e3o e afeto caminham lado a lado.<\/p>\n\n\n\n<p><strong>Servi\u00e7o:<\/strong><br><strong>Feira da Gestante Campinas 2025<\/strong><\/p>\n\n\n\n<p>Local: ExpoBoulevard \u2013 complexo comercial do Shopping Iguatemi (ao lado da loja Tok&amp;Stok), na Av. Senador Darcy Ribeiro, 140, Vila Brandina, em Campinas.<\/p>\n\n\n\n<p>Data: 14 a 18 de maio de 2025<\/p>\n\n\n\n<p>Hor\u00e1rios: de quarta a sexta-feira, das 14h \u00e0s 22h; s\u00e1bado, das 10h \u00e0s 22h; domingo, das 14h \u00e0s 20h.<\/p>\n\n\n\n<p>Entrada gratuita<\/p>\n\n\n\n<p>Informa\u00e7\u00f5es: 21 96654-2258<\/p>\n","protected":false},"excerpt":{"rendered":"<p>Com pre\u00e7os a partir de R$ 1,99 e uma gama de produtos que v\u00e3o das chupetas ao mobili\u00e1rio completo para o beb\u00ea, o evento ser\u00e1 realizado de hoje a domingo no ExpoBoulevard Iguatemi Campinas. A entrada \u00e9 gratuita. Entre os produtos tecnol\u00f3gicos, est\u00e3o as bab\u00e1s eletr\u00f4nicas com intelig\u00eancia artificial que identificam o tipo de choro [&hellip;]<\/p>\n","protected":false},"author":7,"featured_media":27305,"comment_status":"closed","ping_status":"open","sticky":false,"template":"","format":"standard","meta":{"rop_custom_images_group":[],"rop_custom_messages_group":[],"rop_publish_now":"initial","rop_publish_now_accounts":[],"rop_publish_now_history":[],"rop_publish_now_status":"pending","footnotes":""},"categories":[272],"tags":[],"class_list":["post-27304","post","type-post","status-publish","format-standard","has-post-thumbnail","hentry","category-campinas"],"amp_enabled":true,"_links":{"self":[{"href":"https:\/\/imais.online\/portal\/wp-json\/wp\/v2\/posts\/27304","targetHints":{"allow":["GET"]}}],"collection":[{"href":"https:\/\/imais.online\/portal\/wp-json\/wp\/v2\/posts"}],"about":[{"href":"https:\/\/imais.online\/portal\/wp-json\/wp\/v2\/types\/post"}],"author":[{"embeddable":true,"href":"https:\/\/imais.online\/portal\/wp-json\/wp\/v2\/users\/7"}],"replies":[{"embeddable":true,"href":"https:\/\/imais.online\/portal\/wp-json\/wp\/v2\/comments?post=27304"}],"version-history":[{"count":1,"href":"https:\/\/imais.online\/portal\/wp-json\/wp\/v2\/posts\/27304\/revisions"}],"predecessor-version":[{"id":27306,"href":"https:\/\/imais.online\/portal\/wp-json\/wp\/v2\/posts\/27304\/revisions\/27306"}],"wp:featuredmedia":[{"embeddable":true,"href":"https:\/\/imais.online\/portal\/wp-json\/wp\/v2\/media\/27305"}],"wp:attachment":[{"href":"https:\/\/imais.online\/portal\/wp-json\/wp\/v2\/media?parent=27304"}],"wp:term":[{"taxonomy":"category","embeddable":true,"href":"https:\/\/imais.online\/portal\/wp-json\/wp\/v2\/categories?post=27304"},{"taxonomy":"post_tag","embeddable":true,"href":"https:\/\/imais.online\/portal\/wp-json\/wp\/v2\/tags?post=27304"}],"curies":[{"name":"wp","href":"https:\/\/api.w.org\/{rel}","templated":true}]}}