{"id":27307,"date":"2025-05-15T11:58:52","date_gmt":"2025-05-15T14:58:52","guid":{"rendered":"https:\/\/imais.online\/portal\/?p=27307"},"modified":"2025-05-15T11:58:53","modified_gmt":"2025-05-15T14:58:53","slug":"indaiatuba-interrompe-captacao-no-rio-jundiai-apos-vazamento-de-corante","status":"publish","type":"post","link":"https:\/\/imais.online\/portal\/indaiatuba-interrompe-captacao-no-rio-jundiai-apos-vazamento-de-corante\/","title":{"rendered":"Indaiatuba interrompe capta\u00e7\u00e3o no Rio Jundia\u00ed ap\u00f3s vazamento de corante"},"content":{"rendered":"<div class=\"imais-before-content-placement\" id=\"imais-800044339\"><script async src=\"\/\/pagead2.googlesyndication.com\/pagead\/js\/adsbygoogle.js?client=ca-pub-8787528412751566\" crossorigin=\"anonymous\"><\/script><ins class=\"adsbygoogle\" style=\"display:block;\" data-ad-client=\"ca-pub-8787528412751566\" \ndata-ad-slot=\"\" \ndata-ad-format=\"auto\"><\/ins>\n<script> \n(adsbygoogle = window.adsbygoogle || []).push({}); \n<\/script>\n<\/div>\n<p class=\"has-text-align-center\">Afluente \u00e9 utilizado esporadicamente para complementar o abastecimento do munic\u00edpio. Interrup\u00e7\u00e3o n\u00e3o prejudica o abastecimento da cidade.<\/p>\n\n\n\n<p>A\u00a0Prefeitura de\u00a0Indaiatuba (SP)\u00a0interrompeu, nesta quarta-feira (14), a capta\u00e7\u00e3o de \u00e1gua do Rio Jundia\u00ed\u00a0ap\u00f3s o C\u00f3rrego das Tulipas, de\u00a0Jundia\u00ed (SP), ser atingido por aproximadamente dois mil litros de corante derramado durante um acidente com uma carreta que transportava o l\u00edquido.<\/p>\n\n\n\n<p>Al\u00e9m de deixar a \u00e1gua azul no c\u00f3rrego, o\u00a0pigmento coloriu peixes e a plumagem de patos e gansos\u00a0que vivem no parque.<\/p>\n\n\n\n<p>O corante n\u00e3o havia chegado, at\u00e9 esta publica\u00e7\u00e3o, ao trecho do rio em Indaiatuba, mas como o manancial \u00e9 uma das fontes de abastecimento, a capta\u00e7\u00e3o foi interrompida.<\/p>\n\n\n\n<p>Segundo o Servi\u00e7o Aut\u00f4nomo de \u00c1gua e Esgotos (Saae) de Indaiatuba, a\u00a0interrup\u00e7\u00e3o da capta\u00e7\u00e3o n\u00e3o causou problema para o abastecimento da cidade, j\u00e1 que o munic\u00edpio tamb\u00e9m retira \u00e1gua de outros mananciais.<\/p>\n\n\n\n<p>De acordo com a prefeitura, o&nbsp;Rio Jundia\u00ed \u00e9 usado esporadicamente para complementar a capta\u00e7\u00e3o do munic\u00edpio quando os reservat\u00f3rios est\u00e3o baixos.<\/p>\n\n\n\n<p>O abastecimento geral \u00e9 realizado principalmente pelo Ribeir\u00e3o Pira\u00ed e outros cinco afluentes. S\u00e3o eles:<\/p>\n\n\n\n<ul class=\"wp-block-list\">\n<li>Rio Capivari-Mirim<\/li>\n\n\n\n<li>Represando Cupini<\/li>\n\n\n\n<li>Represa do Morungaba<\/li>\n\n\n\n<li>C\u00f3rrego da Barrinha<\/li>\n\n\n\n<li>C\u00f3rrego do Barnab\u00e9<\/li>\n<\/ul>\n\n\n\n<p>O Saae informou ainda que, apesar do monitoramento local n\u00e3o identificar nenhuma altera\u00e7\u00e3o na \u00e1gua na regi\u00e3o de Indaiatuba, o servi\u00e7o segue coletando e analisando de tempos em tempos a \u00e1gua do rio. A Companhia Ambiental do Estado (Cetesb) tamb\u00e9m monitora a situa\u00e7\u00e3o.<\/p>\n\n\n\n<p>Ainda segundo o Saae, a capita\u00e7\u00e3o ser\u00e1 retornada somente ap\u00f3s o descarte se dissipar e a Cetesb autorizar.<\/p>\n\n\n\n<h2 class=\"wp-block-heading\">Corante derramado<\/h2>\n\n\n\n<figure class=\"wp-block-image size-large\"><img loading=\"lazy\" decoding=\"async\" width=\"1024\" height=\"691\" src=\"https:\/\/imais.online\/portal\/wp-content\/uploads\/2025\/05\/derrame-1024x691.png\" alt=\"\" class=\"wp-image-27309\" srcset=\"https:\/\/imais.online\/portal\/wp-content\/uploads\/2025\/05\/derrame-1024x691.png 1024w, https:\/\/imais.online\/portal\/wp-content\/uploads\/2025\/05\/derrame-300x203.png 300w, https:\/\/imais.online\/portal\/wp-content\/uploads\/2025\/05\/derrame-768x518.png 768w, https:\/\/imais.online\/portal\/wp-content\/uploads\/2025\/05\/derrame-1536x1037.png 1536w, https:\/\/imais.online\/portal\/wp-content\/uploads\/2025\/05\/derrame.png 1600w\" sizes=\"auto, (max-width: 1024px) 100vw, 1024px\" \/><\/figure>\n\n\n\n<p>Motorista informou que estava fora do caminh\u00e3o quando o ve\u00edculo desceu e atingiu o poste \u2014 Foto: Jornal da Regi\u00e3o\/Divulga\u00e7\u00e3o<\/p>\n\n\n\n<p>O derramamento come\u00e7ou ap\u00f3s uma carreta colidir com um poste no bairro Jardim Tulipas, em Jundia\u00ed, na ter\u00e7a-feira (13). Com a batida, o produto qu\u00edmico escorreu para o C\u00f3rrego das Tulipas e alterou a colora\u00e7\u00e3o da \u00e1gua, al\u00e9m de tingir de azul alguns animais que vivem no local.<\/p>\n\n\n\n<p>O corante \u00e9 utilizado para tingir embalagens, como caixas de ovos, e tem odor forte.&nbsp;Segundo o motorista, ele estava fora do ve\u00edculo quando o caminh\u00e3o desceu e atingiu o poste.<\/p>\n\n\n\n<p>Equipes da Defesa Civil e da Cetesb visitaram a empresa respons\u00e1vel pela fabrica\u00e7\u00e3o da subst\u00e2ncia, localizada no bairro Engordadouro, em Jundia\u00ed.<\/p>\n\n\n\n<p>Segundo a Cetesb, o&nbsp;produto cont\u00e9m \u00e1cido ac\u00e9tico e apresenta baixa toxicidade.&nbsp;Ao entrar em contato com a \u00e1gua, o corante, que estava concentrado, foi dilu\u00eddo.<\/p>\n\n\n\n<p>A Cetesb disse ainda que foram realizados testes na \u00e1gua que comprovaram que o\u00a0c\u00f3rrego n\u00e3o foi contaminado.\u00a0Al\u00e9m disso, em breve, a companhia apresentar\u00e1, as medidas administrativas cab\u00edveis.<\/p>\n\n\n\n<p>A Associa\u00e7\u00e3o Mata Ciliar, entidade que desenvolve a\u00e7\u00f5es para a conserva\u00e7\u00e3o da biodiversidade e que tem parceria com prefeituras da regi\u00e3o de Jundia\u00ed, informou que&nbsp;tr\u00eas gansos e um pato foram resgatados e passaram por procedimentos de desintoxica\u00e7\u00e3o.<\/p>\n\n\n\n<p>A associa\u00e7\u00e3o tamb\u00e9m procurou por capivaras que costumam ficar na \u00e1rea e que tamb\u00e9m podem ter sido atingidas pela subst\u00e2ncia. Na manh\u00e3 de quarta-feira (14),&nbsp;foram encontrados mais de 100 peixes mortos no c\u00f3rrego.<\/p>\n\n\n\n<p>Em rela\u00e7\u00e3o \u00e0s aves, a Cetesb informou que at\u00e9 a noite de quarta-feira, foi apurado que o produto provocou apenas mudan\u00e7a na colora\u00e7\u00e3o das penas e que os animais n\u00e3o apresentaram sintomas de intoxica\u00e7\u00e3o.<\/p>\n\n\n\n<p>Fonte: g1 Campinas<\/p>\n","protected":false},"excerpt":{"rendered":"<p>Afluente \u00e9 utilizado esporadicamente para complementar o abastecimento do munic\u00edpio. Interrup\u00e7\u00e3o n\u00e3o prejudica o abastecimento da cidade. A\u00a0Prefeitura de\u00a0Indaiatuba (SP)\u00a0interrompeu, nesta quarta-feira (14), a capta\u00e7\u00e3o de \u00e1gua do Rio Jundia\u00ed\u00a0ap\u00f3s o C\u00f3rrego das Tulipas, de\u00a0Jundia\u00ed (SP), ser atingido por aproximadamente dois mil litros de corante derramado durante um acidente com uma carreta que transportava o [&hellip;]<\/p>\n","protected":false},"author":7,"featured_media":27308,"comment_status":"closed","ping_status":"open","sticky":false,"template":"","format":"standard","meta":{"rop_custom_images_group":[],"rop_custom_messages_group":[],"rop_publish_now":"initial","rop_publish_now_accounts":[],"rop_publish_now_history":[],"rop_publish_now_status":"pending","footnotes":""},"categories":[188],"tags":[73],"class_list":["post-27307","post","type-post","status-publish","format-standard","has-post-thumbnail","hentry","category-indaiatuba","tag-featured"],"amp_enabled":true,"_links":{"self":[{"href":"https:\/\/imais.online\/portal\/wp-json\/wp\/v2\/posts\/27307","targetHints":{"allow":["GET"]}}],"collection":[{"href":"https:\/\/imais.online\/portal\/wp-json\/wp\/v2\/posts"}],"about":[{"href":"https:\/\/imais.online\/portal\/wp-json\/wp\/v2\/types\/post"}],"author":[{"embeddable":true,"href":"https:\/\/imais.online\/portal\/wp-json\/wp\/v2\/users\/7"}],"replies":[{"embeddable":true,"href":"https:\/\/imais.online\/portal\/wp-json\/wp\/v2\/comments?post=27307"}],"version-history":[{"count":1,"href":"https:\/\/imais.online\/portal\/wp-json\/wp\/v2\/posts\/27307\/revisions"}],"predecessor-version":[{"id":27310,"href":"https:\/\/imais.online\/portal\/wp-json\/wp\/v2\/posts\/27307\/revisions\/27310"}],"wp:featuredmedia":[{"embeddable":true,"href":"https:\/\/imais.online\/portal\/wp-json\/wp\/v2\/media\/27308"}],"wp:attachment":[{"href":"https:\/\/imais.online\/portal\/wp-json\/wp\/v2\/media?parent=27307"}],"wp:term":[{"taxonomy":"category","embeddable":true,"href":"https:\/\/imais.online\/portal\/wp-json\/wp\/v2\/categories?post=27307"},{"taxonomy":"post_tag","embeddable":true,"href":"https:\/\/imais.online\/portal\/wp-json\/wp\/v2\/tags?post=27307"}],"curies":[{"name":"wp","href":"https:\/\/api.w.org\/{rel}","templated":true}]}}