{"id":27311,"date":"2025-05-15T19:51:22","date_gmt":"2025-05-15T22:51:22","guid":{"rendered":"https:\/\/imais.online\/portal\/?p=27311"},"modified":"2025-05-15T19:51:23","modified_gmt":"2025-05-15T22:51:23","slug":"com-mais-fiscalizacao-multas-por-dirigir-alcoolizado-aumentam-838","status":"publish","type":"post","link":"https:\/\/imais.online\/portal\/com-mais-fiscalizacao-multas-por-dirigir-alcoolizado-aumentam-838\/","title":{"rendered":"Com mais fiscaliza\u00e7\u00e3o, multas por dirigir alcoolizado aumentam 83,8%"},"content":{"rendered":"<div class=\"imais-before-content-placement\" id=\"imais-2739368513\"><script async src=\"\/\/pagead2.googlesyndication.com\/pagead\/js\/adsbygoogle.js?client=ca-pub-8787528412751566\" crossorigin=\"anonymous\"><\/script><ins class=\"adsbygoogle\" style=\"display:block;\" data-ad-client=\"ca-pub-8787528412751566\" \ndata-ad-slot=\"\" \ndata-ad-format=\"auto\"><\/ins>\n<script> \n(adsbygoogle = window.adsbygoogle || []).push({}); \n<\/script>\n<\/div>\n<p class=\"has-text-align-center\">Governo de S\u00e3o Paulo quase triplicou n\u00famero de ve\u00edculos fiscalizados entre 2022 e 2024<\/p>\n\n\n\n<p>As multas por dirigir embriagado aumentaram 83,8% no estado de S\u00e3o Paulo entre 2022 e 2024. O n\u00famero de multas pulou de 6,9 mil para 12,7 mil. Nesse per\u00edodo,\u00a0o Governo de S\u00e3o Paulo intensificou a fiscaliza\u00e7\u00e3o nas ruas: o n\u00famero de ve\u00edculos fiscalizados praticamente triplicou: foi de 142,3 mil para 402,2 mil. Essa \u00e9 uma das iniciativas estaduais de destaque nesse Maio Amarelo, m\u00eas de conscientiza\u00e7\u00e3o para a seguran\u00e7a no tr\u00e2nsito.<\/p>\n\n\n\n<p>Os n\u00fameros fazem parte das opera\u00e7\u00f5es que s\u00e3o uma das formas de aplicar e fiscalizar a\u00a0Lei Seca. Essa legisla\u00e7\u00e3o nacional, que completa 17 anos em 2025, pro\u00edbe o consumo de \u00e1lcool ao dirigir. A opera\u00e7\u00e3o conta com a participa\u00e7\u00e3o do Detran-SP e das pol\u00edcias Civil, Militar e T\u00e9cnico-Cient\u00edfica. Entre as a\u00e7\u00f5es, a opera\u00e7\u00e3o realiza testes de baf\u00f4metro e a\u00e7\u00f5es educativas sobre dire\u00e7\u00e3o segura.<\/p>\n\n\n\n<p>Dados dos primeiros quatro meses de 2025 mostram que o Detran-SP registrou uma m\u00e9dia de 71 infra\u00e7\u00f5es relacionadas ao uso de \u00e1lcool ao dirigir em todo o estado. Entre janeiro e abril, foram 8,4 mil infra\u00e7\u00f5es e 175,6 mil ve\u00edculos fiscalizados.<\/p>\n\n\n\n<p>Levantamento da\u00a0<strong>Ag\u00eancia SP<\/strong>\u00a0feito no\u00a0portal Infosiga\u00a0mostra que as ocorr\u00eancias de tr\u00e2nsito concentram-se nos fins de semana, principalmente entre sexta e domingo na parte da noite. \u201cEsses condutores acabam consumindo \u00e1lcool e assumindo a dire\u00e7\u00e3o dos ve\u00edculos, o que gera esses indicadores justamente nesse per\u00edodo. N\u00f3s orientamos que a pessoa pode confraternizar, mas n\u00e3o pode fazer a soma da bebida com a dire\u00e7\u00e3o do ve\u00edculo\u201d, explica Eduardo Gomes, superintendente do Detran-SP.<\/p>\n\n\n\n<h2 class=\"wp-block-heading\">Por que h\u00e1 mais infra\u00e7\u00f5es?<\/h2>\n\n\n\n<p>De acordo com Gomes, o aumento de infra\u00e7\u00f5es pode ser explicado pelo aumento das fiscaliza\u00e7\u00f5es. Al\u00e9m disso, as opera\u00e7\u00f5es usam etil\u00f4metros mais modernos, o que d\u00e1 mais agilidade e fluidez \u00e0 fiscaliza\u00e7\u00e3o. Com isso, as a\u00e7\u00f5es est\u00e3o cada vez mais efetivas. Entre 2022 e 2023, o n\u00famero de opera\u00e7\u00f5es aumentou 48,1%. Enquanto isso, o crescimento no n\u00famero de ve\u00edculos fiscalizados foi consideravelmente maior: 182,6%.<\/p>\n\n\n\n<h2 class=\"wp-block-heading\">A\u00e7\u00f5es do Governo de S\u00e3o Paulo<\/h2>\n\n\n\n<p>Entre as a\u00e7\u00f5es de conscientiza\u00e7\u00e3o do Detran-SP est\u00e3o campanhas educativas nas ruas, o refor\u00e7o nas blitze da Lei Seca \u2014 com aumento de 42% nas opera\u00e7\u00f5es \u2014 e o lan\u00e7amento do mote \u201cO importante \u00e9 chegar. Respeite os limites de velocidade\u201d, que destaca o excesso de velocidade como principal fator de risco no tr\u00e2nsito. Tamb\u00e9m integra a programa\u00e7\u00e3o o simulador de impacto, em parceria com a Artesp, que permite ao p\u00fablico sentir os efeitos de uma colis\u00e3o mesmo a 5 km\/h.<\/p>\n\n\n\n<p>Outras frentes incluem a\u00a0a\u00e7\u00e3o \u201cSinal de Respeito\u201d, que estimula empatia com pedestres, e a campanha \u201cFaz seu corre sem correr\u201d, voltada a motociclistas, com foco no uso de equipamentos de prote\u00e7\u00e3o e dire\u00e7\u00e3o segura. Nos dias 15 e 16, ser\u00e1 realizado o Circuito Abraciclo, com atividades educativas espec\u00edficas para quem anda sobre duas rodas.<\/p>\n","protected":false},"excerpt":{"rendered":"<p>Governo de S\u00e3o Paulo quase triplicou n\u00famero de ve\u00edculos fiscalizados entre 2022 e 2024 As multas por dirigir embriagado aumentaram 83,8% no estado de S\u00e3o Paulo entre 2022 e 2024. O n\u00famero de multas pulou de 6,9 mil para 12,7 mil. Nesse per\u00edodo,\u00a0o Governo de S\u00e3o Paulo intensificou a fiscaliza\u00e7\u00e3o nas ruas: o n\u00famero de [&hellip;]<\/p>\n","protected":false},"author":7,"featured_media":27312,"comment_status":"closed","ping_status":"open","sticky":false,"template":"","format":"standard","meta":{"rop_custom_images_group":[],"rop_custom_messages_group":[],"rop_publish_now":"initial","rop_publish_now_accounts":[],"rop_publish_now_history":[],"rop_publish_now_status":"pending","footnotes":""},"categories":[195],"tags":[],"class_list":["post-27311","post","type-post","status-publish","format-standard","has-post-thumbnail","hentry","category-sao-paulo"],"amp_enabled":true,"_links":{"self":[{"href":"https:\/\/imais.online\/portal\/wp-json\/wp\/v2\/posts\/27311","targetHints":{"allow":["GET"]}}],"collection":[{"href":"https:\/\/imais.online\/portal\/wp-json\/wp\/v2\/posts"}],"about":[{"href":"https:\/\/imais.online\/portal\/wp-json\/wp\/v2\/types\/post"}],"author":[{"embeddable":true,"href":"https:\/\/imais.online\/portal\/wp-json\/wp\/v2\/users\/7"}],"replies":[{"embeddable":true,"href":"https:\/\/imais.online\/portal\/wp-json\/wp\/v2\/comments?post=27311"}],"version-history":[{"count":1,"href":"https:\/\/imais.online\/portal\/wp-json\/wp\/v2\/posts\/27311\/revisions"}],"predecessor-version":[{"id":27313,"href":"https:\/\/imais.online\/portal\/wp-json\/wp\/v2\/posts\/27311\/revisions\/27313"}],"wp:featuredmedia":[{"embeddable":true,"href":"https:\/\/imais.online\/portal\/wp-json\/wp\/v2\/media\/27312"}],"wp:attachment":[{"href":"https:\/\/imais.online\/portal\/wp-json\/wp\/v2\/media?parent=27311"}],"wp:term":[{"taxonomy":"category","embeddable":true,"href":"https:\/\/imais.online\/portal\/wp-json\/wp\/v2\/categories?post=27311"},{"taxonomy":"post_tag","embeddable":true,"href":"https:\/\/imais.online\/portal\/wp-json\/wp\/v2\/tags?post=27311"}],"curies":[{"name":"wp","href":"https:\/\/api.w.org\/{rel}","templated":true}]}}