{"id":27317,"date":"2025-05-16T14:24:24","date_gmt":"2025-05-16T17:24:24","guid":{"rendered":"https:\/\/imais.online\/portal\/?p=27317"},"modified":"2025-05-16T14:24:25","modified_gmt":"2025-05-16T17:24:25","slug":"nucleo-de-canto-coral-da-cultura-apresenta-concerto-em-homenagem-a-milton-nascimento","status":"publish","type":"post","link":"https:\/\/imais.online\/portal\/nucleo-de-canto-coral-da-cultura-apresenta-concerto-em-homenagem-a-milton-nascimento\/","title":{"rendered":"N\u00facleo de Canto Coral da Cultura apresenta concerto em homenagem a Milton Nascimento"},"content":{"rendered":"<div class=\"imais-before-content-placement\" id=\"imais-3421671760\"><script async src=\"\/\/pagead2.googlesyndication.com\/pagead\/js\/adsbygoogle.js?client=ca-pub-8787528412751566\" crossorigin=\"anonymous\"><\/script><ins class=\"adsbygoogle\" style=\"display:block;\" data-ad-client=\"ca-pub-8787528412751566\" \ndata-ad-slot=\"\" \ndata-ad-format=\"auto\"><\/ins>\n<script> \n(adsbygoogle = window.adsbygoogle || []).push({}); \n<\/script>\n<\/div>\n<p class=\"has-text-align-center\"><em>No mesmo dia Felipe Coelho Noneto apresenta show tamb\u00e9m no Ciaei<\/em><\/p>\n\n\n\n<p>Como parte da programa\u00e7\u00e3o do Maio Musical 2025, o N\u00facleo de Canto Coral da Secretaria Municipal de Cultura apresenta, na quinta-feira, dia 22 de maio \u00e0s 20h30, na Sala Acr\u00edsio de Camargo, no CIAEI, um concerto especial em homenagem a Milton Nascimento, um dos maiores \u00edcones da m\u00fasica popular brasileira.<\/p>\n\n\n\n<p>Sob reg\u00eancia da maestra Sonia Di Morais, o espet\u00e1culo re\u00fane todos os grupos que comp\u00f5em o N\u00facleo, s\u00e3o eles o Coral Infantil, Coral Juvenil, o tradicional Coral da Cidade e a Academia de Voz. O repert\u00f3rio percorre momentos marcantes da carreira de Milton, com can\u00e7\u00f5es como &#8220;Travessia&#8221;, &#8220;Maria Maria\u201d, celebrando sua obra atemporal, marcada por lirismo, espiritualidade e engajamento social.<\/p>\n\n\n\n<p>Com dire\u00e7\u00e3o art\u00edstica e musical assinada por Sonia Di Morais, o concerto tamb\u00e9m destaca o trabalho de forma\u00e7\u00e3o vocal e coral realizado na cidade, integrando crian\u00e7as, jovens e adultos em uma experi\u00eancia coletiva de alta qualidade est\u00e9tica e emocional.<\/p>\n\n\n\n<p>\u201cCantar Milton \u00e9 mergulhar nas profundezas da alma brasileira. \u00c9 uma forma de reverenciar nossa hist\u00f3ria e afirmar nossa identidade cultural por meio da m\u00fasica\u201d, afirma a regente.<\/p>\n\n\n\n<p>O concerto refor\u00e7a o compromisso da Secretaria de Cultura de Indaiatuba com a valoriza\u00e7\u00e3o da m\u00fasica brasileira e o est\u00edmulo \u00e0 participa\u00e7\u00e3o ativa da comunidade em manifesta\u00e7\u00f5es art\u00edsticas, a entrada \u00e9 gratuita.<\/p>\n\n\n\n<p>No mesmo dia, \u00e0s 19h30, tem o show Felipe Coelho Noneto com Caminhos Subjetivos. O projeto apresenta m\u00fasica instrumental brasileira autoral, com composi\u00e7\u00f5es e arranjos de Felipe Coelho, trombonista e diretor musical do grupo, e explora a diversidade r\u00edtmica e harm\u00f4nica da m\u00fasica brasileira por meio de uma forma\u00e7\u00e3o singular, composta por uma se\u00e7\u00e3o de sopros (2 trompetes, 2 trombones e 2 saxofones) e a tradicional cozinha de big band (piano, contrabaixo e bateria).<\/p>\n\n\n\n<p>A proposta re\u00fane elementos da bossa nova, do samba e de outros g\u00eaneros nacionais, construindo uma sonoridade contempor\u00e2nea que valoriza tanto a tradi\u00e7\u00e3o quanto a inova\u00e7\u00e3o. O Noneto permite arranjos sofisticados e uma rica paleta de timbres, oferecendo ao p\u00fablico uma experi\u00eancia musical imersiva e envolvente.<\/p>\n\n\n\n<p><strong>Servi\u00e7o:<\/strong><\/p>\n\n\n\n<p><strong>Data: 22 de maio<\/strong><\/p>\n\n\n\n<p>19h30 &#8211; Felipe Coelho Noneto<\/p>\n\n\n\n<p>20h30 &#8211; N\u00facleo de Canto Coral da Secult canta &#8220;Milton Nascimento\u201d<\/p>\n\n\n\n<p>Local: Ciaei &#8211; Av. Eng. F\u00e1bio Roberto Barnab\u00e9, 3665 &#8211; Jardim Regina, Indaiatuba<\/p>\n","protected":false},"excerpt":{"rendered":"<p>No mesmo dia Felipe Coelho Noneto apresenta show tamb\u00e9m no Ciaei Como parte da programa\u00e7\u00e3o do Maio Musical 2025, o N\u00facleo de Canto Coral da Secretaria Municipal de Cultura apresenta, na quinta-feira, dia 22 de maio \u00e0s 20h30, na Sala Acr\u00edsio de Camargo, no CIAEI, um concerto especial em homenagem a Milton Nascimento, um dos [&hellip;]<\/p>\n","protected":false},"author":7,"featured_media":27318,"comment_status":"closed","ping_status":"open","sticky":false,"template":"","format":"standard","meta":{"rop_custom_images_group":[],"rop_custom_messages_group":[],"rop_publish_now":"initial","rop_publish_now_accounts":[],"rop_publish_now_history":[],"rop_publish_now_status":"pending","footnotes":""},"categories":[200,188],"tags":[],"class_list":["post-27317","post","type-post","status-publish","format-standard","has-post-thumbnail","hentry","category-cultura","category-indaiatuba"],"amp_enabled":true,"_links":{"self":[{"href":"https:\/\/imais.online\/portal\/wp-json\/wp\/v2\/posts\/27317","targetHints":{"allow":["GET"]}}],"collection":[{"href":"https:\/\/imais.online\/portal\/wp-json\/wp\/v2\/posts"}],"about":[{"href":"https:\/\/imais.online\/portal\/wp-json\/wp\/v2\/types\/post"}],"author":[{"embeddable":true,"href":"https:\/\/imais.online\/portal\/wp-json\/wp\/v2\/users\/7"}],"replies":[{"embeddable":true,"href":"https:\/\/imais.online\/portal\/wp-json\/wp\/v2\/comments?post=27317"}],"version-history":[{"count":1,"href":"https:\/\/imais.online\/portal\/wp-json\/wp\/v2\/posts\/27317\/revisions"}],"predecessor-version":[{"id":27319,"href":"https:\/\/imais.online\/portal\/wp-json\/wp\/v2\/posts\/27317\/revisions\/27319"}],"wp:featuredmedia":[{"embeddable":true,"href":"https:\/\/imais.online\/portal\/wp-json\/wp\/v2\/media\/27318"}],"wp:attachment":[{"href":"https:\/\/imais.online\/portal\/wp-json\/wp\/v2\/media?parent=27317"}],"wp:term":[{"taxonomy":"category","embeddable":true,"href":"https:\/\/imais.online\/portal\/wp-json\/wp\/v2\/categories?post=27317"},{"taxonomy":"post_tag","embeddable":true,"href":"https:\/\/imais.online\/portal\/wp-json\/wp\/v2\/tags?post=27317"}],"curies":[{"name":"wp","href":"https:\/\/api.w.org\/{rel}","templated":true}]}}