{"id":27320,"date":"2025-05-16T14:42:05","date_gmt":"2025-05-16T17:42:05","guid":{"rendered":"https:\/\/imais.online\/portal\/?p=27320"},"modified":"2025-05-16T14:53:01","modified_gmt":"2025-05-16T17:53:01","slug":"prefeitura-instala-semaforo-no-cruzamento-das-ruas-quinze-de-novembro-e-humaita","status":"publish","type":"post","link":"https:\/\/imais.online\/portal\/prefeitura-instala-semaforo-no-cruzamento-das-ruas-quinze-de-novembro-e-humaita\/","title":{"rendered":"Prefeitura instala sem\u00e1foro no cruzamento das ruas Quinze de Novembro e Humait\u00e1"},"content":{"rendered":"<div class=\"imais-before-content-placement\" id=\"imais-949293833\"><script async src=\"\/\/pagead2.googlesyndication.com\/pagead\/js\/adsbygoogle.js?client=ca-pub-8787528412751566\" crossorigin=\"anonymous\"><\/script><ins class=\"adsbygoogle\" style=\"display:block;\" data-ad-client=\"ca-pub-8787528412751566\" \ndata-ad-slot=\"\" \ndata-ad-format=\"auto\"><\/ins>\n<script> \n(adsbygoogle = window.adsbygoogle || []).push({}); \n<\/script>\n<\/div>\n<p class=\"has-text-align-center\"><em>Previs\u00e3o \u00e9 de que o equipamento entre em opera\u00e7\u00e3o na pr\u00f3xima semana<\/em><\/p>\n\n\n\n<p>A Secretaria de Obras e Vias P\u00fablicas iniciou a instala\u00e7\u00e3o de um sem\u00e1foro no cruzamento das ruas Quinze de Novembro com a Humait\u00e1. Trata-se de um cruzamento da regi\u00e3o central da cidade que recebe um fluxo grande de ve\u00edculos diariamente, onde foi constatada a necessidade de interven\u00e7\u00f5es que promovam mais seguran\u00e7a aos usu\u00e1rios das vias. A previs\u00e3o \u00e9 de que o sem\u00e1foro esteja funcionando na pr\u00f3xima semana.<\/p>\n\n\n\n<p>Em janeiro, a Prefeitura concluiu a reformula\u00e7\u00e3o de tr\u00e2nsito no cruzamento das avenidas Manoel Ruz Peres e Padre Arthur Lupurine Sampaio, que recebeu um sistema semaf\u00f3rico com botoeiras para tamb\u00e9m garantir a travessia de pedestres de forma segura. Na ocasi\u00e3o, o prefeito Dr. Cust\u00f3dio Tavares refor\u00e7ou a import\u00e2ncia de investir em infraestrutura vi\u00e1ria para fazer o tr\u00e2nsito de Indaiatuba mais seguro. \u201cEstamos com importantes projetos mobilidade urbana em fase de desenvolvimento e vamos, gradativamente, melhorando o tr\u00e2nsito em nossa cidade\u201d, informou o prefeito.<\/p>\n\n\n\n<p>O Departamento Municipal de Tr\u00e2nsito (Demutran) tamb\u00e9m continua o monitoramento em pontos da cidade que registram um volume grande de reclama\u00e7\u00f5es de mun\u00edcipes e que apresentam mais riscos de acidentes de tr\u00e2nsito. A proposta \u00e9 avaliar a necessidade e a possibilidade de reformula\u00e7\u00f5es de tr\u00e2nsito, de implanta\u00e7\u00e3o de dispositivos de ordenamento de ve\u00edculos ou de controle de velocidade.<\/p>\n","protected":false},"excerpt":{"rendered":"<p>Previs\u00e3o \u00e9 de que o equipamento entre em opera\u00e7\u00e3o na pr\u00f3xima semana A Secretaria de Obras e Vias P\u00fablicas iniciou a instala\u00e7\u00e3o de um sem\u00e1foro no cruzamento das ruas Quinze de Novembro com a Humait\u00e1. Trata-se de um cruzamento da regi\u00e3o central da cidade que recebe um fluxo grande de ve\u00edculos diariamente, onde foi constatada [&hellip;]<\/p>\n","protected":false},"author":7,"featured_media":27321,"comment_status":"closed","ping_status":"open","sticky":false,"template":"","format":"standard","meta":{"rop_custom_images_group":[],"rop_custom_messages_group":[],"rop_publish_now":"initial","rop_publish_now_accounts":[],"rop_publish_now_history":[],"rop_publish_now_status":"pending","footnotes":""},"categories":[188],"tags":[73],"class_list":["post-27320","post","type-post","status-publish","format-standard","has-post-thumbnail","hentry","category-indaiatuba","tag-featured"],"amp_enabled":true,"_links":{"self":[{"href":"https:\/\/imais.online\/portal\/wp-json\/wp\/v2\/posts\/27320","targetHints":{"allow":["GET"]}}],"collection":[{"href":"https:\/\/imais.online\/portal\/wp-json\/wp\/v2\/posts"}],"about":[{"href":"https:\/\/imais.online\/portal\/wp-json\/wp\/v2\/types\/post"}],"author":[{"embeddable":true,"href":"https:\/\/imais.online\/portal\/wp-json\/wp\/v2\/users\/7"}],"replies":[{"embeddable":true,"href":"https:\/\/imais.online\/portal\/wp-json\/wp\/v2\/comments?post=27320"}],"version-history":[{"count":1,"href":"https:\/\/imais.online\/portal\/wp-json\/wp\/v2\/posts\/27320\/revisions"}],"predecessor-version":[{"id":27322,"href":"https:\/\/imais.online\/portal\/wp-json\/wp\/v2\/posts\/27320\/revisions\/27322"}],"wp:featuredmedia":[{"embeddable":true,"href":"https:\/\/imais.online\/portal\/wp-json\/wp\/v2\/media\/27321"}],"wp:attachment":[{"href":"https:\/\/imais.online\/portal\/wp-json\/wp\/v2\/media?parent=27320"}],"wp:term":[{"taxonomy":"category","embeddable":true,"href":"https:\/\/imais.online\/portal\/wp-json\/wp\/v2\/categories?post=27320"},{"taxonomy":"post_tag","embeddable":true,"href":"https:\/\/imais.online\/portal\/wp-json\/wp\/v2\/tags?post=27320"}],"curies":[{"name":"wp","href":"https:\/\/api.w.org\/{rel}","templated":true}]}}