{"id":27323,"date":"2025-05-16T15:18:18","date_gmt":"2025-05-16T18:18:18","guid":{"rendered":"https:\/\/imais.online\/portal\/?p=27323"},"modified":"2025-05-16T15:18:19","modified_gmt":"2025-05-16T18:18:19","slug":"campinas-e-sede-do-maior-evento-do-setor-funerario-do-brasil","status":"publish","type":"post","link":"https:\/\/imais.online\/portal\/campinas-e-sede-do-maior-evento-do-setor-funerario-do-brasil\/","title":{"rendered":"Campinas \u00e9 sede do maior evento do setor funer\u00e1rio do Brasil"},"content":{"rendered":"<div class=\"imais-before-content-placement\" id=\"imais-2774123213\"><script async src=\"\/\/pagead2.googlesyndication.com\/pagead\/js\/adsbygoogle.js?client=ca-pub-8787528412751566\" crossorigin=\"anonymous\"><\/script><ins class=\"adsbygoogle\" style=\"display:block;\" data-ad-client=\"ca-pub-8787528412751566\" \ndata-ad-slot=\"\" \ndata-ad-format=\"auto\"><\/ins>\n<script> \n(adsbygoogle = window.adsbygoogle || []).push({}); \n<\/script>\n<\/div>\n<p class=\"has-text-align-center\"><em>Em 5\u00aa edi\u00e7\u00e3o, Exponaf vai reunir mais de 100 expositores no Expo D. Pedro e espera receber milhares de visitantes<\/em><\/p>\n\n\n\n<p>O segmento de&nbsp;<em>death care<\/em>, a exemplo do que ocorre nos Estados Unidos e na Europa, consolida-se no Brasil com um faturamento expressivo. De acordo com levantamento realizado pela Zurik Advisors, servi\u00e7os e planos funer\u00e1rios movimentam mais de R$ 13 bilh\u00f5es ao ano no Pa\u00eds. Reflexo das inova\u00e7\u00f5es e da profissionaliza\u00e7\u00e3o do setor, a Exposi\u00e7\u00e3o Nacional de Artigos Funer\u00e1rios (Exponaf) chega \u00e0 5\u00aa edi\u00e7\u00e3o como o evento mais importante do segmento no Brasil e um dos mais expressivos do mercado internacional. Realizada de 21 a 23 de maio, no Expo D. Pedro, em Campinas (SP), a Exponaf vai reunir mais de 100 expositores em uma estrutura de 10 mil m2.<\/p>\n\n\n\n<p>Cada vez mais abrangentes, os servi\u00e7os funer\u00e1rios n\u00e3o se limitam a preparar vel\u00f3rios e realizar sepultamentos. Planejamento da cerim\u00f4nia, assist\u00eancia aos tr\u00e2mites burocr\u00e1ticos s\u00e3o alguns entre muitos trabalhos desempenhados por profissionais especializados do segmento.<\/p>\n\n\n\n<p>Al\u00e9m de reunir representantes de sindicatos e associa\u00e7\u00f5es, a Exponaf escolhe o Complexo Expo D. Pedro, um dos maiores espa\u00e7os multiuso para eventos do Pa\u00eds, para expor produtos e servi\u00e7os inovadores em\u00a0<em>death care<\/em>. O evento tamb\u00e9m favorece o networking entre profissionais do setor, capacita\u00e7\u00e3o e conhecimento por meio de palestras e debates.<\/p>\n\n\n\n<figure class=\"wp-block-image size-large\"><img loading=\"lazy\" decoding=\"async\" width=\"1024\" height=\"682\" src=\"https:\/\/imais.online\/portal\/wp-content\/uploads\/2025\/05\/WhatsApp-Image-2025-05-16-at-10.29.11-1024x682.jpg\" alt=\"\" class=\"wp-image-27325\" srcset=\"https:\/\/imais.online\/portal\/wp-content\/uploads\/2025\/05\/WhatsApp-Image-2025-05-16-at-10.29.11-1024x682.jpg 1024w, https:\/\/imais.online\/portal\/wp-content\/uploads\/2025\/05\/WhatsApp-Image-2025-05-16-at-10.29.11-300x200.jpg 300w, https:\/\/imais.online\/portal\/wp-content\/uploads\/2025\/05\/WhatsApp-Image-2025-05-16-at-10.29.11-768x512.jpg 768w, https:\/\/imais.online\/portal\/wp-content\/uploads\/2025\/05\/WhatsApp-Image-2025-05-16-at-10.29.11-1536x1023.jpg 1536w, https:\/\/imais.online\/portal\/wp-content\/uploads\/2025\/05\/WhatsApp-Image-2025-05-16-at-10.29.11.jpg 1600w\" sizes=\"auto, (max-width: 1024px) 100vw, 1024px\" \/><\/figure>\n\n\n\n<p>\u201cA Exponaf \u00e9 uma oportunidade para que profissionais e empresas do setor funer\u00e1rio, n\u00e3o s\u00f3 do Brasil, mas tamb\u00e9m do Exterior, tenham acesso a tecnologia, inova\u00e7\u00e3o e conhecimento em um \u00fanico lugar\u201d, afirma Marceli Oliveira, superintendente do Expo D. Pedro. \u201cO Complexo, com toda a estrutura e comodidade exigidas por um evento de grande porte como este, tem a expectativa de receber milhares de visitantes\u201d, completa.<\/p>\n\n\n\n<p>As palestras e os encontros realizados nos tr\u00eas dias do evento contam com a participa\u00e7\u00e3o de especialistas renomados, como Regina Gianetti, que aborda o tema \u201cSa\u00fade mental\u201d. Eduardo Tevah traz reflex\u00f5es sobre \u201cA era da constru\u00e7\u00e3o do cliente\u201d. Nome de peso, Luis Rasquilha discute tend\u00eancias do futuro, enquanto Renata Barcelos apresenta&nbsp;<em>insights<\/em>&nbsp;sobre transforma\u00e7\u00e3o digital, e Dalton Sardenberg, sobre governan\u00e7a corporativa.<\/p>\n\n\n\n<p>A inova\u00e7\u00e3o tamb\u00e9m tem lugar nas palestras com Gustavo Donato. Adriano Salviato faz uma abordagem sobre \u201csucess\u00e3o familiar\u201d e \u00c9rica Belon, sobre \u201cneuroci\u00eancia para a gest\u00e3o empresarial\u201d. No encerramento das palestras, Monja Coen oferece reflex\u00f5es a respeito da espiritualidade no luto.<\/p>\n\n\n\n<p><strong>O Complexo<\/strong><\/p>\n\n\n\n<p>Um dos maiores espa\u00e7os multiuso para eventos do interior de S\u00e3o Paulo, o Expo D. Pedro, localizado em Campinas (SP), tem estrutura planejada para eventos corporativos de m\u00e9dio e grande portes, feiras, eventos religiosos, congressos, confer\u00eancias, palestras, formaturas e outros.<\/p>\n\n\n\n<p>Os espa\u00e7os modulares no Centro de Conven\u00e7\u00f5es se adaptam a eventos de pequeno, m\u00e9dio e grande portes, chegando a uma \u00e1rea total de 5 mil m\u00b2. J\u00e1 o Centro de Exposi\u00e7\u00f5es tem 7 mil m2&nbsp;de \u00e1rea. Ambos os espa\u00e7os s\u00e3o integrados de forma horizontal, facilitando a log\u00edstica de organiza\u00e7\u00e3o de eventos dos mais diversos, totalizando uma ampla \u00e1rea horizontal de 12 mil m\u00b2, encontrada somente em algumas poucas pra\u00e7as no Brasil.<\/p>\n\n\n\n<p>A versatilidade do espa\u00e7o, com ampla \u00e1rea de estacionamento, a seguran\u00e7a, a localiza\u00e7\u00e3o e conveni\u00eancia, ao lado do shopping Parque Dom Pedro, e a comodidade de acesso pela Rodovia D. Pedro I s\u00e3o grandes atrativos do Complexo.<\/p>\n","protected":false},"excerpt":{"rendered":"<p>Em 5\u00aa edi\u00e7\u00e3o, Exponaf vai reunir mais de 100 expositores no Expo D. Pedro e espera receber milhares de visitantes O segmento de&nbsp;death care, a exemplo do que ocorre nos Estados Unidos e na Europa, consolida-se no Brasil com um faturamento expressivo. De acordo com levantamento realizado pela Zurik Advisors, servi\u00e7os e planos funer\u00e1rios movimentam [&hellip;]<\/p>\n","protected":false},"author":7,"featured_media":27324,"comment_status":"closed","ping_status":"open","sticky":false,"template":"","format":"standard","meta":{"rop_custom_images_group":[],"rop_custom_messages_group":[],"rop_publish_now":"initial","rop_publish_now_accounts":[],"rop_publish_now_history":[],"rop_publish_now_status":"pending","footnotes":""},"categories":[272],"tags":[],"class_list":["post-27323","post","type-post","status-publish","format-standard","has-post-thumbnail","hentry","category-campinas"],"amp_enabled":true,"_links":{"self":[{"href":"https:\/\/imais.online\/portal\/wp-json\/wp\/v2\/posts\/27323","targetHints":{"allow":["GET"]}}],"collection":[{"href":"https:\/\/imais.online\/portal\/wp-json\/wp\/v2\/posts"}],"about":[{"href":"https:\/\/imais.online\/portal\/wp-json\/wp\/v2\/types\/post"}],"author":[{"embeddable":true,"href":"https:\/\/imais.online\/portal\/wp-json\/wp\/v2\/users\/7"}],"replies":[{"embeddable":true,"href":"https:\/\/imais.online\/portal\/wp-json\/wp\/v2\/comments?post=27323"}],"version-history":[{"count":1,"href":"https:\/\/imais.online\/portal\/wp-json\/wp\/v2\/posts\/27323\/revisions"}],"predecessor-version":[{"id":27326,"href":"https:\/\/imais.online\/portal\/wp-json\/wp\/v2\/posts\/27323\/revisions\/27326"}],"wp:featuredmedia":[{"embeddable":true,"href":"https:\/\/imais.online\/portal\/wp-json\/wp\/v2\/media\/27324"}],"wp:attachment":[{"href":"https:\/\/imais.online\/portal\/wp-json\/wp\/v2\/media?parent=27323"}],"wp:term":[{"taxonomy":"category","embeddable":true,"href":"https:\/\/imais.online\/portal\/wp-json\/wp\/v2\/categories?post=27323"},{"taxonomy":"post_tag","embeddable":true,"href":"https:\/\/imais.online\/portal\/wp-json\/wp\/v2\/tags?post=27323"}],"curies":[{"name":"wp","href":"https:\/\/api.w.org\/{rel}","templated":true}]}}