{"id":27330,"date":"2025-05-19T13:14:34","date_gmt":"2025-05-19T16:14:34","guid":{"rendered":"https:\/\/imais.online\/portal\/?p=27330"},"modified":"2025-05-19T13:14:35","modified_gmt":"2025-05-19T16:14:35","slug":"estado-de-sp-tem-maior-numero-de-ocupados-com-carteira-assinada-em-13-anos-no-1o-trimestre","status":"publish","type":"post","link":"https:\/\/imais.online\/portal\/estado-de-sp-tem-maior-numero-de-ocupados-com-carteira-assinada-em-13-anos-no-1o-trimestre\/","title":{"rendered":"Estado de SP tem maior n\u00famero de ocupados com carteira assinada em 13 anos no 1\u00ba trimestre"},"content":{"rendered":"<div class=\"imais-before-content-placement\" id=\"imais-2153437216\"><script async src=\"\/\/pagead2.googlesyndication.com\/pagead\/js\/adsbygoogle.js?client=ca-pub-8787528412751566\" crossorigin=\"anonymous\"><\/script><ins class=\"adsbygoogle\" style=\"display:block;\" data-ad-client=\"ca-pub-8787528412751566\" \ndata-ad-slot=\"\" \ndata-ad-format=\"auto\"><\/ins>\n<script> \n(adsbygoogle = window.adsbygoogle || []).push({}); \n<\/script>\n<\/div>\n<p class=\"has-text-align-center\">SP registrou taxa de desemprego de 6,2%, a menor da s\u00e9rie hist\u00f3rica do IBGE iniciada em 2012 para os tr\u00eas primeiros meses do ano<\/p>\n\n\n\n<p>O estado de S\u00e3o Paulo registrou no 1\u00ba trimestre deste ano taxa de desemprego de 6,2%, a menor da s\u00e9rie hist\u00f3rica do IBGE iniciada em 2012 para os tr\u00eas primeiros meses do ano. Al\u00e9m disso, o indicador do estado foi mais positivo que a taxa de desemprego nacional (7%) e da regi\u00e3o Sudeste (6,6%)<strong>.<\/strong><\/p>\n\n\n\n<p>O estado registrou ainda o maior n\u00famero de ocupados com carteira assinada no setor privado desde 2012 e liderou entre as demais unidades da Federa\u00e7\u00e3o no 1\u00ba trimestre \u2013 o total ficou em 11,911 milh\u00f5es de pessoas \u2013 alta de 2,1% em rela\u00e7\u00e3o ao \u00faltimo trimestre de 2024 e de 4% em rela\u00e7\u00e3o ao mesmo trimestre do ano passado. No pa\u00eds, o total ficou em 39,447 milh\u00f5es \u2013 com isso, o estado de SP tem 30,2% dos trabalhadores dentro da CLT no pa\u00eds.<\/p>\n\n\n\n<p>Os n\u00fameros s\u00e3o da Funda\u00e7\u00e3o Seade, com base na pesquisa da Pesquisa Nacional por Amostra de Domic\u00edlios Cont\u00ednua (PNAD) do IBGE.<\/p>\n\n\n\n<p>O percentual de empregados com carteira assinada ficou em 83,4% dos trabalhadores do setor privado no estado, segundo maior percentual do pa\u00eds. No Brasil, o \u00edndice geral ficou em 74,6%.<\/p>\n\n\n\n<p>O total de pessoas ocupadas (incluindo trabalhadores do setor privado e p\u00fablico com e sem carteira assinada, dom\u00e9sticos, informais e por conta pr\u00f3pria com CNPJ) era de 24,973 milh\u00f5es no estado \u2013 alta de 3,1% em rela\u00e7\u00e3o ao mesmo trimestre do ano passado. No pa\u00eds, eram 102,483 milh\u00f5es.&nbsp;<\/p>\n\n\n\n<p>J\u00e1 o n\u00famero de desocupados na for\u00e7a de trabalho no estado era de 1,665 milh\u00e3o \u2013 queda de 13,8% em rela\u00e7\u00e3o ao mesmo trimestre do ano passado.<\/p>\n\n\n\n<h2 class=\"wp-block-heading\">Menor taxa de informalidade em 8 anos<\/h2>\n\n\n\n<p>Enquanto a taxa de informalidade para o Brasil foi de 38% da popula\u00e7\u00e3o ocupada, S\u00e3o Paulo teve a terceira menor taxa entre os demais estados (29,3%) no 1\u00ba trimestre \u2013 menor taxa registrada pelo estado desde o 2\u00ba trimestre de 2017 (29%). Em rela\u00e7\u00e3o ao 4\u00ba trimestre de 2024, houve queda de 1 ponto percentual e de 1,7 ponto percentual ante o mesmo trimestre do ano passado.<\/p>\n\n\n\n<p>A taxa de informalidade da popula\u00e7\u00e3o ocupada \u00e9 calculada considerando-se os empregados no setor privado e os empregados dom\u00e9sticos sem carteira de trabalho assinada, al\u00e9m dos empregadores e trabalhadores por conta pr\u00f3pria sem registro no CNPJ e dos trabalhadores familiares auxiliares.<\/p>\n\n\n\n<p>Para o IBGE, a taxa de informalidade reflete a maturidade econ\u00f4mica de cada estado, e os mais industrializados e mais complexos geram mais postos de trabalho formais.<\/p>\n\n\n\n<p>J\u00e1 o rendimento m\u00e9dio em S\u00e3o Paulo ficou em R$ 4.063, maior que da regi\u00e3o Sudeste (R$ 3.814) e da m\u00e9dia do pa\u00eds (R$ 3.410). Entre os estados do Sudeste, s\u00f3 perde para o Rio de Janeiro (R$ 4.066). Trata-se do maior rendimento m\u00e9dio no estado em 1\u00ba trimestres desde 2020.<\/p>\n\n\n\n<h2 class=\"wp-block-heading\">N\u00famero de ocupados por atividades no 1\u00ba tri:<\/h2>\n\n\n\n<ul class=\"wp-block-list\">\n<li><strong>Informa\u00e7\u00e3o, comunica\u00e7\u00e3o e atividades financeiras, imobili\u00e1rias, profissionais e administrativas<\/strong>: 4,561 milh\u00f5es<\/li>\n\n\n\n<li><strong>Com\u00e9rcio, repara\u00e7\u00e3o de ve\u00edculos automotores e motocicletas:<\/strong>&nbsp;4,435 milh\u00f5es<\/li>\n\n\n\n<li><strong>Administra\u00e7\u00e3o p\u00fablica, defesa, seguridade social, educa\u00e7\u00e3o, sa\u00fade humana e servi\u00e7os sociais:<\/strong>&nbsp;4,029 milh\u00f5es<\/li>\n\n\n\n<li><strong>Ind\u00fastria geral:<\/strong>&nbsp;3,806 milh\u00f5es<\/li>\n\n\n\n<li><strong>Transporte, armazenagem e correio<\/strong>: 1,796 milh\u00e3o<\/li>\n\n\n\n<li><strong>Constru\u00e7\u00e3o:<\/strong>&nbsp;1,686 milh\u00e3o<\/li>\n\n\n\n<li><strong>Outros servi\u00e7os:&nbsp;<\/strong>1,419 milh\u00e3o<\/li>\n\n\n\n<li><strong>Alojamento e alimenta\u00e7\u00e3o<\/strong>: 1,313 milh\u00e3o<\/li>\n\n\n\n<li><strong>Servi\u00e7os dom\u00e9sticos:<\/strong>&nbsp;1,278 milh\u00e3o<\/li>\n\n\n\n<li><strong>Agricultura, pecu\u00e1ria, produ\u00e7\u00e3o florestal, pesca e aquicultura:<\/strong>&nbsp;642 mil<\/li>\n<\/ul>\n\n\n\n<h2 class=\"wp-block-heading\">Veja as taxas de desemprego registradas trimestre a trimestre desde o in\u00edcio da pesquisa do IBGE:<\/h2>\n\n\n\n<ul class=\"wp-block-list\">\n<li><strong>2025<\/strong><\/li>\n\n\n\n<li><strong>1\u00ba tri: 6,2%<\/strong><\/li>\n<\/ul>\n\n\n\n<ul class=\"wp-block-list\">\n<li><strong>2024<\/strong><\/li>\n\n\n\n<li><strong>1\u00ba tri: 7,4%<\/strong><\/li>\n\n\n\n<li>2\u00ba tri: 6,4%<\/li>\n\n\n\n<li>3\u00ba tri: 6%<\/li>\n\n\n\n<li>4\u00ba tri: 5,9%<\/li>\n<\/ul>\n\n\n\n<ul class=\"wp-block-list\">\n<li><strong>2023<\/strong><\/li>\n\n\n\n<li><strong>1\u00ba tri: 8,5%<\/strong><\/li>\n\n\n\n<li>2\u00ba tri: 7,8%<\/li>\n\n\n\n<li>3\u00ba tri: 7,1%<\/li>\n\n\n\n<li>4\u00ba tri: 6,9%<\/li>\n<\/ul>\n\n\n\n<ul class=\"wp-block-list\">\n<li><strong>2022<\/strong><\/li>\n\n\n\n<li><strong>2\u00ba tri: 9,2%<\/strong><\/li>\n\n\n\n<li>3\u00ba tri: 8,6%<\/li>\n\n\n\n<li>4\u00ba tri: 7,7%<\/li>\n<\/ul>\n\n\n\n<ul class=\"wp-block-list\">\n<li><strong>2020<\/strong>&nbsp;(pandemia afetou pesquisa)<\/li>\n\n\n\n<li><strong>1\u00ba tri: 12,3%<\/strong><\/li>\n<\/ul>\n\n\n\n<ul class=\"wp-block-list\">\n<li><strong>2019<\/strong><\/li>\n\n\n\n<li><strong>1\u00ba tri: 13,6%<\/strong><\/li>\n\n\n\n<li>2\u00ba tri: 12,9%<\/li>\n\n\n\n<li>3\u00ba tri: 12,1%<\/li>\n\n\n\n<li>4\u00ba tri: 11,6%<\/li>\n<\/ul>\n\n\n\n<ul class=\"wp-block-list\">\n<li><strong>2018<\/strong><\/li>\n\n\n\n<li><strong>1\u00ba tri: 14,1%<\/strong><\/li>\n\n\n\n<li>2\u00ba tri: 13,8%<\/li>\n\n\n\n<li>3\u00ba tri: 13,3%<\/li>\n\n\n\n<li>4\u00ba tri: 12,6%<\/li>\n<\/ul>\n\n\n\n<ul class=\"wp-block-list\">\n<li><strong>2017<\/strong><\/li>\n\n\n\n<li><strong>1\u00ba tri: 14,4%<\/strong><\/li>\n\n\n\n<li>2\u00ba tri: 13,6%<\/li>\n\n\n\n<li>3\u00ba tri: 13,3%<\/li>\n\n\n\n<li>4\u00ba tri: 12,8%<\/li>\n<\/ul>\n\n\n\n<ul class=\"wp-block-list\">\n<li><strong>2016<\/strong><\/li>\n\n\n\n<li><strong>1\u00ba tri: 12,2%<\/strong><\/li>\n\n\n\n<li>2\u00ba tri: 12,2%<\/li>\n\n\n\n<li>3\u00ba tri: 12,9%<\/li>\n\n\n\n<li>4\u00ba tri: 12,5%<\/li>\n<\/ul>\n\n\n\n<ul class=\"wp-block-list\">\n<li><strong>2015<\/strong><\/li>\n\n\n\n<li><strong>1\u00ba tri: 8,6%<\/strong><\/li>\n\n\n\n<li>2\u00ba tri: 9,2%<\/li>\n\n\n\n<li>3\u00ba tri: 9,8%<\/li>\n\n\n\n<li>4\u00ba tri: 10,3%<\/li>\n<\/ul>\n\n\n\n<ul class=\"wp-block-list\">\n<li><strong>2014<\/strong><\/li>\n\n\n\n<li><strong>1\u00ba tri: 7,3%<\/strong><\/li>\n\n\n\n<li>2\u00ba tri: 7,1%<\/li>\n\n\n\n<li>3\u00ba tri: 7,3%<\/li>\n\n\n\n<li>4\u00ba tri: 7,2%<\/li>\n<\/ul>\n\n\n\n<ul class=\"wp-block-list\">\n<li><strong>2013<\/strong><\/li>\n\n\n\n<li><strong>1\u00ba tri: 7,8%<\/strong><\/li>\n\n\n\n<li>2\u00ba tri: 7,5%<\/li>\n\n\n\n<li>3\u00ba tri: 7,4%<\/li>\n\n\n\n<li>4\u00ba tri: 6,6%<\/li>\n<\/ul>\n\n\n\n<ul class=\"wp-block-list\">\n<li><strong>2012<\/strong><\/li>\n\n\n\n<li><strong>1\u00ba tri: 7,8%<\/strong><\/li>\n\n\n\n<li>2\u00ba tri: 7,5%<\/li>\n\n\n\n<li>3\u00ba tri: 7%<\/li>\n\n\n\n<li>4\u00ba tri: 6,8%<\/li>\n<\/ul>\n\n\n\n<h2 class=\"wp-block-heading\">Menor taxa de desemprego em 12 anos em 2024<\/h2>\n\n\n\n<p>Em 2024, o estado de S\u00e3o Paulo registrou a menor taxa anual de desemprego em 12 anos: 6,2%. Foi a menor taxa de desocupa\u00e7\u00e3o da s\u00e9rie hist\u00f3rica, iniciada pelo Instituto Brasileiro de Geografia e Estat\u00edstica em 2012.<\/p>\n\n\n\n<p>O levantamento mostra ainda que o desemprego paulista foi menor que a m\u00e9dia nacional, que ficou em 6,6% no ano passado, e que da regi\u00e3o Sudeste (6,4%).<\/p>\n\n\n\n<p>Assim, a taxa de desemprego caiu 1,3 ponto percentual de 2023 para 2024 e 2,9 pontos percentuais entre 2022 e 2024.<\/p>\n\n\n\n<p>Veja as taxas de desemprego ano a ano no estado de S\u00e3o Paulo:<\/p>\n\n\n\n<ul class=\"wp-block-list\">\n<li>2024: 6,2%<\/li>\n\n\n\n<li>2023: 7,5%<\/li>\n\n\n\n<li>2022: 9,1%<\/li>\n\n\n\n<li>2021: 14,4%<\/li>\n\n\n\n<li>2020: 14,0%<\/li>\n\n\n\n<li>2019: 12,4%<\/li>\n\n\n\n<li>2018: 13,2%<\/li>\n\n\n\n<li>2017: 13,5%<\/li>\n\n\n\n<li>2016: 12,4%<\/li>\n\n\n\n<li>2015: 10,1%<\/li>\n\n\n\n<li>2014: 7,4%<\/li>\n\n\n\n<li>2013: 7,5%<\/li>\n\n\n\n<li>2012: 7,2%<\/li>\n<\/ul>\n\n\n\n<p>J\u00e1 a taxa anual de informalidade foi de 31,1% da popula\u00e7\u00e3o ocupada em S\u00e3o Paulo, a terceira menor entre os estados e tamb\u00e9m abaixo do \u00edndice nacional de 39% e da regi\u00e3o Sudeste de 34%.<\/p>\n\n\n\n<p>Em rela\u00e7\u00e3o ao rendimento m\u00e9dio real habitual, enquanto no Brasil foi de R$ 3.225 em 2024, no estado de S\u00e3o Paulo ficou em R$ 3.907.<\/p>\n\n\n\n<p>O rendimento de S\u00e3o Paulo \u00e9 maior que a m\u00e9dia do Sudeste (R$ 3.609) e que dois estados que comp\u00f5em a regi\u00e3o: Rio de Janeiro (R$ 3.733), Esp\u00edrito Santo (R$ 3.231) e Minas Gerais (R$ 2.910).<\/p>\n\n\n\n<p><\/p>\n","protected":false},"excerpt":{"rendered":"<p>SP registrou taxa de desemprego de 6,2%, a menor da s\u00e9rie hist\u00f3rica do IBGE iniciada em 2012 para os tr\u00eas primeiros meses do ano O estado de S\u00e3o Paulo registrou no 1\u00ba trimestre deste ano taxa de desemprego de 6,2%, a menor da s\u00e9rie hist\u00f3rica do IBGE iniciada em 2012 para os tr\u00eas primeiros meses [&hellip;]<\/p>\n","protected":false},"author":7,"featured_media":27331,"comment_status":"closed","ping_status":"open","sticky":false,"template":"","format":"standard","meta":{"rop_custom_images_group":[],"rop_custom_messages_group":[],"rop_publish_now":"initial","rop_publish_now_accounts":[],"rop_publish_now_history":[],"rop_publish_now_status":"pending","footnotes":""},"categories":[195],"tags":[73],"class_list":["post-27330","post","type-post","status-publish","format-standard","has-post-thumbnail","hentry","category-sao-paulo","tag-featured"],"amp_enabled":true,"_links":{"self":[{"href":"https:\/\/imais.online\/portal\/wp-json\/wp\/v2\/posts\/27330","targetHints":{"allow":["GET"]}}],"collection":[{"href":"https:\/\/imais.online\/portal\/wp-json\/wp\/v2\/posts"}],"about":[{"href":"https:\/\/imais.online\/portal\/wp-json\/wp\/v2\/types\/post"}],"author":[{"embeddable":true,"href":"https:\/\/imais.online\/portal\/wp-json\/wp\/v2\/users\/7"}],"replies":[{"embeddable":true,"href":"https:\/\/imais.online\/portal\/wp-json\/wp\/v2\/comments?post=27330"}],"version-history":[{"count":1,"href":"https:\/\/imais.online\/portal\/wp-json\/wp\/v2\/posts\/27330\/revisions"}],"predecessor-version":[{"id":27332,"href":"https:\/\/imais.online\/portal\/wp-json\/wp\/v2\/posts\/27330\/revisions\/27332"}],"wp:featuredmedia":[{"embeddable":true,"href":"https:\/\/imais.online\/portal\/wp-json\/wp\/v2\/media\/27331"}],"wp:attachment":[{"href":"https:\/\/imais.online\/portal\/wp-json\/wp\/v2\/media?parent=27330"}],"wp:term":[{"taxonomy":"category","embeddable":true,"href":"https:\/\/imais.online\/portal\/wp-json\/wp\/v2\/categories?post=27330"},{"taxonomy":"post_tag","embeddable":true,"href":"https:\/\/imais.online\/portal\/wp-json\/wp\/v2\/tags?post=27330"}],"curies":[{"name":"wp","href":"https:\/\/api.w.org\/{rel}","templated":true}]}}