{"id":27336,"date":"2025-05-19T13:23:37","date_gmt":"2025-05-19T16:23:37","guid":{"rendered":"https:\/\/imais.online\/portal\/?p=27336"},"modified":"2025-05-19T13:23:38","modified_gmt":"2025-05-19T16:23:38","slug":"inss-exigira-identificacao-biometrica-para-desbloquear-consignados","status":"publish","type":"post","link":"https:\/\/imais.online\/portal\/inss-exigira-identificacao-biometrica-para-desbloquear-consignados\/","title":{"rendered":"INSS exigir\u00e1 identifica\u00e7\u00e3o biom\u00e9trica para desbloquear consignados"},"content":{"rendered":"<div class=\"imais-before-content-placement\" id=\"imais-192384690\"><script async src=\"\/\/pagead2.googlesyndication.com\/pagead\/js\/adsbygoogle.js?client=ca-pub-8787528412751566\" crossorigin=\"anonymous\"><\/script><ins class=\"adsbygoogle\" style=\"display:block;\" data-ad-client=\"ca-pub-8787528412751566\" \ndata-ad-slot=\"\" \ndata-ad-format=\"auto\"><\/ins>\n<script> \n(adsbygoogle = window.adsbygoogle || []).push({}); \n<\/script>\n<\/div>\n<p>O Instituto Nacional do Seguro Social (INSS) passar\u00e1 a exigir a identifica\u00e7\u00e3o biom\u00e9trica de aposentados e pensionistas que quiserem autorizar que as parcelas do empr\u00e9stimo consignado sejam descontadas diretamente de seus benef\u00edcios previdenci\u00e1rios.<img decoding=\"async\" src=\"https:\/\/agenciabrasil.ebc.com.br\/ebc.png?id=1643111&amp;o=node\"><img decoding=\"async\" src=\"https:\/\/agenciabrasil.ebc.com.br\/ebc.gif?id=1643111&amp;o=node\"><\/p>\n\n\n\n<p><strong>Conforme&nbsp;<a href=\"https:\/\/www.in.gov.br\/en\/web\/dou\/-\/despacho-decisorio-pres\/inss-n-75-de-16-de-maio-de-2025-630085864\" target=\"_blank\" rel=\"noreferrer noopener\">despacho<\/a>&nbsp;publicado no<em>&nbsp;Di\u00e1rio Oficial da Uni\u00e3o (DO)<\/em>&nbsp;nesta segunda-feira, a medida entrar\u00e1 em vigor a partir do pr\u00f3ximo dia 23.<\/strong><\/p>\n\n\n\n<blockquote class=\"wp-block-quote is-layout-flow wp-block-quote-is-layout-flow\">\n<p>\u201cTodos os desbloqueios para averba\u00e7\u00e3o de novos empr\u00e9stimos consignados somente poder\u00e3o ser realizados com a biometria, na plataforma Meu INSS, validadas em bases do governo federal\u201d, diz despacho assinado pelo presidente do instituto, Gilberto Waller Junior.<\/p>\n<\/blockquote>\n\n\n\n<p><strong>Al\u00e9m de se identificar, o interessado pode usar o aplicativo Meu INSS para consultar institui\u00e7\u00f5es financeiras e as taxas de juros para pedidos de empr\u00e9stimos.<\/strong><\/p>\n\n\n\n<p>De acordo com a medida, a identifica\u00e7\u00e3o biom\u00e9trica\u00a0feita por meio da verifica\u00e7\u00e3o de caracter\u00edsticas f\u00edsicas como a foto ou a impress\u00e3o digital dos benefici\u00e1rios, atende \u00e0 necessidade de avalia\u00e7\u00e3o do servi\u00e7o de desbloqueio de benef\u00edcios para empr\u00e9stimos consignados, com o objetivo de mapear vulnerabilidades operacionais e implementar medidas corretivas e aprimoramentos, garantindo maior seguran\u00e7a e conformidade aos processos envolvidos.<\/p>\n\n\n\n<p><strong>A concess\u00e3o de novas autoriza\u00e7\u00f5es autom\u00e1ticas para empr\u00e9stimos consignados para aposentados e pensionistas est\u00e1&nbsp;<a href=\"https:\/\/agenciabrasil.ebc.com.br\/geral\/noticia\/2025-05\/inss-bloqueia-novas-autorizacoes-de-emprestimo-consignado-pensionistas\" target=\"_blank\" rel=\"noreferrer noopener\">bloqueada<\/a>&nbsp;desde o \u00faltimo dia 8, atendendo a uma determina\u00e7\u00e3o do Tribunal de Contas da Uni\u00e3o (TCU).<\/strong><\/p>\n\n\n\n<p>Em junho do ano passado, depois de identificar irregularidades em descontos de mensalidades associativas &#8211; lan\u00e7adas diretamente na folha de pagamento de aposentados &#8211;&nbsp;o TCU determinou ao INSS que s\u00f3 permitisse as cobran\u00e7as em folha em favor de organiza\u00e7\u00f5es sociais mediante a obten\u00e7\u00e3o e confer\u00eancia da assinatura eletr\u00f4nica avan\u00e7ada e dados biom\u00e9tricos do benefici\u00e1rio. A determina\u00e7\u00e3o valia tanto para as mensalidades de filia\u00e7\u00e3o \u00e0s entidades, quanto para empr\u00e9stimos consignados.<\/p>\n\n\n\n<p>Na mesma decis\u00e3o, o tribunal determinou ao INSS que ressarcisse os valores cobrados indevidamente de aposentados e pensionistas, e ainda&nbsp;que o instituto e a Dataprev implementassem, em 90 dias, \u201cferramentas tecnol\u00f3gicas que possibilitem a assinatura eletr\u00f4nica avan\u00e7ada e biometria para todos os termos de filia\u00e7\u00e3o e autoriza\u00e7\u00f5es de descontos vigentes, bem como um sistema que permita o bloqueio e desbloqueio autom\u00e1tico e espec\u00edfico para cada averba\u00e7\u00e3o de desconto nos benef\u00edcios pagos\u201d.<\/p>\n\n\n\n<p>O instituto recorreu das determina\u00e7\u00f5es, alegando, entre outras coisas, que as autoriza\u00e7\u00f5es para empr\u00e9stimos consignados j\u00e1 passavam por mecanismos de controle mais eficazes que aqueles a que s\u00e3o submetidas autoriza\u00e7\u00f5es para descontos de mensalidades associativas em folha. Contudo, em maio deste ano \u2013 um dia antes do INSS anunciar o bloqueio dos consignados &#8211; o TCU negou o recurso, mantendo as determina\u00e7\u00f5es.<\/p>\n","protected":false},"excerpt":{"rendered":"<p>O Instituto Nacional do Seguro Social (INSS) passar\u00e1 a exigir a identifica\u00e7\u00e3o biom\u00e9trica de aposentados e pensionistas que quiserem autorizar que as parcelas do empr\u00e9stimo consignado sejam descontadas diretamente de seus benef\u00edcios previdenci\u00e1rios. Conforme&nbsp;despacho&nbsp;publicado no&nbsp;Di\u00e1rio Oficial da Uni\u00e3o (DO)&nbsp;nesta segunda-feira, a medida entrar\u00e1 em vigor a partir do pr\u00f3ximo dia 23. \u201cTodos os desbloqueios para [&hellip;]<\/p>\n","protected":false},"author":7,"featured_media":27337,"comment_status":"closed","ping_status":"open","sticky":false,"template":"","format":"standard","meta":{"rop_custom_images_group":[],"rop_custom_messages_group":[],"rop_publish_now":"initial","rop_publish_now_accounts":[],"rop_publish_now_history":[],"rop_publish_now_status":"pending","footnotes":""},"categories":[189],"tags":[73],"class_list":["post-27336","post","type-post","status-publish","format-standard","has-post-thumbnail","hentry","category-brasil","tag-featured"],"amp_enabled":true,"_links":{"self":[{"href":"https:\/\/imais.online\/portal\/wp-json\/wp\/v2\/posts\/27336","targetHints":{"allow":["GET"]}}],"collection":[{"href":"https:\/\/imais.online\/portal\/wp-json\/wp\/v2\/posts"}],"about":[{"href":"https:\/\/imais.online\/portal\/wp-json\/wp\/v2\/types\/post"}],"author":[{"embeddable":true,"href":"https:\/\/imais.online\/portal\/wp-json\/wp\/v2\/users\/7"}],"replies":[{"embeddable":true,"href":"https:\/\/imais.online\/portal\/wp-json\/wp\/v2\/comments?post=27336"}],"version-history":[{"count":1,"href":"https:\/\/imais.online\/portal\/wp-json\/wp\/v2\/posts\/27336\/revisions"}],"predecessor-version":[{"id":27338,"href":"https:\/\/imais.online\/portal\/wp-json\/wp\/v2\/posts\/27336\/revisions\/27338"}],"wp:featuredmedia":[{"embeddable":true,"href":"https:\/\/imais.online\/portal\/wp-json\/wp\/v2\/media\/27337"}],"wp:attachment":[{"href":"https:\/\/imais.online\/portal\/wp-json\/wp\/v2\/media?parent=27336"}],"wp:term":[{"taxonomy":"category","embeddable":true,"href":"https:\/\/imais.online\/portal\/wp-json\/wp\/v2\/categories?post=27336"},{"taxonomy":"post_tag","embeddable":true,"href":"https:\/\/imais.online\/portal\/wp-json\/wp\/v2\/tags?post=27336"}],"curies":[{"name":"wp","href":"https:\/\/api.w.org\/{rel}","templated":true}]}}