{"id":27339,"date":"2025-05-19T13:54:24","date_gmt":"2025-05-19T16:54:24","guid":{"rendered":"https:\/\/imais.online\/portal\/?p=27339"},"modified":"2025-05-19T13:54:25","modified_gmt":"2025-05-19T16:54:25","slug":"fiec-abre-inscricoes-gratuitas-para-o-programa-de-inclusao-digital","status":"publish","type":"post","link":"https:\/\/imais.online\/portal\/fiec-abre-inscricoes-gratuitas-para-o-programa-de-inclusao-digital\/","title":{"rendered":"Fiec abre inscri\u00e7\u00f5es gratuitas para o Programa de Inclus\u00e3o Digital"},"content":{"rendered":"<div class=\"imais-before-content-placement\" id=\"imais-2907974222\"><script async src=\"\/\/pagead2.googlesyndication.com\/pagead\/js\/adsbygoogle.js?client=ca-pub-8787528412751566\" crossorigin=\"anonymous\"><\/script><ins class=\"adsbygoogle\" style=\"display:block;\" data-ad-client=\"ca-pub-8787528412751566\" \ndata-ad-slot=\"\" \ndata-ad-format=\"auto\"><\/ins>\n<script> \n(adsbygoogle = window.adsbygoogle || []).push({}); \n<\/script>\n<\/div>\n<p>A Prefeitura Municipal de Indaiatuba, por meio da Fiec (Funda\u00e7\u00e3o Indaiatubana de Educa\u00e7\u00e3o e Cultura) informa que as inscri\u00e7\u00f5es para o curso de Inform\u00e1tica do Programa de Inclus\u00e3o e Educa\u00e7\u00e3o Digital, poder\u00e3o ser realizadas no per\u00edodo de 26 de maio a 2 de junho de 2025, online ou presencialmente na Fiec. N\u00e3o ser\u00e1 poss\u00edvel concluir a inscri\u00e7\u00e3o pelo celular.<\/p>\n\n\n\n<p>Cursos gratuitos, por v\u00e1rios polos espalhados pela cidade, como Bem Viver, CRAS IV, Comunidade Independente, Sta. Maria Goretti, Veredas e diretamente na Fiec. A idade m\u00ednima \u00e9 de 12 anos, mas n\u00e3o h\u00e1 limite de idade. E para se inscrever \u00e9 necess\u00e1rio apenas um documento com foto e comprovante de endere\u00e7o. Estaremos com turmas abertas para os n\u00edveis: B\u00e1sico, Intermedi\u00e1rio e Avan\u00e7ado. Se voc\u00ea j\u00e1 possui algum conhecimento anterior, pode se inscrever nos m\u00f3dulos mais avan\u00e7ados, desde que atenda os pr\u00e9-requisitos exigidos.<\/p>\n\n\n\n<p>Pr\u00e9-requisitos para cursar o M\u00f3dulo Intermedi\u00e1rio:<br>\u00c9 necess\u00e1rio ter conclu\u00eddo o m\u00f3dulo b\u00e1sico do curso de inclus\u00e3o digital da Fiec ou ter conhecimentos b\u00e1sicos de inform\u00e1tica e computa\u00e7\u00e3o, como: o uso do sistema operacional Windows, manipula\u00e7\u00e3o de arquivos e pastas, edi\u00e7\u00e3o de textos com programas como WordPad ou Microsoft Word, navega\u00e7\u00e3o na internet, e uso das ferramentas do Google, como e-mail e Google Drive.<\/p>\n\n\n\n<p>Pr\u00e9-requisitos para cursar o M\u00f3dulo Avan\u00e7ado:<br>\u00c9 necess\u00e1rio ter conclu\u00eddo os m\u00f3dulos b\u00e1sico e intermedi\u00e1rio do curso de inclus\u00e3o digital da Fiec ou ter conhecimentos mais avan\u00e7ados de inform\u00e1tica e computa\u00e7\u00e3o, como: o uso do sistema operacional Windows, manipula\u00e7\u00e3o de arquivos e pastas, ferramentas do Microsoft Office (Word, PowerPoint e Excel), navega\u00e7\u00e3o na internet e uso das ferramentas do Google, como e-mail e Google Drive.<\/p>\n\n\n\n<p>Se inscreva diretamente no polo mais pr\u00f3ximo de voc\u00ea ou atrav\u00e9s do link:<br>Polo FIEC &#8211; \u2013 Av. Engenheiro F\u00e1bio Roberto Barnab\u00e9, 3405 &#8211; Jardim Regina<br>https:\/\/inovafiec.com.br\/app1?r=f01 <\/p>\n\n\n\n<p>Polo CRAS IV &#8211; Rua Jordalino Pietro Bom, 1300 &#8211; Jardim S\u00e3o Conrado<br>https:\/\/inovafiec.com.br\/app1?r=crasiv01<br><br>Polo Comunidade Independente &#8211; Rua Alzira Barnab\u00e9 240 &#8211; Jardim Tropical<br>https:\/\/inovafiec.com.br\/app1?r=ci01<br><br>Polo Sta. Maria Goretti &#8211; Av Francisco de Paula Leite, N\u00ba 845 Jardim Santa Cruz<br>https:\/\/inovafiec.com.br\/app1?r=smg01<br><br>Polo Veredas &#8211; End: Rod. C\u00f4nego Cyriaco Scaranelo Pires, 4.735<br>https:\/\/inovafiec.com.br\/app1?r=ve01<br><br>Polo Bem viver &#8211; Av. Eng. F\u00e1bio Roberto Barnab\u00e9, 585 &#8211; Vila Teller<br>Inscri\u00e7\u00f5es presencialmente no local<br>Obs. Somente acima dos 60 anos<br><br>Polo Sol Sol &#8211; Rua Athayde Puccinelli, 30 &#8211; Jardim Fl\u00f3rida<br>Inscri\u00e7\u00f5es presencialmente no local<\/p>\n\n\n\n<p>Mais Informa\u00e7\u00f5es, entre em contato pelo WhatsApp 19-97102-6176<\/p>\n","protected":false},"excerpt":{"rendered":"<p>A Prefeitura Municipal de Indaiatuba, por meio da Fiec (Funda\u00e7\u00e3o Indaiatubana de Educa\u00e7\u00e3o e Cultura) informa que as inscri\u00e7\u00f5es para o curso de Inform\u00e1tica do Programa de Inclus\u00e3o e Educa\u00e7\u00e3o Digital, poder\u00e3o ser realizadas no per\u00edodo de 26 de maio a 2 de junho de 2025, online ou presencialmente na Fiec. N\u00e3o ser\u00e1 poss\u00edvel concluir [&hellip;]<\/p>\n","protected":false},"author":7,"featured_media":27340,"comment_status":"closed","ping_status":"open","sticky":false,"template":"","format":"standard","meta":{"rop_custom_images_group":[],"rop_custom_messages_group":[],"rop_publish_now":"initial","rop_publish_now_accounts":[],"rop_publish_now_history":[],"rop_publish_now_status":"pending","footnotes":""},"categories":[188],"tags":[],"class_list":["post-27339","post","type-post","status-publish","format-standard","has-post-thumbnail","hentry","category-indaiatuba"],"amp_enabled":true,"_links":{"self":[{"href":"https:\/\/imais.online\/portal\/wp-json\/wp\/v2\/posts\/27339","targetHints":{"allow":["GET"]}}],"collection":[{"href":"https:\/\/imais.online\/portal\/wp-json\/wp\/v2\/posts"}],"about":[{"href":"https:\/\/imais.online\/portal\/wp-json\/wp\/v2\/types\/post"}],"author":[{"embeddable":true,"href":"https:\/\/imais.online\/portal\/wp-json\/wp\/v2\/users\/7"}],"replies":[{"embeddable":true,"href":"https:\/\/imais.online\/portal\/wp-json\/wp\/v2\/comments?post=27339"}],"version-history":[{"count":1,"href":"https:\/\/imais.online\/portal\/wp-json\/wp\/v2\/posts\/27339\/revisions"}],"predecessor-version":[{"id":27341,"href":"https:\/\/imais.online\/portal\/wp-json\/wp\/v2\/posts\/27339\/revisions\/27341"}],"wp:featuredmedia":[{"embeddable":true,"href":"https:\/\/imais.online\/portal\/wp-json\/wp\/v2\/media\/27340"}],"wp:attachment":[{"href":"https:\/\/imais.online\/portal\/wp-json\/wp\/v2\/media?parent=27339"}],"wp:term":[{"taxonomy":"category","embeddable":true,"href":"https:\/\/imais.online\/portal\/wp-json\/wp\/v2\/categories?post=27339"},{"taxonomy":"post_tag","embeddable":true,"href":"https:\/\/imais.online\/portal\/wp-json\/wp\/v2\/tags?post=27339"}],"curies":[{"name":"wp","href":"https:\/\/api.w.org\/{rel}","templated":true}]}}